{"id":177832,"date":"2019-07-04T15:31:56","date_gmt":"2019-07-04T12:31:56","guid":{"rendered":"http:\/\/www.tvturk.com\/index.php\/turk-yildizlari-of-semalarinda\/"},"modified":"2019-07-04T15:31:56","modified_gmt":"2019-07-04T12:31:56","slug":"turk-yildizlari-of-semalarinda","status":"publish","type":"post","link":"http:\/\/www.tvturk.com\/index.php\/turk-yildizlari-of-semalarinda\/","title":{"rendered":"T\u00fcrk Y\u0131ld\u0131zlar\u0131 Of semalar\u0131nda"},"content":{"rendered":"<p>T\u00fcrk Y\u0131ld\u0131zlar\u0131, Trabzon\u2019un Of il\u00e7esindeki g\u00f6sterileri nefes kesti.<\/p>\n<p>T\u00fcrk Y\u0131ld\u0131zlar\u0131 bug\u00fcn Hava Kuvvetleri Komutan\u0131 Orgeneral Hasan K\u00fc\u00e7\u00fckaky\u00fcz\u2019\u00fcn memleketi olan Of il\u00e7esinde bir g\u00f6steri ger\u00e7ekle\u015ftirirken g\u00f6steriyi y\u00fczlerce ki\u015fi b\u00fcy\u00fck bir heyecanla takip etti. Havada akrobasi hareketleri yapan T\u00fcrk Y\u0131ld\u0131zlar\u0131n\u0131n g\u00f6sterisi adeta nefesleri keserken vatanda\u015flar b\u00f6yle bir g\u00f6steriyi izlemekten son derece memnun olduklar\u0131n\u0131 s\u00f6ylediler.<\/p>\n<p>T\u00fcrk Y\u0131ld\u0131zlar\u0131, Trabzon B\u00fcy\u00fck\u015fehir Belediyesi, Ortahisar Belediyesi ve Trabzon Valili\u011finin birlikte organize etti\u011fi g\u00f6steri u\u00e7u\u015funu 7 Temmuz Pazar g\u00fcn\u00fc Ortahisar il\u00e7esinde ger\u00e7ekle\u015ftirecek. Toklu Mahallesi ile Ayasofya sahili g\u00fczergah\u0131nda yap\u0131lacak g\u00f6steri u\u00e7u\u015fu saat 14.30\u2019da ba\u015flayacak. G\u00f6steri u\u00e7u\u015fu \u00f6ncesinde sahilde mini konser etkinli\u011fi d\u00fczenlenecek.<\/p>\n","protected":false},"excerpt":{"rendered":"<p>T\u00dcRK YILDIZLARI&#8217;NIN TRABZON\u2019UN OF \u0130L\u00c7ES\u0130NDEK\u0130 G\u00d6STER\u0130LER\u0130 NEFES KEST\u0130.<\/p>\n","protected":false},"author":1,"featured_media":177833,"comment_status":"closed","ping_status":"open","sticky":false,"template":"","format":"standard","meta":{"jetpack_post_was_ever_published":false,"_jetpack_newsletter_access":"","_jetpack_dont_email_post_to_subs":false,"_jetpack_newsletter_tier_id":0,"_jetpack_memberships_contains_paywalled_content":false,"_jetpack_memberships_contains_paid_content":false,"footnotes":"","jetpack_publicize_message":"","jetpack_publicize_feature_enabled":true,"jetpack_social_post_already_shared":true,"jetpack_social_options":{"image_generator_settings":{"template":"highway","default_image_id":0,"font":"","enabled":false},"version":2}},"categories":[1],"tags":[19233,957,13549],"class_list":["post-177832","post","type-post","status-publish","format-standard","has-post-thumbnail","hentry","category-genel","tag-semalarinda","tag-turk","tag-yildizlari"],"jetpack_publicize_connections":[],"jetpack_featured_media_url":"https:\/\/i0.wp.com\/www.tvturk.com\/wp-content\/uploads\/2019\/07\/turk-yildizlari-of-semalarinda_d5353c5.jpg?fit=1000%2C666","jetpack_sharing_enabled":true,"jetpack_shortlink":"https:\/\/wp.me\/paKIfm-Kgg","_links":{"self":[{"href":"http:\/\/www.tvturk.com\/index.php\/wp-json\/wp\/v2\/posts\/177832","targetHints":{"allow":["GET"]}}],"collection":[{"href":"http:\/\/www.tvturk.com\/index.php\/wp-json\/wp\/v2\/posts"}],"about":[{"href":"http:\/\/www.tvturk.com\/index.php\/wp-json\/wp\/v2\/types\/post"}],"author":[{"embeddable":true,"href":"http:\/\/www.tvturk.com\/index.php\/wp-json\/wp\/v2\/users\/1"}],"replies":[{"embeddable":true,"href":"http:\/\/www.tvturk.com\/index.php\/wp-json\/wp\/v2\/comments?post=177832"}],"version-history":[{"count":0,"href":"http:\/\/www.tvturk.com\/index.php\/wp-json\/wp\/v2\/posts\/177832\/revisions"}],"wp:featuredmedia":[{"embeddable":true,"href":"http:\/\/www.tvturk.com\/index.php\/wp-json\/wp\/v2\/media\/177833"}],"wp:attachment":[{"href":"http:\/\/www.tvturk.com\/index.php\/wp-json\/wp\/v2\/media?parent=177832"}],"wp:term":[{"taxonomy":"category","embeddable":true,"href":"http:\/\/www.tvturk.com\/index.php\/wp-json\/wp\/v2\/categories?post=177832"},{"taxonomy":"post_tag","embeddable":true,"href":"http:\/\/www.tvturk.com\/index.php\/wp-json\/wp\/v2\/tags?post=177832"}],"curies":[{"name":"wp","href":"https:\/\/api.w.org\/{rel}","templated":true}]}}