{"id":177848,"date":"2019-07-04T16:16:07","date_gmt":"2019-07-04T13:16:07","guid":{"rendered":"http:\/\/www.tvturk.com\/index.php\/cezayirde-yeni-hukumet-icin-ordusuz-diyalog-onerisi\/"},"modified":"2019-07-04T16:16:07","modified_gmt":"2019-07-04T13:16:07","slug":"cezayirde-yeni-hukumet-icin-ordusuz-diyalog-onerisi","status":"publish","type":"post","link":"http:\/\/www.tvturk.com\/index.php\/cezayirde-yeni-hukumet-icin-ordusuz-diyalog-onerisi\/","title":{"rendered":"Cezayir\u2019de yeni h\u00fck\u00fcmet i\u00e7in \u2018ordusuz\u2019 diyalog \u00f6nerisi"},"content":{"rendered":"<p>Cezayir\u2019in ge\u00e7ici Cumhurba\u015fkan\u0131 Abdelkader Bensalah, cumhurba\u015fkanl\u0131\u011f\u0131 se\u00e7imlerine haz\u0131rlanmak i\u00e7in ne siyasi otoritelerin ne de ordunun dahil edilmeyece\u011fi bir diyalog \u00e7a\u011fr\u0131s\u0131nda bulundu.<\/p>\n<p>Yakla\u015f\u0131k 30 y\u0131ld\u0131r Abd\u00fclaziz Buteflika\u2019n\u0131n cumhurba\u015fkanl\u0131\u011f\u0131nda y\u00f6netilen Cezayir\u2019de son y\u0131llarda sa\u011fl\u0131k durumu k\u00f6t\u00fcye giden 82 ya\u015f\u0131ndaki Buteflika\u2019n\u0131n yeniden aday olmas\u0131, ordunun ise bu s\u00fcre\u00e7teki m\u00fcdahaleleri nedeniyle halk sokaklara d\u00f6k\u00fclm\u00fc\u015ft\u00fc. G\u00f6steriler devam ederken, Buteflika\u2019n\u0131n sa\u011fl\u0131k durumunu bahane ederek 2 Nisan\u2019da istifa etmesinin ard\u0131ndan yeni se\u00e7imlere kadar \u00fclkeyi y\u00f6netecek ge\u00e7ici bir h\u00fck\u00fcmet kurulmu\u015ftu. Ge\u00e7ici h\u00fck\u00fcmette cumhurba\u015fkanl\u0131\u011f\u0131 g\u00f6revine, Buteflika H\u00fck\u00fcmeti\u2019nin Meclis Ba\u015fkan\u0131 Abdelkader Bensalah 9 Nisan\u2019da getirildi.<\/p>\n<p>Bensalah, cumhurba\u015fkanl\u0131\u011f\u0131 se\u00e7imlerine haz\u0131rlanmak i\u00e7in ne siyasi otoritelerin ne de ordunun dahil edilmeyece\u011fi bir diyalog \u00e7a\u011fr\u0131s\u0131nda bulundu. Ge\u00e7ici Cumhurba\u015fkan\u0131 Bensalah d\u00fcn yapt\u0131\u011f\u0131 a\u00e7\u0131klamada, \u201cDiyalog s\u00fcreci, halk nezdinde g\u00fcvenilir, ba\u011f\u0131ms\u0131z, bir parti \u00fcyeli\u011fi veya siyasi h\u0131rslar\u0131 olmayan ulusal ki\u015filikler taraf\u0131ndan; tam ba\u011f\u0131ms\u0131z ve \u015feffaf bir \u015fekilde y\u00fcr\u00fct\u00fclecek. Askeri kurumlar da dahil olmak \u00fczere devlet, hi\u00e7bir bile\u015feni ile bu s\u00fcre\u00e7te rol almayacak, yaln\u0131zca g\u00f6zlemci olarak kat\u0131l\u0131m sa\u011flayacakt\u0131r\u201d dedi.<\/p>\n<p>\u201cGer\u00e7ek\u00e7i olmayan gereksinimler\u201d<\/p>\n<p>Bensalah yapt\u0131\u011f\u0131 a\u00e7\u0131klamalara, \u201cMevcut durumu uzatacak ve \u00fclkemizi bir belirsizlik ve istikrars\u0131zl\u0131k kayna\u011f\u0131 olan anayasal bo\u015flu\u011fa s\u00fcr\u00fckleyecek, ger\u00e7ek\u00e7i olmayan gereksinimleri bir kenara b\u0131rakman\u0131n zaman\u0131 geldi\u201d s\u00f6zleriyle devam ederken, uzla\u015f\u0131 talebinde bulundu. Ge\u00e7ici Cumhurba\u015fkan\u0131n\u0131n konu\u015fmas\u0131 g\u00f6rev s\u00fcresinin 9 Temmuz\u2019da bitmesinden hemen \u00f6nce ger\u00e7ekle\u015fti.<\/p>\n<p>Cezayir\u2019de se\u00e7imlere g\u00fcnler kalmas\u0131na ra\u011fmen yeterli say\u0131da aday bulunmamas\u0131, se\u00e7imlerin ger\u00e7ekle\u015ftirilmemesi gibi bir ihtimali do\u011furuyor. Bu nedenle Abdelkader Bensalah, herhangi bir tarih vermeden, yeni bir cumhurba\u015fkan\u0131n se\u00e7ilene kadar g\u00f6rev ve sorumluluklar\u0131n\u0131 devam ettirece\u011fini a\u00e7\u0131klad\u0131.<\/p>\n<p>Ge\u00e7ici Cumhurba\u015fkan\u0131 Bensalah, ilk diyalog \u00e7a\u011fr\u0131s\u0131n\u0131 6 Haziran tarihinde ger\u00e7ekle\u015ftirmi\u015fti. \u0130lk \u00e7a\u011fr\u0131da, t\u00fcm siyasilerin bir araya gelerek cumhurba\u015fkanl\u0131\u011f\u0131 se\u00e7iminin organize edilmesi i\u00e7in bir uzla\u015fmaya varmalar\u0131n\u0131 istedi. Ancak bu \u00e7a\u011fr\u0131 anla\u015fmazl\u0131k nedeniyle reddedildi.<\/p>\n<p>Bir\u00e7ok ki\u015fiye \u00e7a\u011fr\u0131 yap\u0131ld\u0131<\/p>\n<p>Her hafta d\u00fczenlenen rejim kar\u015f\u0131t\u0131 g\u00f6sterilerin 20\u2019ncisi bu Cumartesi g\u00fcn\u00fc Cezayir\u2019in 57. Ba\u011f\u0131ms\u0131zl\u0131k G\u00fcn\u00fc\u2019nde ger\u00e7ekle\u015ftirilecek. Ge\u00e7ici Ba\u015fkan \u00e7a\u011fr\u0131s\u0131na devam ederken, y\u00fczlerce Cezayirli g\u00f6sterici, g\u00f6sterilere b\u00fcy\u00fck bir kat\u0131l\u0131m sa\u011flanmas\u0131 i\u00e7in yurtta\u015flara \u00e7a\u011fr\u0131da bulundu.<\/p>\n","protected":false},"excerpt":{"rendered":"<p>CEZAY\u0130R&#8217;DE G\u00d6STER\u0130LER DEVAM ED\u0130YOR<\/p>\n","protected":false},"author":1,"featured_media":177849,"comment_status":"closed","ping_status":"open","sticky":false,"template":"","format":"standard","meta":{"jetpack_post_was_ever_published":false,"_jetpack_newsletter_access":"","_jetpack_dont_email_post_to_subs":false,"_jetpack_newsletter_tier_id":0,"_jetpack_memberships_contains_paywalled_content":false,"_jetpack_memberships_contains_paid_content":false,"footnotes":"","jetpack_publicize_message":"","jetpack_publicize_feature_enabled":true,"jetpack_social_post_already_shared":true,"jetpack_social_options":{"image_generator_settings":{"template":"highway","default_image_id":0,"font":"","enabled":false},"version":2}},"categories":[10],"tags":[43542,18443,1016,3563,44,4928,87],"class_list":["post-177848","post","type-post","status-publish","format-standard","has-post-thumbnail","hentry","category-dunya","tag-ordusuz","tag-cezayirde","tag-diyalog","tag-hukumet","tag-icin","tag-onerisi","tag-yeni"],"jetpack_publicize_connections":[],"jetpack_featured_media_url":"https:\/\/i0.wp.com\/www.tvturk.com\/wp-content\/uploads\/2019\/07\/cezayirde-yeni-hukumet-icin-ordusuz-diyalog-onerisi_9abfcfa.jpg?fit=1000%2C680","jetpack_sharing_enabled":true,"jetpack_shortlink":"https:\/\/wp.me\/paKIfm-Kgw","_links":{"self":[{"href":"http:\/\/www.tvturk.com\/index.php\/wp-json\/wp\/v2\/posts\/177848","targetHints":{"allow":["GET"]}}],"collection":[{"href":"http:\/\/www.tvturk.com\/index.php\/wp-json\/wp\/v2\/posts"}],"about":[{"href":"http:\/\/www.tvturk.com\/index.php\/wp-json\/wp\/v2\/types\/post"}],"author":[{"embeddable":true,"href":"http:\/\/www.tvturk.com\/index.php\/wp-json\/wp\/v2\/users\/1"}],"replies":[{"embeddable":true,"href":"http:\/\/www.tvturk.com\/index.php\/wp-json\/wp\/v2\/comments?post=177848"}],"version-history":[{"count":0,"href":"http:\/\/www.tvturk.com\/index.php\/wp-json\/wp\/v2\/posts\/177848\/revisions"}],"wp:featuredmedia":[{"embeddable":true,"href":"http:\/\/www.tvturk.com\/index.php\/wp-json\/wp\/v2\/media\/177849"}],"wp:attachment":[{"href":"http:\/\/www.tvturk.com\/index.php\/wp-json\/wp\/v2\/media?parent=177848"}],"wp:term":[{"taxonomy":"category","embeddable":true,"href":"http:\/\/www.tvturk.com\/index.php\/wp-json\/wp\/v2\/categories?post=177848"},{"taxonomy":"post_tag","embeddable":true,"href":"http:\/\/www.tvturk.com\/index.php\/wp-json\/wp\/v2\/tags?post=177848"}],"curies":[{"name":"wp","href":"https:\/\/api.w.org\/{rel}","templated":true}]}}