{"id":177898,"date":"2019-07-04T17:02:18","date_gmt":"2019-07-04T14:02:18","guid":{"rendered":"http:\/\/www.tvturk.com\/index.php\/merkez-hakem-kurulu-baskani-zekeriya-alp-oldu\/"},"modified":"2019-07-04T17:02:18","modified_gmt":"2019-07-04T14:02:18","slug":"merkez-hakem-kurulu-baskani-zekeriya-alp-oldu","status":"publish","type":"post","link":"http:\/\/www.tvturk.com\/index.php\/merkez-hakem-kurulu-baskani-zekeriya-alp-oldu\/","title":{"rendered":"Merkez Hakem Kurulu Ba\u015fkan\u0131 Zekeriya Alp oldu"},"content":{"rendered":"<p>T\u00fcrkiye Futbol Federasyonu Merkez Hakem Kurulu\u2019nun yeni Ba\u015fkan\u0131 Zekeriya Alp oldu. Alp daha \u00f6nce 2012 y\u0131l\u0131nda da MHK ba\u015fkanl\u0131\u011fa getirilmi\u015fti.<\/p>\n<p>T\u00fcrkiye Futbol Federasyonu\u2019nda yeni y\u00f6netimin g\u00f6reve gelmesinin ard\u0131ndan Merkez Hakem Kurulu\u2019nun da ba\u015f\u0131na kim getirilece\u011fi merak konusuydu. Son olarak Sabri \u00c7elik\u2019in yapt\u0131\u011f\u0131 MHK ba\u015fkanl\u0131\u011f\u0131na Zekeriya Alp getirildi. Zekeriya Alp, 2012 ile 2014 y\u0131llar\u0131 aras\u0131nda Y\u0131ld\u0131r\u0131m Demir\u00f6ren ba\u015fkanl\u0131\u011f\u0131ndaki T\u00fcrkiye Futbol Federasyonu\u2019nunda MHK ba\u015fkanl\u0131\u011f\u0131 yapm\u0131\u015ft\u0131.<\/p>\n<p>1948 do\u011fumlu olan Zekeriya Alp, futbolculuk d\u00f6neminde A Milli Futbol Tak\u0131m\u0131\u2019nda forma giyerken, Ferik\u00f6yspor ve Be\u015fikta\u015f tak\u0131mlar\u0131nda da oynad\u0131. Alp, Levent B\u0131\u00e7ak\u00e7\u0131\u2019n\u0131n TFF ba\u015fkanl\u0131\u011f\u0131 yapt\u0131\u011f\u0131 d\u00f6nemde y\u00f6netim kurulunda yer alm\u0131\u015ft\u0131.<\/p>\n","protected":false},"excerpt":{"rendered":"<p>T\u00dcRK\u0130YE FUTBOL FEDERASYONU MERKEZ HAKEM KURULU\u2019NUN YEN\u0130 BA\u015eKANI ZEKER\u0130YA ALP OLDU.<\/p>\n","protected":false},"author":1,"featured_media":177899,"comment_status":"closed","ping_status":"open","sticky":false,"template":"","format":"standard","meta":{"jetpack_post_was_ever_published":false,"_jetpack_newsletter_access":"","_jetpack_dont_email_post_to_subs":false,"_jetpack_newsletter_tier_id":0,"_jetpack_memberships_contains_paywalled_content":false,"_jetpack_memberships_contains_paid_content":false,"footnotes":"","jetpack_publicize_message":"","jetpack_publicize_feature_enabled":true,"jetpack_social_post_already_shared":true,"jetpack_social_options":{"image_generator_settings":{"template":"highway","default_image_id":0,"font":"","enabled":false},"version":2}},"categories":[657],"tags":[5314,216,1151,247,4295,77,35409],"class_list":["post-177898","post","type-post","status-publish","format-standard","has-post-thumbnail","hentry","category-spor","tag-alp","tag-baskani","tag-hakem","tag-kurulu","tag-merkez","tag-oldu","tag-zekeriya"],"jetpack_publicize_connections":[],"jetpack_featured_media_url":"https:\/\/i0.wp.com\/www.tvturk.com\/wp-content\/uploads\/2019\/07\/merkez-hakem-kurulu-baskani-zekeriya-alp-oldu_c6e83f0.jpg?fit=1000%2C761","jetpack_sharing_enabled":true,"jetpack_shortlink":"https:\/\/wp.me\/paKIfm-Khk","_links":{"self":[{"href":"http:\/\/www.tvturk.com\/index.php\/wp-json\/wp\/v2\/posts\/177898","targetHints":{"allow":["GET"]}}],"collection":[{"href":"http:\/\/www.tvturk.com\/index.php\/wp-json\/wp\/v2\/posts"}],"about":[{"href":"http:\/\/www.tvturk.com\/index.php\/wp-json\/wp\/v2\/types\/post"}],"author":[{"embeddable":true,"href":"http:\/\/www.tvturk.com\/index.php\/wp-json\/wp\/v2\/users\/1"}],"replies":[{"embeddable":true,"href":"http:\/\/www.tvturk.com\/index.php\/wp-json\/wp\/v2\/comments?post=177898"}],"version-history":[{"count":0,"href":"http:\/\/www.tvturk.com\/index.php\/wp-json\/wp\/v2\/posts\/177898\/revisions"}],"wp:featuredmedia":[{"embeddable":true,"href":"http:\/\/www.tvturk.com\/index.php\/wp-json\/wp\/v2\/media\/177899"}],"wp:attachment":[{"href":"http:\/\/www.tvturk.com\/index.php\/wp-json\/wp\/v2\/media?parent=177898"}],"wp:term":[{"taxonomy":"category","embeddable":true,"href":"http:\/\/www.tvturk.com\/index.php\/wp-json\/wp\/v2\/categories?post=177898"},{"taxonomy":"post_tag","embeddable":true,"href":"http:\/\/www.tvturk.com\/index.php\/wp-json\/wp\/v2\/tags?post=177898"}],"curies":[{"name":"wp","href":"https:\/\/api.w.org\/{rel}","templated":true}]}}