{"id":177976,"date":"2019-07-04T21:47:04","date_gmt":"2019-07-04T18:47:04","guid":{"rendered":"http:\/\/www.tvturk.com\/index.php\/eskisehirspor-polonyada-yeni-sezon-hazirliklarina-basladi\/"},"modified":"2019-07-04T21:47:04","modified_gmt":"2019-07-04T18:47:04","slug":"eskisehirspor-polonyada-yeni-sezon-hazirliklarina-basladi","status":"publish","type":"post","link":"http:\/\/www.tvturk.com\/index.php\/eskisehirspor-polonyada-yeni-sezon-hazirliklarina-basladi\/","title":{"rendered":"Eski\u015fehirspor Polonya\u2019da yeni sezon haz\u0131rl\u0131klar\u0131na ba\u015flad\u0131"},"content":{"rendered":"<p>Spor Toto 1. Lig ekiplerinden Eski\u015fehirspor, 2019-2020 sezonu \u00f6ncesinde d\u00fczenlenen kamp program\u0131 kapsam\u0131nda Polonya\u2019n\u0131n ba\u015fkenti Var\u015fova\u2019da \u00e7al\u0131\u015fmalar\u0131na ba\u015flad\u0131.<\/p>\n<p>Siyah-k\u0131rm\u0131z\u0131l\u0131 ekibin teknik patronu Fuat \u00c7apa y\u00f6netiminde ger\u00e7ekle\u015fen antrenman yakla\u015f\u0131k 90 dakika s\u00fcrd\u00fc. Core \u00e7al\u0131\u015fmas\u0131yla devam eden antrenman, dayan\u0131kl\u0131l\u0131k ko\u015fular\u0131, dar alanda oyun ve yar\u0131m sahada oynanan \u00e7ift kale ma\u00e7 ile sona erdi.<\/p>\n","protected":false},"excerpt":{"rendered":"<p>SPOR TOTO 1. L\u0130G EK\u0130PLER\u0130NDEN ESK\u0130\u015eEH\u0130RSPOR, 2019-2020 SEZONU \u00d6NCES\u0130NDE D\u00dcZENLENEN KAMP PROGRAMI KAPSAMINDA POLONYA&#8217;NIN BA\u015eKENT\u0130 VAR\u015eOVA&#8217;DA \u00c7ALI\u015eMALARINA BA\u015eLADI.<\/p>\n","protected":false},"author":1,"featured_media":177977,"comment_status":"closed","ping_status":"open","sticky":false,"template":"","format":"standard","meta":{"jetpack_post_was_ever_published":false,"_jetpack_newsletter_access":"","_jetpack_dont_email_post_to_subs":false,"_jetpack_newsletter_tier_id":0,"_jetpack_memberships_contains_paywalled_content":false,"_jetpack_memberships_contains_paid_content":false,"footnotes":"","jetpack_publicize_message":"","jetpack_publicize_feature_enabled":true,"jetpack_social_post_already_shared":true,"jetpack_social_options":{"image_generator_settings":{"template":"highway","default_image_id":0,"font":"","enabled":false},"version":2}},"categories":[657],"tags":[55,7638,778,20920,4954,87],"class_list":["post-177976","post","type-post","status-publish","format-standard","has-post-thumbnail","hentry","category-spor","tag-basladi","tag-eskisehirspor","tag-hazirliklarina","tag-polonyada","tag-sezon","tag-yeni"],"jetpack_publicize_connections":[],"jetpack_featured_media_url":"https:\/\/i0.wp.com\/www.tvturk.com\/wp-content\/uploads\/2019\/07\/eskisehirspor-polonyada-yeni-sezon-hazirliklarina-basladi_985ec49.jpg?fit=818%2C568","jetpack_sharing_enabled":true,"jetpack_shortlink":"https:\/\/wp.me\/paKIfm-KiA","_links":{"self":[{"href":"http:\/\/www.tvturk.com\/index.php\/wp-json\/wp\/v2\/posts\/177976","targetHints":{"allow":["GET"]}}],"collection":[{"href":"http:\/\/www.tvturk.com\/index.php\/wp-json\/wp\/v2\/posts"}],"about":[{"href":"http:\/\/www.tvturk.com\/index.php\/wp-json\/wp\/v2\/types\/post"}],"author":[{"embeddable":true,"href":"http:\/\/www.tvturk.com\/index.php\/wp-json\/wp\/v2\/users\/1"}],"replies":[{"embeddable":true,"href":"http:\/\/www.tvturk.com\/index.php\/wp-json\/wp\/v2\/comments?post=177976"}],"version-history":[{"count":0,"href":"http:\/\/www.tvturk.com\/index.php\/wp-json\/wp\/v2\/posts\/177976\/revisions"}],"wp:featuredmedia":[{"embeddable":true,"href":"http:\/\/www.tvturk.com\/index.php\/wp-json\/wp\/v2\/media\/177977"}],"wp:attachment":[{"href":"http:\/\/www.tvturk.com\/index.php\/wp-json\/wp\/v2\/media?parent=177976"}],"wp:term":[{"taxonomy":"category","embeddable":true,"href":"http:\/\/www.tvturk.com\/index.php\/wp-json\/wp\/v2\/categories?post=177976"},{"taxonomy":"post_tag","embeddable":true,"href":"http:\/\/www.tvturk.com\/index.php\/wp-json\/wp\/v2\/tags?post=177976"}],"curies":[{"name":"wp","href":"https:\/\/api.w.org\/{rel}","templated":true}]}}