{"id":177978,"date":"2019-07-04T21:47:08","date_gmt":"2019-07-04T18:47:08","guid":{"rendered":"http:\/\/www.tvturk.com\/index.php\/gazisehir-gaziantep-yeni-sezonun-startini-verdi\/"},"modified":"2019-07-04T21:47:08","modified_gmt":"2019-07-04T18:47:08","slug":"gazisehir-gaziantep-yeni-sezonun-startini-verdi","status":"publish","type":"post","link":"http:\/\/www.tvturk.com\/index.php\/gazisehir-gaziantep-yeni-sezonun-startini-verdi\/","title":{"rendered":"Gazi\u015fehir Gaziantep yeni sezonun start\u0131n\u0131 verdi"},"content":{"rendered":"<p>Spor Toto S\u00fcper Lig\u2019in yeni tak\u0131mlar\u0131ndan Gazi\u015fehir Gaziantep 2019-2020 sezonu haz\u0131rl\u0131klar\u0131na ba\u015flad\u0131.<\/p>\n<p>Ge\u00e7ti\u011fimiz sezonun Spor Toto 1. Lig\u2019de play-off \u015fampiyonu olarak S\u00fcper Lig\u2019e y\u00fckselen Gazi\u015fehir Gaziantep yeni sezon haz\u0131rl\u0131klar\u0131na Teknik Direkt\u00f6r Marius Sumudica y\u00f6netiminde ba\u015flad\u0131. Gazi\u015fehir Gaziantep Tesisleri\u2019nde ba\u015flayan ilk antrenmana Moussa Sow da kat\u0131ld\u0131.<\/p>\n<p>&#8220;Buras\u0131 benim ikinci vatan\u0131m&#8221;<\/p>\n<p>Antrenman \u00f6ncesi bas\u0131n mensuplar\u0131na a\u00e7\u0131klamalarda bulunan ve T\u00fcrkiye\u2019ye d\u00f6nd\u00fc\u011f\u00fc i\u00e7in mutlu oldu\u011funu dile getiren Gazi\u015fehir Gaziantep Teknik Direkt\u00f6r\u00fc Mar\u0131us Sumudica, &#8220;Tekrar T\u00fcrk futboluna d\u00f6nd\u00fc\u011f\u00fcm i\u00e7in \u00e7ok mutluyum. Buradan ayr\u0131l\u0131rken ger\u00e7ekten \u00fczg\u00fcn ayr\u0131lm\u0131\u015ft\u0131m \u00e7\u00fcnk\u00fc ba\u015far\u0131l\u0131 bir d\u00f6nemim olmu\u015ftu. O y\u00fczden \u00fczg\u00fcn ayr\u0131ld\u0131m. Burada her zaman s\u00f6yledi\u011fim gibi T\u00fcrkiye benim ikinci vatan\u0131m, ikinci \u00fclkem&#8221; dedi.<\/p>\n<p>&#8220;Ligde tek yabanc\u0131 hoca benim&#8221;<\/p>\n<p>Ligde tek yabanc\u0131 antren\u00f6r\u00fcn kendisini oldu\u011funu da s\u00f6yleyen ve transfer konusunda da a\u00e7\u0131klamalarda bulunan Sumudica, &#8220;Lige 18 tak\u0131m\u0131n i\u00e7erisinde tek yabanc\u0131 antren\u00f6r benim. Bu benim i\u00e7in kolay olmayacak. Bu y\u00fczden daha fazla sorumluk al\u0131yorum. Yeni sezon haz\u0131rl\u0131klar\u0131na da bence biraz ge\u00e7 ba\u015flad\u0131k ama toparlayaca\u011f\u0131z. Tak\u0131ma \u00e7ok y\u00fcksek seviyede oyuncular kat\u0131lmak istiyoruz. O y\u00fczden ilgilendi\u011fimiz transferlerimiz de biraz gecikiyor ister istemez. Bu noktada taraftarlar\u0131m\u0131z\u0131n sab\u0131rl\u0131 olmas\u0131n\u0131 istiyorum. Kadromuza katmak istedi\u011fimiz oyuncular Gaziantep\u2019teki okul s\u0131k\u0131nt\u0131s\u0131n\u0131 ediyor. Baz\u0131lar\u0131 \u015fehri tan\u0131mad\u0131\u011f\u0131 i\u00e7in geri duruyor. Yani \u00e7ok fazla \u015fey var ama biz y\u00fcre\u011fiyle oynayan oyuncular\u0131 buraya getirece\u011fiz. \u0130lk haz\u0131rl\u0131k kamp\u0131na kadar, yani ay\u0131n 14\u2019\u00fcne 8-10 oyuncuyla anla\u015fm\u0131\u015f olmak istiyoruz&#8221; ifadelerini kulland\u0131.<\/p>\n<p>&#8220;\u0130yi bir tak\u0131m kuraca\u011f\u0131z&#8221;<\/p>\n<p>Gaziantep ekibinde iyi bir tak\u0131m kuracaklar\u0131n\u0131 ve trib\u00fcnlerin dolaca\u011f\u0131n\u0131 da iddia eden Rumen teknik adam, &#8220;Ben taraftarlar\u0131m\u0131z i\u00e7in tak\u0131m\u0131m\u0131 her zaman kazanma \u00fczerine haz\u0131rlayaca\u011f\u0131m. Burada ilk yapmak istedi\u011fim \u015fey ise iyi bir tak\u0131m kurup taraftarlar\u0131 stada \u00e7ekmek. Buda iyi sonu\u00e7larla gelecektir. Benzer durumu Kayseri\u2019de yapm\u0131\u015ft\u0131m. \u0130lk ba\u015flad\u0131\u011f\u0131m\u0131zda ma\u00e7lar\u0131m\u0131za 5 bin taraftar geliyordu ama be\u015f ma\u00e7 sonra 25 bin taraftar oynamaya ba\u015flad\u0131k. Ayn\u0131 \u015feyi Gazi\u015fehir\u2019de de yapmak istiyorum&#8221; \u015feklinde konu\u015ftu.<\/p>\n<p>Tak\u0131m\u0131n mevcut durumu hakk\u0131nda da bilgi veren Rumen \u00e7al\u0131\u015ft\u0131r\u0131c\u0131, yapt\u0131klar\u0131n\u0131 \u00e7al\u0131\u015fmalar\u0131n ve kamplar\u0131n ard\u0131ndan kadroyu \u015fekillendireceklerini vurgulad\u0131. A\u00e7\u0131klamalar\u0131n ard\u0131ndan Gazi\u015fehir Gaziantep Sumudica y\u00f6netiminde ilk \u00e7al\u0131\u015fmas\u0131n\u0131 yapt\u0131.<\/p>\n","protected":false},"excerpt":{"rendered":"<p>SPOR TOTO S\u00dcPER L\u0130G&#8217;\u0130N YEN\u0130 TAKIMLARINDAN GAZ\u0130\u015eEH\u0130R GAZ\u0130ANTEP 2019-2020 SEZONU HAZIRLIKLARINA BA\u015eLADI.<\/p>\n","protected":false},"author":1,"featured_media":177979,"comment_status":"closed","ping_status":"open","sticky":false,"template":"","format":"standard","meta":{"jetpack_post_was_ever_published":false,"_jetpack_newsletter_access":"","_jetpack_dont_email_post_to_subs":false,"_jetpack_newsletter_tier_id":0,"_jetpack_memberships_contains_paywalled_content":false,"_jetpack_memberships_contains_paid_content":false,"footnotes":"","jetpack_publicize_message":"","jetpack_publicize_feature_enabled":true,"jetpack_social_post_already_shared":true,"jetpack_social_options":{"image_generator_settings":{"template":"highway","default_image_id":0,"font":"","enabled":false},"version":2}},"categories":[657],"tags":[372,6628,26900,2611,386,87],"class_list":["post-177978","post","type-post","status-publish","format-standard","has-post-thumbnail","hentry","category-spor","tag-gaziantep","tag-gazisehir","tag-sezonun","tag-startini","tag-verdi","tag-yeni"],"jetpack_publicize_connections":[],"jetpack_featured_media_url":"https:\/\/i0.wp.com\/www.tvturk.com\/wp-content\/uploads\/2019\/07\/gazisehir-gaziantep-yeni-sezonun-startini-verdi_36ecb9b.jpg?fit=1000%2C666","jetpack_sharing_enabled":true,"jetpack_shortlink":"https:\/\/wp.me\/paKIfm-KiC","_links":{"self":[{"href":"http:\/\/www.tvturk.com\/index.php\/wp-json\/wp\/v2\/posts\/177978","targetHints":{"allow":["GET"]}}],"collection":[{"href":"http:\/\/www.tvturk.com\/index.php\/wp-json\/wp\/v2\/posts"}],"about":[{"href":"http:\/\/www.tvturk.com\/index.php\/wp-json\/wp\/v2\/types\/post"}],"author":[{"embeddable":true,"href":"http:\/\/www.tvturk.com\/index.php\/wp-json\/wp\/v2\/users\/1"}],"replies":[{"embeddable":true,"href":"http:\/\/www.tvturk.com\/index.php\/wp-json\/wp\/v2\/comments?post=177978"}],"version-history":[{"count":0,"href":"http:\/\/www.tvturk.com\/index.php\/wp-json\/wp\/v2\/posts\/177978\/revisions"}],"wp:featuredmedia":[{"embeddable":true,"href":"http:\/\/www.tvturk.com\/index.php\/wp-json\/wp\/v2\/media\/177979"}],"wp:attachment":[{"href":"http:\/\/www.tvturk.com\/index.php\/wp-json\/wp\/v2\/media?parent=177978"}],"wp:term":[{"taxonomy":"category","embeddable":true,"href":"http:\/\/www.tvturk.com\/index.php\/wp-json\/wp\/v2\/categories?post=177978"},{"taxonomy":"post_tag","embeddable":true,"href":"http:\/\/www.tvturk.com\/index.php\/wp-json\/wp\/v2\/tags?post=177978"}],"curies":[{"name":"wp","href":"https:\/\/api.w.org\/{rel}","templated":true}]}}