{"id":177986,"date":"2019-07-04T23:32:14","date_gmt":"2019-07-04T20:32:14","guid":{"rendered":"http:\/\/www.tvturk.com\/index.php\/vedat-muriqi-kulubumden-ayrilmama-karari-aldim\/"},"modified":"2019-07-04T23:32:14","modified_gmt":"2019-07-04T20:32:14","slug":"vedat-muriqi-kulubumden-ayrilmama-karari-aldim","status":"publish","type":"post","link":"http:\/\/www.tvturk.com\/index.php\/vedat-muriqi-kulubumden-ayrilmama-karari-aldim\/","title":{"rendered":"Vedat Muriqi: \u201cKul\u00fcb\u00fcmden ayr\u0131lmama karar\u0131 ald\u0131m\u201d"},"content":{"rendered":"<p>Galatasaray ve Fenerbah\u00e7e\u2019nin transfer listesinde bulunan \u00c7aykur Rizespor\u2019un golc\u00fc oyuncusu Vedat Muriqi, \u201c\u00c7aykur Rizespor ile devam eden s\u00f6zle\u015fmemin biti\u015f tarihine kadar kul\u00fcb\u00fcmden ayr\u0131lmama karar\u0131 ald\u0131m\u201d dedi.<\/p>\n<p>Bir s\u00fcredir transfer g\u00fcndeminin ilk s\u0131ralar\u0131nda yer alan \u00c7aykur Rizesporlu golc\u00fc oyuncu Vedat Muriqi, kul\u00fcb\u00fcnde kal\u0131yor. Ba\u015far\u0131l\u0131 oyuncu, sosyal medya hesab\u0131ndan transferiyle ilgili son noktay\u0131 koyarak \u015fu a\u00e7\u0131klamay\u0131 yapt\u0131:<\/p>\n<p>\u201cBug\u00fcn ak\u015fam saatlerinde kul\u00fcp ba\u015fkan\u0131m Say\u0131n Hasan Kartal ile ger\u00e7ekle\u015fen telefon g\u00f6r\u00fc\u015fmemiz de, transferim ile ilgili tercihlerimizin ayr\u0131 kalmas\u0131 ve g\u00f6r\u00fc\u015f ayr\u0131l\u0131klar\u0131m\u0131z\u0131n olmas\u0131 sebebi ile  s\u00fcrecin \u015fahs\u0131m\u0131 daha fazla y\u0131pratmamas\u0131 ad\u0131na \u00c7aykur Rizespor ile devam eden s\u00f6zle\u015fmemin biti\u015f tarihine kadar kul\u00fcb\u00fcmden ayr\u0131lmama karar\u0131 ald\u0131m. Spor kamuoyuna sayg\u0131lar\u0131mla.\u201d<\/p>\n","protected":false},"excerpt":{"rendered":"<p>GALATASARAY VE FENERBAH\u00c7E\u2019N\u0130N TRANSFER L\u0130STES\u0130NDE BULUNAN \u00c7AYKUR R\u0130ZESPOR\u2019UN GOLC\u00dc OYUNCUSU VEDAT MUR\u0130Q\u0130, \u201c\u00c7AYKUR R\u0130ZESPOR \u0130LE DEVAM EDEN S\u00d6ZLE\u015eMEM\u0130N B\u0130T\u0130\u015e TAR\u0130H\u0130NE KADAR KUL\u00dcB\u00dcMDEN AYRILMAMA KARARI ALDIM\u201d DED\u0130.<\/p>\n","protected":false},"author":1,"featured_media":177987,"comment_status":"closed","ping_status":"open","sticky":false,"template":"","format":"standard","meta":{"jetpack_post_was_ever_published":false,"_jetpack_newsletter_access":"","_jetpack_dont_email_post_to_subs":false,"_jetpack_newsletter_tier_id":0,"_jetpack_memberships_contains_paywalled_content":false,"_jetpack_memberships_contains_paid_content":false,"footnotes":"","jetpack_publicize_message":"","jetpack_publicize_feature_enabled":true,"jetpack_social_post_already_shared":true,"jetpack_social_options":{"image_generator_settings":{"template":"highway","default_image_id":0,"font":"","enabled":false},"version":2}},"categories":[657],"tags":[43584,14120,43585,2832,43583,9063],"class_list":["post-177986","post","type-post","status-publish","format-standard","has-post-thumbnail","hentry","category-spor","tag-kulubumden","tag-aldim","tag-ayrilmama","tag-karari","tag-muriqi","tag-vedat"],"jetpack_publicize_connections":[],"jetpack_featured_media_url":"https:\/\/i0.wp.com\/www.tvturk.com\/wp-content\/uploads\/2019\/07\/vedat-muriqi-kulubumden-ayrilmama-karari-aldim_01f834f.jpg?fit=574%2C431","jetpack_sharing_enabled":true,"jetpack_shortlink":"https:\/\/wp.me\/paKIfm-KiK","_links":{"self":[{"href":"http:\/\/www.tvturk.com\/index.php\/wp-json\/wp\/v2\/posts\/177986","targetHints":{"allow":["GET"]}}],"collection":[{"href":"http:\/\/www.tvturk.com\/index.php\/wp-json\/wp\/v2\/posts"}],"about":[{"href":"http:\/\/www.tvturk.com\/index.php\/wp-json\/wp\/v2\/types\/post"}],"author":[{"embeddable":true,"href":"http:\/\/www.tvturk.com\/index.php\/wp-json\/wp\/v2\/users\/1"}],"replies":[{"embeddable":true,"href":"http:\/\/www.tvturk.com\/index.php\/wp-json\/wp\/v2\/comments?post=177986"}],"version-history":[{"count":0,"href":"http:\/\/www.tvturk.com\/index.php\/wp-json\/wp\/v2\/posts\/177986\/revisions"}],"wp:featuredmedia":[{"embeddable":true,"href":"http:\/\/www.tvturk.com\/index.php\/wp-json\/wp\/v2\/media\/177987"}],"wp:attachment":[{"href":"http:\/\/www.tvturk.com\/index.php\/wp-json\/wp\/v2\/media?parent=177986"}],"wp:term":[{"taxonomy":"category","embeddable":true,"href":"http:\/\/www.tvturk.com\/index.php\/wp-json\/wp\/v2\/categories?post=177986"},{"taxonomy":"post_tag","embeddable":true,"href":"http:\/\/www.tvturk.com\/index.php\/wp-json\/wp\/v2\/tags?post=177986"}],"curies":[{"name":"wp","href":"https:\/\/api.w.org\/{rel}","templated":true}]}}