{"id":178046,"date":"2019-07-05T10:16:41","date_gmt":"2019-07-05T07:16:41","guid":{"rendered":"http:\/\/www.tvturk.com\/index.php\/yok-olma-tehlikesi-bulunan-meyveler-artik-koruma-altinda\/"},"modified":"2019-07-05T10:16:41","modified_gmt":"2019-07-05T07:16:41","slug":"yok-olma-tehlikesi-bulunan-meyveler-artik-koruma-altinda","status":"publish","type":"post","link":"http:\/\/www.tvturk.com\/index.php\/yok-olma-tehlikesi-bulunan-meyveler-artik-koruma-altinda\/","title":{"rendered":"Yok olma tehlikesi bulunan meyveler art\u0131k koruma alt\u0131nda"},"content":{"rendered":"<p>Van Tar\u0131m ve Orman M\u00fcd\u00fcrl\u00fc\u011f\u00fc ile Van Y\u00fcz\u00fcnc\u00fc Y\u0131l \u00dcniversitesi (Van YY\u00dc) Ziraat Fak\u00fcltesi, \u00fcretimi yap\u0131lmad\u0131\u011f\u0131 i\u00e7in kaybolma tehlikesiyle kar\u015f\u0131 kar\u015f\u0131ya kalan meyvelerin korunmas\u0131 amac\u0131yla olu\u015fturulan serada g\u00f6z a\u015f\u0131s\u0131 yap\u0131yor.<\/p>\n<p>Van Tar\u0131m ve Orman M\u00fcd\u00fcrl\u00fc\u011f\u00fc ile Van YY\u00dc Ziraat Fak\u00fcltesi taraf\u0131ndan, ge\u00e7mi\u015ften bu yana yeti\u015ftirilen ancak kesilerek ve imara a\u00e7\u0131lan yerler nedeniyle yok olmaya y\u00fcz tutmu\u015f 16 meyvenin gen kaynaklar\u0131 koruma alt\u0131na al\u0131nd\u0131. \u00dcniversite yerle\u015fkesinde olu\u015fturulan serada mellaki armutu, kadife kay\u0131s\u0131, al\u00e7a erik, cebegirmez, ek\u015fi elma, bey elmas\u0131, aslik ve pamuk elma gibi 16\u2019ya yak\u0131n t\u00fcre g\u00f6z a\u015f\u0131s\u0131 yap\u0131ld\u0131.  Proje neticesinde serada elde edilen fidanlar\u0131n b\u00fcy\u00fck \u00e7o\u011funlu\u011fu vatanda\u015fa \u00fccretsiz da\u011f\u0131t\u0131lacak, bir k\u0131sm\u0131 ise Ziraat Fak\u00fcltesinde dam\u0131zl\u0131k bah\u00e7esine d\u00f6n\u00fc\u015ft\u00fcr\u00fclecek.<\/p>\n<p>\u0130HA muhabirine konu\u015fan Tar\u0131m ve Orman \u0130l M\u00fcd\u00fcr\u00fc \u0130brahim G\u00f6renta\u015f, yok olma tehlikesiyle kar\u015f\u0131 kar\u015f\u0131ya olan meyve ve sebzeleri koruma alt\u0131na ald\u0131klar\u0131n\u0131 belirtti. \u00c7\u00f6\u011f\u00fcr ve kalemlere g\u00f6z a\u015f\u0131s\u0131 yaparak fide haline getirdikten sonra vatanda\u015fa \u00fccretsiz bir \u015fekilde da\u011f\u0131tacaklar\u0131n\u0131 ifade eden G\u00f6renta\u015f, \u201c2017 y\u0131l\u0131nda ba\u015flatm\u0131\u015f oldu\u011fumuz yerel meyve \u00e7e\u015fitlerinin korunmas\u0131 projesi kapsam\u0131nda, \u00fcniversiteyle berber kurdu\u011fumuz serada \u015fu an ba\u015fka bir a\u015famaya ge\u00e7tik. Daha \u00f6nce getirmi\u015f oldu\u011fumuz \u00e7\u00f6\u011f\u00fcr ve kalemlere g\u00f6z a\u015f\u0131s\u0131 yaparak fide haline getirip vatanda\u015f\u0131m\u0131za da\u011f\u0131taca\u011f\u0131z. \u00d6n\u00fcm\u00fczdeki y\u0131ldan itibaren talep eden vatanda\u015flar\u0131m\u0131za \u00fccretsiz olarak da\u011f\u0131t\u0131lacakt\u0131r. Ondan sonraki s\u00fcre\u00e7te 3-4 y\u0131l i\u00e7inde meyvesini vermeye ba\u015flayacakt\u0131r. Devam\u0131nda vatanda\u015f\u0131n mevcut bah\u00e7elerine de g\u00f6z a\u015f\u0131s\u0131 yaparak oradaki yerel meyve \u00e7e\u015fitlerini, \u00e7e\u015fitlendirmi\u015f oluyoruz\u201d dedi.<\/p>\n<p>\u201cFidanlar dam\u0131zl\u0131k bah\u00e7esine d\u00f6n\u00fc\u015fecek\u201d<\/p>\n<p>Elde edilen fidanlarla dam\u0131zl\u0131k bah\u00e7esi olu\u015fturmay\u0131 hedeflediklerini dile getiren Van YY\u00dc Ziraat Fak\u00fcltesi Dekan Yard\u0131mc\u0131s\u0131 Do\u00e7. Dr. \u00d6smetullah Arvas ise \u201cYY\u00dc Tar\u0131m Fak\u00fcltesi ile Tar\u0131m ve Orman \u0130l M\u00fcd\u00fcrl\u00fc\u011f\u00fcn\u00fcn ortakla\u015fa y\u00fcr\u00fctt\u00fc\u011f\u00fc bir \u00e7al\u0131\u015fmad\u0131r. Bu \u00e7al\u0131\u015fman\u0131n temel amac\u0131 Van y\u00f6resinde kaybolmakta olan meyve cinslerinin genetik kaynaklar\u0131n\u0131n korunmas\u0131 kapsam\u0131nda yap\u0131lan bir \u00e7al\u0131\u015fmad\u0131r. Bu \u00e7al\u0131\u015fmadan elde edilecek fidanlar Ziraat Fak\u00fcltesinde bir dam\u0131zl\u0131k bah\u00e7esine d\u00f6n\u00fc\u015fecektir. Fidanlar\u0131n b\u00fcy\u00fck bir \u00e7o\u011funlu\u011fu da Tar\u0131m ve Orman \u0130l M\u00fcd\u00fcrl\u00fc\u011f\u00fcm\u00fcz \u00e7ift\u00e7ilere da\u011f\u0131tacakt\u0131r. Tek amac\u0131m\u0131z dam\u0131zl\u0131k bah\u00e7esi kurmak de\u011fildir. Ziraat Fak\u00fcltesi \u00f6\u011frencilerimize g\u00fczel bir uygulama seras\u0131 elde etmekti\u201d diye konu\u015ftu.<\/p>\n","protected":false},"excerpt":{"rendered":"<p>VAN TARIM VE ORMAN M\u00dcD\u00dcRL\u00dc\u011e\u00dc \u0130LE VAN YY\u00dc Z\u0130RAAT FAK\u00dcLTES\u0130 TARAFINDAN GE\u00c7M\u0130\u015eTEN BU YANA YET\u0130\u015eT\u0130R\u0130LEN, ANCAK KES\u0130LEREK VE \u0130MARA A\u00c7ILAN YERLER NEDEN\u0130YLE YOK OLMAYA Y\u00dcZ TUTMU\u015e 16 MEYVEN\u0130N GEN KAYNAKLARI KORUMA ALTINA ALINDI.<\/p>\n","protected":false},"author":1,"featured_media":178047,"comment_status":"closed","ping_status":"open","sticky":false,"template":"","format":"standard","meta":{"jetpack_post_was_ever_published":false,"_jetpack_newsletter_access":"","_jetpack_dont_email_post_to_subs":false,"_jetpack_newsletter_tier_id":0,"_jetpack_memberships_contains_paywalled_content":false,"_jetpack_memberships_contains_paid_content":false,"footnotes":"","jetpack_publicize_message":"","jetpack_publicize_feature_enabled":true,"jetpack_social_post_already_shared":true,"jetpack_social_options":{"image_generator_settings":{"template":"highway","default_image_id":0,"font":"","enabled":false},"version":2}},"categories":[1],"tags":[3114,2058,1834,1185,13998,6336,11501,664],"class_list":["post-178046","post","type-post","status-publish","format-standard","has-post-thumbnail","hentry","category-genel","tag-altinda","tag-artik","tag-bulunan","tag-koruma","tag-meyveler","tag-olma","tag-tehlikesi","tag-yok"],"jetpack_publicize_connections":[],"jetpack_featured_media_url":"https:\/\/i0.wp.com\/www.tvturk.com\/wp-content\/uploads\/2019\/07\/yok-olma-tehlikesi-bulunan-meyveler-artik-koruma-altinda_f19176d.jpg?fit=1000%2C666","jetpack_sharing_enabled":true,"jetpack_shortlink":"https:\/\/wp.me\/paKIfm-KjI","_links":{"self":[{"href":"http:\/\/www.tvturk.com\/index.php\/wp-json\/wp\/v2\/posts\/178046","targetHints":{"allow":["GET"]}}],"collection":[{"href":"http:\/\/www.tvturk.com\/index.php\/wp-json\/wp\/v2\/posts"}],"about":[{"href":"http:\/\/www.tvturk.com\/index.php\/wp-json\/wp\/v2\/types\/post"}],"author":[{"embeddable":true,"href":"http:\/\/www.tvturk.com\/index.php\/wp-json\/wp\/v2\/users\/1"}],"replies":[{"embeddable":true,"href":"http:\/\/www.tvturk.com\/index.php\/wp-json\/wp\/v2\/comments?post=178046"}],"version-history":[{"count":0,"href":"http:\/\/www.tvturk.com\/index.php\/wp-json\/wp\/v2\/posts\/178046\/revisions"}],"wp:featuredmedia":[{"embeddable":true,"href":"http:\/\/www.tvturk.com\/index.php\/wp-json\/wp\/v2\/media\/178047"}],"wp:attachment":[{"href":"http:\/\/www.tvturk.com\/index.php\/wp-json\/wp\/v2\/media?parent=178046"}],"wp:term":[{"taxonomy":"category","embeddable":true,"href":"http:\/\/www.tvturk.com\/index.php\/wp-json\/wp\/v2\/categories?post=178046"},{"taxonomy":"post_tag","embeddable":true,"href":"http:\/\/www.tvturk.com\/index.php\/wp-json\/wp\/v2\/tags?post=178046"}],"curies":[{"name":"wp","href":"https:\/\/api.w.org\/{rel}","templated":true}]}}