{"id":178110,"date":"2019-07-05T11:31:58","date_gmt":"2019-07-05T08:31:58","guid":{"rendered":"http:\/\/www.tvturk.com\/index.php\/turkiyenin-plastik-atik-ithalati-bes-kat-artti\/"},"modified":"2019-07-05T11:31:58","modified_gmt":"2019-07-05T08:31:58","slug":"turkiyenin-plastik-atik-ithalati-bes-kat-artti","status":"publish","type":"post","link":"http:\/\/www.tvturk.com\/index.php\/turkiyenin-plastik-atik-ithalati-bes-kat-artti\/","title":{"rendered":"T\u00fcrkiye\u2019nin plastik at\u0131k ithalat\u0131 be\u015f kat artt\u0131"},"content":{"rendered":"<p>T\u00fcrkiye\u2019deki plastik at\u0131k ithalat\u0131 2016 y\u0131l\u0131n\u0131n ba\u015f\u0131nda 4 bin ton olurken,  2018 ba\u015f\u0131nda ayl\u0131k 33 bin tona y\u00fckseldi. Ayn\u0131 y\u0131l\u0131n ortalar\u0131nda ayl\u0131k 20 bin tona gerileyen plastik at\u0131k ithalat\u0131 son iki y\u0131l i\u00e7erisinde 5 kat art\u0131\u015f g\u00f6sterdi. T\u00fcrkiye\u2019ye en fazla plastik at\u0131k ihra\u00e7 eden \u00fclkeler ise s\u0131ras\u0131yla, \u0130ngiltere, Bel\u00e7ika, Almanya, ABD, Hollanda, \u0130spanya, \u0130talya, Slovenya, Fransa ve Japonya oldu.<\/p>\n<p>Medya takip ve raporlama ajans\u0131 PRNet, plastik at\u0131k ithalat\u0131na y\u00f6nelik yap\u0131lan raporu inceledi. PRNet\u2019in Greenpeace verilerinden ve medya yans\u0131malar\u0131ndan derledi\u011fi bilgilere g\u00f6re, T\u00fcrkiye\u2019deki plastik at\u0131k ithalat\u0131n\u0131n \u00c7in\u2019deki plastik at\u0131k ithalat\u0131 yasa\u011f\u0131ndan sonra y\u00fckseli\u015f g\u00f6sterdi\u011fi g\u00f6zlemlendi. At\u0131k ithalat\u0131 2016 y\u0131l\u0131n\u0131n ba\u015f\u0131nda ayl\u0131k 4 bin ton iken 2018 y\u0131l\u0131n\u0131n ba\u015f\u0131nda 33 bin ton oldu\u011fu ve ayn\u0131 y\u0131l\u0131n orta aylar\u0131nda 20 bin tona gerileyip sabit kald\u0131\u011f\u0131 saptand\u0131.<\/p>\n<p>T\u00fcrkiye\u2019de plastik at\u0131k ithalat\u0131n\u0131n 10 bin tonluk k\u0131sm\u0131 \u0130ngiltere\u2019den gelirken, \u00c7in\u2019de ba\u015flayan yasaklarla birlikte, Malezya, Vietnam ve Tayland\u2019\u0131n k\u0131s\u0131tlamalar\u0131n\u0131n ard\u0131ndan T\u00fcrkiye ile birlikte Endonezya ve Hindistan\u2019da da ithalat\u0131n y\u00fcksek miktarda art\u0131\u015f\u0131na sebep oldu\u011fu belirlendi.<\/p>\n<p>PRNet ve Ajans Press\u2019in ger\u00e7ekle\u015ftirdi\u011fi medya ara\u015ft\u0131rmas\u0131nda, konu ile ilgili yaz\u0131l\u0131 bas\u0131na yans\u0131yan haber adetleri de belli oldu. 2018 y\u0131l\u0131ndan bug\u00fcne plastik at\u0131k ithalat\u0131 ile alakal\u0131 bin 565 haber \u00e7\u0131k\u0131\u015f\u0131 tespit edilirken, plastik at\u0131k ithalat\u0131n\u0131n medyan\u0131n da g\u00fcndeminde yer ald\u0131\u011f\u0131 g\u00f6r\u00fcld\u00fc.<\/p>\n","protected":false},"excerpt":{"rendered":"<p>T\u00dcRK\u0130YE\u2019DEK\u0130 PLAST\u0130K ATIK \u0130THALATI 2016 YILININ BA\u015eINDA 4 B\u0130N TON OLURKEN, 2018 BA\u015eINDA AYLIK 33 B\u0130N TONA Y\u00dcKSELD\u0130.<\/p>\n","protected":false},"author":1,"featured_media":178111,"comment_status":"closed","ping_status":"open","sticky":false,"template":"","format":"standard","meta":{"jetpack_post_was_ever_published":false,"_jetpack_newsletter_access":"","_jetpack_dont_email_post_to_subs":false,"_jetpack_newsletter_tier_id":0,"_jetpack_memberships_contains_paywalled_content":false,"_jetpack_memberships_contains_paid_content":false,"footnotes":"","jetpack_publicize_message":"","jetpack_publicize_feature_enabled":true,"jetpack_social_post_already_shared":true,"jetpack_social_options":{"image_generator_settings":{"template":"highway","default_image_id":0,"font":"","enabled":false},"version":2}},"categories":[1],"tags":[2929,4512,7278,12976,12539,3156,177],"class_list":["post-178110","post","type-post","status-publish","format-standard","has-post-thumbnail","hentry","category-genel","tag-artti","tag-atik","tag-bes","tag-ithalati","tag-kat","tag-plastik","tag-turkiyenin"],"jetpack_publicize_connections":[],"jetpack_featured_media_url":"https:\/\/i0.wp.com\/www.tvturk.com\/wp-content\/uploads\/2019\/07\/turkiyenin-plastik-atik-ithalati-bes-kat-artti_c28c52d.jpg?fit=800%2C535","jetpack_sharing_enabled":true,"jetpack_shortlink":"https:\/\/wp.me\/paKIfm-KkK","_links":{"self":[{"href":"http:\/\/www.tvturk.com\/index.php\/wp-json\/wp\/v2\/posts\/178110","targetHints":{"allow":["GET"]}}],"collection":[{"href":"http:\/\/www.tvturk.com\/index.php\/wp-json\/wp\/v2\/posts"}],"about":[{"href":"http:\/\/www.tvturk.com\/index.php\/wp-json\/wp\/v2\/types\/post"}],"author":[{"embeddable":true,"href":"http:\/\/www.tvturk.com\/index.php\/wp-json\/wp\/v2\/users\/1"}],"replies":[{"embeddable":true,"href":"http:\/\/www.tvturk.com\/index.php\/wp-json\/wp\/v2\/comments?post=178110"}],"version-history":[{"count":0,"href":"http:\/\/www.tvturk.com\/index.php\/wp-json\/wp\/v2\/posts\/178110\/revisions"}],"wp:featuredmedia":[{"embeddable":true,"href":"http:\/\/www.tvturk.com\/index.php\/wp-json\/wp\/v2\/media\/178111"}],"wp:attachment":[{"href":"http:\/\/www.tvturk.com\/index.php\/wp-json\/wp\/v2\/media?parent=178110"}],"wp:term":[{"taxonomy":"category","embeddable":true,"href":"http:\/\/www.tvturk.com\/index.php\/wp-json\/wp\/v2\/categories?post=178110"},{"taxonomy":"post_tag","embeddable":true,"href":"http:\/\/www.tvturk.com\/index.php\/wp-json\/wp\/v2\/tags?post=178110"}],"curies":[{"name":"wp","href":"https:\/\/api.w.org\/{rel}","templated":true}]}}