{"id":178144,"date":"2019-07-05T12:16:31","date_gmt":"2019-07-05T09:16:31","guid":{"rendered":"http:\/\/www.tvturk.com\/index.php\/ozel-olta-balikcilarinin-yuzu-bu-kez-guldu\/"},"modified":"2019-07-05T12:16:31","modified_gmt":"2019-07-05T09:16:31","slug":"ozel-olta-balikcilarinin-yuzu-bu-kez-guldu","status":"publish","type":"post","link":"http:\/\/www.tvturk.com\/index.php\/ozel-olta-balikcilarinin-yuzu-bu-kez-guldu\/","title":{"rendered":"(\u00d6zel) Olta bal\u0131k\u00e7\u0131lar\u0131n\u0131n y\u00fcz\u00fc bu kez g\u00fcld\u00fc"},"content":{"rendered":"<p>D\u00fczce\u2019nin denize a\u00e7\u0131lan kap\u0131s\u0131 Ak\u00e7akoca\u2019da olta bal\u0131k\u00e7\u0131lar\u0131 kovalar\u0131n\u0131 doldurdu.<\/p>\n<p>Hafta sonunda dalgalara teslim olan Karadeniz en \u00e7ok oltac\u0131lar\u0131 vurmu\u015ftu. Dalgalar nedeniyle bal\u0131k yakalayamayan bal\u0131k\u00e7\u0131lar elleri ve kovalar\u0131 bo\u015f olarak evlerine d\u00f6nmek zorunda kalm\u0131\u015flard\u0131. Ancak hafta i\u00e7inde Karadeniz\u2019de durgunlu\u011fa b\u00fcr\u00fcnd\u00fc. Bu durgunluktan faydalanan oltac\u0131larda oltalar\u0131n\u0131 Karadeniz\u2019e att\u0131lar. Bal\u0131k\u00e7\u0131larda bal\u0131klarla dolu kovalarla evlerine d\u00f6nd\u00fcler.<\/p>\n<p>Baz\u0131 vatanda\u015flarda bal\u0131k\u00e7\u0131lar\u0131n oltalar\u0131nda g\u00f6rd\u00fckleri bal\u0131klar\u0131n ard\u0131ndan bal\u0131k tutma merak\u0131na girdiler. Merakl\u0131 vatanda\u015flar\u0131n da yard\u0131m\u0131na yine oltayla bal\u0131k avlayan bal\u0131k\u00e7\u0131lar yeti\u015fti.<\/p>\n","protected":false},"excerpt":{"rendered":"<p>D\u00dcZCE\u2019N\u0130N DEN\u0130ZE A\u00c7ILAN KAPISI AK\u00c7AKOCA\u2019DA OLTA BALIK\u00c7ILARI KOVALARINI DOLDURDU.<\/p>\n","protected":false},"author":1,"featured_media":178145,"comment_status":"closed","ping_status":"open","sticky":false,"template":"","format":"standard","meta":{"jetpack_post_was_ever_published":false,"_jetpack_newsletter_access":"","_jetpack_dont_email_post_to_subs":false,"_jetpack_newsletter_tier_id":0,"_jetpack_memberships_contains_paywalled_content":false,"_jetpack_memberships_contains_paid_content":false,"footnotes":"","jetpack_publicize_message":"","jetpack_publicize_feature_enabled":true,"jetpack_social_post_already_shared":true,"jetpack_social_options":{"image_generator_settings":{"template":"highway","default_image_id":0,"font":"","enabled":false},"version":2}},"categories":[1],"tags":[1073,43645,6974,1497,27155,3937],"class_list":["post-178144","post","type-post","status-publish","format-standard","has-post-thumbnail","hentry","category-genel","tag-ozel","tag-balikcilarinin","tag-guldu","tag-kez","tag-olta","tag-yuzu"],"jetpack_publicize_connections":[],"jetpack_featured_media_url":"https:\/\/i0.wp.com\/www.tvturk.com\/wp-content\/uploads\/2019\/07\/ozel-olta-balikcilarinin-yuzu-bu-kez-guldu_cbbf4cc.jpg?fit=1000%2C511","jetpack_sharing_enabled":true,"jetpack_shortlink":"https:\/\/wp.me\/paKIfm-Kli","_links":{"self":[{"href":"http:\/\/www.tvturk.com\/index.php\/wp-json\/wp\/v2\/posts\/178144","targetHints":{"allow":["GET"]}}],"collection":[{"href":"http:\/\/www.tvturk.com\/index.php\/wp-json\/wp\/v2\/posts"}],"about":[{"href":"http:\/\/www.tvturk.com\/index.php\/wp-json\/wp\/v2\/types\/post"}],"author":[{"embeddable":true,"href":"http:\/\/www.tvturk.com\/index.php\/wp-json\/wp\/v2\/users\/1"}],"replies":[{"embeddable":true,"href":"http:\/\/www.tvturk.com\/index.php\/wp-json\/wp\/v2\/comments?post=178144"}],"version-history":[{"count":0,"href":"http:\/\/www.tvturk.com\/index.php\/wp-json\/wp\/v2\/posts\/178144\/revisions"}],"wp:featuredmedia":[{"embeddable":true,"href":"http:\/\/www.tvturk.com\/index.php\/wp-json\/wp\/v2\/media\/178145"}],"wp:attachment":[{"href":"http:\/\/www.tvturk.com\/index.php\/wp-json\/wp\/v2\/media?parent=178144"}],"wp:term":[{"taxonomy":"category","embeddable":true,"href":"http:\/\/www.tvturk.com\/index.php\/wp-json\/wp\/v2\/categories?post=178144"},{"taxonomy":"post_tag","embeddable":true,"href":"http:\/\/www.tvturk.com\/index.php\/wp-json\/wp\/v2\/tags?post=178144"}],"curies":[{"name":"wp","href":"https:\/\/api.w.org\/{rel}","templated":true}]}}