{"id":178148,"date":"2019-07-05T12:16:41","date_gmt":"2019-07-05T09:16:41","guid":{"rendered":"http:\/\/www.tvturk.com\/index.php\/leylekler-vadisinde-artik-leylekler-elektrik-tellerine-takilarak-olmeyecek\/"},"modified":"2019-07-05T12:16:41","modified_gmt":"2019-07-05T09:16:41","slug":"leylekler-vadisinde-artik-leylekler-elektrik-tellerine-takilarak-olmeyecek","status":"publish","type":"post","link":"http:\/\/www.tvturk.com\/index.php\/leylekler-vadisinde-artik-leylekler-elektrik-tellerine-takilarak-olmeyecek\/","title":{"rendered":"Leylekler Vadisi\u2019nde art\u0131k leylekler elektrik tellerine tak\u0131larak \u00f6lmeyecek"},"content":{"rendered":"<p>Konya\u2019n\u0131n Bey\u015fehir il\u00e7esindeki Leylekler Vadisi\u2019nde yaz d\u00f6nemini ge\u00e7iren leylekler, havai enerji hatlar\u0131na ak\u0131m verilmesinden vazge\u00e7ilmesi sayesinde art\u0131k elektrik tellerine tak\u0131larak \u00f6lmeyecek.<\/p>\n<p>Do\u011fal Denge Derne\u011fi Proje Koordinat\u00f6r\u00fc Sezer G\u00f6ktan, dernek olarak Bey\u015fehir il\u00e7esinde hayata ge\u00e7irdikleri projelerden bir tanesinin de y\u00f6redeki leylek \u00f6l\u00fcmlerinin bundan sonra olmamas\u0131 oldu\u011funu ifade etti. Bey\u015fehir\u2019de 4 y\u0131l \u00f6nce Birle\u015fmi\u015f Milletler\u2019in GEF K\u00fc\u00e7\u00fck \u0130vmeler Program\u0131\u2019ndan y\u00f6re ile ilgili bir projeye dahil olduklar\u0131n\u0131 belirten G\u00f6ktan, \u201cProje kapsam\u0131nda bu alanda bir ekoturizmin ba\u015flat\u0131lmas\u0131na y\u00f6nelik \u00e7al\u0131\u015fmalar ba\u015flatt\u0131k. Bu projede belli bir a\u015fama kaydettikten sonra 2018 y\u0131l\u0131n\u0131n Kas\u0131m ay\u0131nda yine ayn\u0131 hibe program\u0131ndan dernek olarak yeniden bir proje ald\u0131k. \u0130lk projenin devam\u0131 olarak da bu projeyi de \u015fekillendirdik. Y\u00fcr\u00fctmekte oldu\u011fumuz projenin i\u00e7inde iki ayr\u0131 bile\u015fen var. Bir tanesi leyleklerin korunmas\u0131, bir di\u011feri ise bu alanda k\u0131rsal kalk\u0131nman\u0131n geli\u015ftirilmesi. Leylekler Vadisi\u2019nde daha \u00f6nce yapt\u0131\u011f\u0131m\u0131z \u00e7al\u0131\u015fmalar buraya yapay leylek yuvalar\u0131n\u0131n yerle\u015ftirilerek leyleklerin buraya gelmelerini daha da kolayla\u015ft\u0131racak unsurlard\u0131. Bey\u015fehir Belediyesinin deste\u011fiyle de alana kurdu\u011fumuz kameralarla web sayfas\u0131ndan t\u00fcm d\u00fcnyaya burada konaklayan leyleklerin ve yavrular\u0131n\u0131n alana geli\u015finden g\u00f6\u00e7 edi\u015fine kadar olan s\u00fcrecin izlenmesini sa\u011flad\u0131k. Bunun d\u0131\u015f\u0131nda Ye\u015filda\u011f ve Adak\u00f6y\u2019deki gen\u00e7lerimize do\u011fa rehberli\u011fi e\u011fitimi, kad\u0131nlar\u0131m\u0131za s\u00fct ve s\u00fct \u00fcr\u00fcnleri e\u011fitimi, erkek ve kad\u0131n \u00e7ift\u00e7ilerimize organik tar\u0131m ve iyi tar\u0131m uygulamalar\u0131 e\u011fitimlerini de birlikte y\u00fcr\u00fctm\u00fc\u015f olduk. Leylekler Vadisi\u2019ndeki leylekleri buraya gelerek g\u00f6zlemlemek hakikaten g\u00fczel bir \u015fey ve herkesin buras\u0131 gelmesi gereken bir alan. Bize ve projelerimize bu anlamda destek veren ba\u015fta Bey\u015fehir Belediyesi ve ilgili di\u011fer kurumlar ile sivil toplum kurulu\u015flar\u0131m\u0131z\u0131n temsilcilerine ve Ye\u015filda\u011f muhtarl\u0131\u011f\u0131m\u0131za \u00e7ok te\u015fekk\u00fcr ediyoruz\u201d dedi.<\/p>\n<p>Havai enerji hatlar\u0131na elektrik ak\u0131m verilmeyecek<\/p>\n<p>G\u00f6ktan, Leylekler Vadisi\u2019nin ilkbahar ve yaz d\u00f6nemi misafirleri olan leylekler ile yavrular\u0131n\u0131n ge\u00e7mi\u015f y\u0131llarda en b\u00fcy\u00fck sorununun havai enerji hatlar\u0131na tak\u0131larak telef olmas\u0131 oldu\u011funu hat\u0131rlatarak, bunun \u00f6n\u00fcne ge\u00e7ilmesi i\u00e7in MEDA\u015e nezdinde giri\u015fimlerde bulunduklar\u0131n\u0131, yetkililerin bunun \u00fczerine tellere elektrik ak\u0131m\u0131 vermekten vazge\u00e7ti\u011fini ve bunun b\u00f6lgede izole edilen bir kablo sistemiyle ger\u00e7ekle\u015ftirilmeye ba\u015fland\u0131\u011f\u0131n\u0131 s\u00f6yledi. G\u00f6ktan, proje kapsam\u0131nda leylek \u00f6l\u00fcmlerine son verecek b\u00f6lgedeki havai nakil hatlar\u0131na art\u0131k elektrik ak\u0131m\u0131 verilmemesinden \u00f6t\u00fcr\u00fc MEDA\u015e yetkililerine bu konuda g\u00f6sterdi\u011fi duyarl\u0131l\u0131k ve hassasiyetten \u00f6t\u00fcr\u00fc sonsuz minnet duygular\u0131 i\u00e7erisinde olduklar\u0131n\u0131 ifade ederek, \u201cMEDA\u015e yetkilileri, talebimiz \u00fczerine b\u00f6lgedeki elektrik tellerinin tamamen kald\u0131r\u0131lmas\u0131na da s\u0131cak bak\u0131yor. \u0130n\u015fallah k\u0131sa s\u00fcrede bu b\u00f6lgede havai enerji nakil hatlar\u0131n\u0131n olmad\u0131\u011f\u0131 bir d\u00f6nemin ba\u015flad\u0131\u011f\u0131n\u0131 da g\u00f6rmeyi umuyoruz\u201d diye konu\u015ftu.<\/p>\n","protected":false},"excerpt":{"rendered":"<p>KONYA\u2019NIN BEY\u015eEH\u0130R \u0130L\u00c7ES\u0130NDEK\u0130 LEYLEKLER VAD\u0130S\u0130&#8217;NDE YAZ D\u00d6NEM\u0130N\u0130 GE\u00c7\u0130REN LEYLEKLER, HAVA\u0130 ENERJ\u0130 HATLARINA AKIM VER\u0130LMES\u0130NDEN VAZGE\u00c7\u0130LMES\u0130 SAYES\u0130NDE ARTIK ELEKTR\u0130K TELLER\u0130NE TAKILARAK \u00d6LMEYECEK.<\/p>\n","protected":false},"author":1,"featured_media":178149,"comment_status":"closed","ping_status":"open","sticky":false,"template":"","format":"standard","meta":{"jetpack_post_was_ever_published":false,"_jetpack_newsletter_access":"","_jetpack_dont_email_post_to_subs":false,"_jetpack_newsletter_tier_id":0,"_jetpack_memberships_contains_paywalled_content":false,"_jetpack_memberships_contains_paid_content":false,"footnotes":"","jetpack_publicize_message":"","jetpack_publicize_feature_enabled":true,"jetpack_social_post_already_shared":true,"jetpack_social_options":{"image_generator_settings":{"template":"highway","default_image_id":0,"font":"","enabled":false},"version":2}},"categories":[1],"tags":[2058,2689,3624,43647,43646,9680,23463],"class_list":["post-178148","post","type-post","status-publish","format-standard","has-post-thumbnail","hentry","category-genel","tag-artik","tag-elektrik","tag-leylekler","tag-olmeyecek","tag-takilarak","tag-tellerine","tag-vadisinde"],"jetpack_publicize_connections":[],"jetpack_featured_media_url":"https:\/\/i0.wp.com\/www.tvturk.com\/wp-content\/uploads\/2019\/07\/leylekler-vadisinde-artik-leylekler-elektrik-tellerine-takilarak-olmeyecek_e3a5f46.jpg?fit=1000%2C666","jetpack_sharing_enabled":true,"jetpack_shortlink":"https:\/\/wp.me\/paKIfm-Klm","_links":{"self":[{"href":"http:\/\/www.tvturk.com\/index.php\/wp-json\/wp\/v2\/posts\/178148","targetHints":{"allow":["GET"]}}],"collection":[{"href":"http:\/\/www.tvturk.com\/index.php\/wp-json\/wp\/v2\/posts"}],"about":[{"href":"http:\/\/www.tvturk.com\/index.php\/wp-json\/wp\/v2\/types\/post"}],"author":[{"embeddable":true,"href":"http:\/\/www.tvturk.com\/index.php\/wp-json\/wp\/v2\/users\/1"}],"replies":[{"embeddable":true,"href":"http:\/\/www.tvturk.com\/index.php\/wp-json\/wp\/v2\/comments?post=178148"}],"version-history":[{"count":0,"href":"http:\/\/www.tvturk.com\/index.php\/wp-json\/wp\/v2\/posts\/178148\/revisions"}],"wp:featuredmedia":[{"embeddable":true,"href":"http:\/\/www.tvturk.com\/index.php\/wp-json\/wp\/v2\/media\/178149"}],"wp:attachment":[{"href":"http:\/\/www.tvturk.com\/index.php\/wp-json\/wp\/v2\/media?parent=178148"}],"wp:term":[{"taxonomy":"category","embeddable":true,"href":"http:\/\/www.tvturk.com\/index.php\/wp-json\/wp\/v2\/categories?post=178148"},{"taxonomy":"post_tag","embeddable":true,"href":"http:\/\/www.tvturk.com\/index.php\/wp-json\/wp\/v2\/tags?post=178148"}],"curies":[{"name":"wp","href":"https:\/\/api.w.org\/{rel}","templated":true}]}}