{"id":178166,"date":"2019-07-05T12:32:36","date_gmt":"2019-07-05T09:32:36","guid":{"rendered":"http:\/\/www.tvturk.com\/index.php\/altayin-gencleri-umit-yavuza-emanet\/"},"modified":"2019-07-05T12:32:36","modified_gmt":"2019-07-05T09:32:36","slug":"altayin-gencleri-umit-yavuza-emanet","status":"publish","type":"post","link":"http:\/\/www.tvturk.com\/index.php\/altayin-gencleri-umit-yavuza-emanet\/","title":{"rendered":"Altay\u2019\u0131n gen\u00e7leri \u00dcmit Yavuz\u2019a emanet"},"content":{"rendered":"<p>Spor Toto 1. Lig ekiplerinden Altay\u2019da, Akademi Ligleri Kaleci Departman\u0131 Sorumlulu\u011fu\u2019na \u00dcmit Yavuz getirildi.<\/p>\n<p>Altyap\u0131 ata\u011f\u0131n\u0131 s\u00fcrd\u00fcren Altay\u2019da, ge\u00e7en sezon Menemen Belediyespor\u2019da g\u00f6rev yapan ve TFF 2. Lig\u2019de \u015fampiyonluk sevinci ya\u015fayan \u00dcmit Yavuz, kendisini siyah-beyazl\u0131 renklere ba\u011flayan imzay\u0131, Altyap\u0131 Direkt\u00f6r\u00fc Mahmut G\u00f6z\u00fca\u00e7\u0131k ile att\u0131. 43 ya\u015f\u0131ndaki deneyimli \u00e7al\u0131\u015ft\u0131r\u0131c\u0131yla birlikte 3 antren\u00f6r daha i\u015fba\u015f\u0131 yapacak. Yavuz\u2019un yard\u0131mc\u0131l\u0131\u011f\u0131n\u0131 ise Deniz Akba\u015f \u00fcstlenecek. \u0130mza t\u00f6reninde konu\u015fan Antren\u00f6r \u00dcmit Yavuz, Altay\u2019\u0131n \u00fclke futbolunun \u00f6nemli camialar\u0131ndan biri oldu\u011funu ve b\u00f6ylesine b\u00fcy\u00fck bir ailede g\u00f6rev almaktan mutluluk duyaca\u011f\u0131n\u0131 belirtti. Yavuz, \u201cGe\u00e7en sezon Menemen Belediyespor 1. Lig\u2019e y\u00fckselirken, U-19 Tak\u0131m\u0131 da T\u00fcrkiye \u015fampiyonu oldu. \u0130n\u015fallah ayn\u0131 g\u00fczel duygular\u0131 b\u00fcy\u00fck Altay\u2019da da ya\u015far\u0131m. Bunun i\u00e7in ben ve ekibim \u00fczerimize d\u00fc\u015fen g\u00f6revi eksiksiz yerine getirece\u011fiz\u201d dedi.<\/p>\n<p>Futbol hayat\u0131na 1993 y\u0131l\u0131nda Bayrakl\u0131 Belediyespor\u2019da ba\u015flayan Yavuz, 1997\u2019de Fethiyespor\u2019da profesyonel oldu. 2000-2001 sezonunda Menemen Belediyespor\u2019da \u015fampiyonluk ya\u015fayan Yavuz, 2002-2003 sezonunda Alt\u0131nordu\u2019nun tekrar profesyonel lige d\u00f6n\u00fc\u015f\u00fcnde b\u00fcy\u00fck pay sahibi oldu. \u00dcmit Yavuz ayr\u0131ca Tekel, Fo\u00e7a Belediyespor, Bergama ve Ye\u015filova\u2019da da \u015fampiyonluk sevinci ya\u015fad\u0131.<\/p>\n","protected":false},"excerpt":{"rendered":"<p>SPOR TOTO 1. L\u0130G EK\u0130PLER\u0130NDEN ALTAY\u2019DA AKADEM\u0130 L\u0130GLER\u0130 KALEC\u0130 DEPARTMANI SORUMLULU\u011eUNA \u00dcM\u0130T YAVUZ GET\u0130R\u0130LD\u0130.<\/p>\n","protected":false},"author":1,"featured_media":178167,"comment_status":"closed","ping_status":"open","sticky":false,"template":"","format":"standard","meta":{"jetpack_post_was_ever_published":false,"_jetpack_newsletter_access":"","_jetpack_dont_email_post_to_subs":false,"_jetpack_newsletter_tier_id":0,"_jetpack_memberships_contains_paywalled_content":false,"_jetpack_memberships_contains_paid_content":false,"footnotes":"","jetpack_publicize_message":"","jetpack_publicize_feature_enabled":true,"jetpack_social_post_already_shared":true,"jetpack_social_options":{"image_generator_settings":{"template":"highway","default_image_id":0,"font":"","enabled":false},"version":2}},"categories":[657],"tags":[17802,9958,2718,4448,32749],"class_list":["post-178166","post","type-post","status-publish","format-standard","has-post-thumbnail","hentry","category-spor","tag-altayin","tag-emanet","tag-gencleri","tag-umit","tag-yavuza"],"jetpack_publicize_connections":[],"jetpack_featured_media_url":"https:\/\/i0.wp.com\/www.tvturk.com\/wp-content\/uploads\/2019\/07\/altayin-gencleri-umit-yavuza-emanet_3069a43.jpg?fit=1000%2C643","jetpack_sharing_enabled":true,"jetpack_shortlink":"https:\/\/wp.me\/paKIfm-KlE","_links":{"self":[{"href":"http:\/\/www.tvturk.com\/index.php\/wp-json\/wp\/v2\/posts\/178166","targetHints":{"allow":["GET"]}}],"collection":[{"href":"http:\/\/www.tvturk.com\/index.php\/wp-json\/wp\/v2\/posts"}],"about":[{"href":"http:\/\/www.tvturk.com\/index.php\/wp-json\/wp\/v2\/types\/post"}],"author":[{"embeddable":true,"href":"http:\/\/www.tvturk.com\/index.php\/wp-json\/wp\/v2\/users\/1"}],"replies":[{"embeddable":true,"href":"http:\/\/www.tvturk.com\/index.php\/wp-json\/wp\/v2\/comments?post=178166"}],"version-history":[{"count":0,"href":"http:\/\/www.tvturk.com\/index.php\/wp-json\/wp\/v2\/posts\/178166\/revisions"}],"wp:featuredmedia":[{"embeddable":true,"href":"http:\/\/www.tvturk.com\/index.php\/wp-json\/wp\/v2\/media\/178167"}],"wp:attachment":[{"href":"http:\/\/www.tvturk.com\/index.php\/wp-json\/wp\/v2\/media?parent=178166"}],"wp:term":[{"taxonomy":"category","embeddable":true,"href":"http:\/\/www.tvturk.com\/index.php\/wp-json\/wp\/v2\/categories?post=178166"},{"taxonomy":"post_tag","embeddable":true,"href":"http:\/\/www.tvturk.com\/index.php\/wp-json\/wp\/v2\/tags?post=178166"}],"curies":[{"name":"wp","href":"https:\/\/api.w.org\/{rel}","templated":true}]}}