{"id":178170,"date":"2019-07-05T12:46:16","date_gmt":"2019-07-05T09:46:16","guid":{"rendered":"http:\/\/www.tvturk.com\/index.php\/bakan-albayrak-turkiye-artik-eskisi-gibi-uzerinden-para-kazanilacak-bir-ulke-degil\/"},"modified":"2019-07-05T12:46:16","modified_gmt":"2019-07-05T09:46:16","slug":"bakan-albayrak-turkiye-artik-eskisi-gibi-uzerinden-para-kazanilacak-bir-ulke-degil","status":"publish","type":"post","link":"http:\/\/www.tvturk.com\/index.php\/bakan-albayrak-turkiye-artik-eskisi-gibi-uzerinden-para-kazanilacak-bir-ulke-degil\/","title":{"rendered":"Bakan Albayrak: &#8220;T\u00fcrkiye art\u0131k eskisi gibi \u00fczerinden para kazan\u0131lacak bir \u00fclke de\u011fil&#8221;"},"content":{"rendered":"<p>Hazine ve Maliye Bakan\u0131 Berat Albayrak, &#8220;T\u00fcrkiye art\u0131k eskisi gibi \u00fczerinden para kazan\u0131lacak bir \u00fclke de\u011fil&#8221; dedi. Bakan Albayrak, T\u00fcrkiye\u2019nin potansiyeliyle \u00e7ok daha g\u00fc\u00e7l\u00fc ad\u0131mlarla hem kazanacak ve payda\u015flar\u0131na kazand\u0131racak bir \u00fclke oldu\u011funun alt\u0131n\u0131 \u00e7izdi.<\/p>\n<p>Hazine ve Maliye Bakan\u0131 Berat Albayrak, Finansal Kurumlar Birli\u011fi 7. Ola\u011fan Genel Kurul Toplant\u0131s\u0131\u2019na kat\u0131ld\u0131. Bakan Albayrak\u2019\u0131n yan\u0131s\u0131ra birli\u011fin yeni ba\u015fkan\u0131n\u0131n se\u00e7ilece\u011fi toplant\u0131ya BDDK Ba\u015fkan\u0131 Mehmet Ali Akben, TBB Ba\u015fkan\u0131 H\u00fcseyin Ayd\u0131n da kat\u0131l\u0131m g\u00f6sterdi.<\/p>\n<p>Bakan Albayrak burada yapt\u0131\u011f\u0131 konu\u015fmada finans sekt\u00f6r\u00fcn\u00fcn k\u00fcresel ekonomi ve T\u00fcrkiye\u2019nin zorlu g\u00fcnlerden ge\u00e7ti\u011fi bu d\u00f6nemde \u00f6nemli bir g\u00f6revi bulundu\u011funu belirten Albayrak, \u201cSizlerden gelen y\u00f6nlendirmeler do\u011frultusunda da bug\u00fcne kadar ad\u0131mlar\u0131m\u0131z\u0131 att\u0131k. \u0130\u00e7iniz rahat olsun bu g\u00fcnden sonra da gerekli t\u00fcm ad\u0131mlar\u0131 atmaya devam ediyoruz. Nihai hedefimiz T\u00fcrkiye\u2019nin hak etti\u011fi noktaya en h\u0131zl\u0131 \u015fekilde gelmesini sa\u011flamak. Bu yolda hi\u00e7 \u015f\u00fcpheniz olmas\u0131n\u201d dedi.<\/p>\n<p>\u201cT\u00fcrkiye her g\u00fcn birilerinin yazd\u0131\u011f\u0131, \u00e7izdi\u011fi ve s\u00f6yledi\u011fi sorunlar\u0131n b\u00fcy\u00fct\u00fclerek g\u00fcndemde oldu\u011fu bir \u00fclke de\u011fil\u201d diyen Bakan Albayrak, \u201cT\u00fcrkiye her t\u00fcrl\u00fc s\u0131k\u0131nt\u0131s\u0131n\u0131 \u00e7ok rahat a\u015fabilecek \u00e7ok b\u00fcy\u00fck ve g\u00fc\u00e7l\u00fc bir \u00fclke. Son 6 y\u0131lda T\u00fcrkiye\u2019nin ya\u015fad\u0131klar\u0131na bakt\u0131\u011f\u0131n\u0131zda g\u00fc\u00e7l\u00fc ve b\u00fcy\u00fck bir \u00fclke oldu\u011fumuzu g\u00f6rebiliriz. \u00d6n\u00fcm\u00fczde T\u00fcrkiye\u2019ye f\u0131rsatlar sunan 4 y\u0131la yak\u0131n bir s\u00fcre var. Bu s\u00fcrede T\u00fcrkiye\u2019nin dinamik yap\u0131s\u0131na kal\u0131c\u0131 ve istikrarl\u0131 bir \u015fekilde kavu\u015faca\u011f\u0131 zemini haz\u0131rl\u0131yoruz. T\u00fcrkiye art\u0131k olu\u015fabilecek kur ataklar\u0131na kar\u015f\u0131 eskisinden \u00e7ok daha iyi m\u00fccadele edebilecek \u00f6nemli tecr\u00fcbeler kazand\u0131\u201d diye konu\u015ftu.<\/p>\n<p>T\u00fcrkiye\u2019nin art\u0131k eskisi gibi \u00fczerinden para kazan\u0131lacak bir \u00fclke olmad\u0131\u011f\u0131n\u0131n alt\u0131n\u0131 \u00e7izen Bakan Albayrak, \u201cT\u00fcrkiye, birlikte potansiyeliyle \u00e7ok daha g\u00fc\u00e7l\u00fc ad\u0131mlarla kazanacak ve payda\u015flar\u0131na kazand\u0131racak bir \u00fclke. Yeni Ekonomi Modeli\u2019nin odak noktas\u0131 olan yeniden dengelenme olan d\u00f6neminde bug\u00fcnlere kadar geldik. \u00d6nceliklerimizi car\u0131 a\u00e7\u0131k ve y\u00fcksek enflasyon sorunlar\u0131m\u0131z\u0131n \u00e7\u00f6z\u00fcm\u00fcne verdik. Bu \u00f6nceliklerimizin \u00e7\u00f6z\u00fcm\u00fc noktas\u0131nda uygulad\u0131\u011f\u0131m\u0131z politikalar dengelenme s\u00fcrecinin do\u011fas\u0131 gere\u011fi k\u0131sa vadede b\u00fcy\u00fcme \u00fczerinde bir yava\u015flamaya yol a\u00e7sa da y\u0131l\u0131n ikinci yar\u0131s\u0131yla birlikte toparlanma s\u00fcrecinin \u00e7ok daha h\u0131zl\u0131 \u015fekilde ba\u015flam\u0131\u015f oldu\u011funu s\u00f6yleyebiliriz.  Geldi\u011fimiz noktada finansal piyasalar\u0131n normalle\u015fmeye ba\u015flad\u0131\u011f\u0131n\u0131,  ekonomik g\u00f6stergelerimizin iyile\u015fme e\u011filimine girdi\u011fini g\u00f6r\u00fcyoruz\u201d ifadelerini kulland\u0131.<\/p>\n<p>Bakan Albayrak, T\u00fcrk liras\u0131n\u0131n de\u011fer kazanmas\u0131 ya da kaybetmesi s\u00f6ylemlerinin aksine \u00f6nemli olan\u0131n dengeli bir \u015fekilde stratejik ve rekabet\u00e7i \u015fekilde yola devam edilmesi gerekti\u011fini, dengelenmeyi g\u00fc\u00e7l\u00fc ad\u0131mlarla s\u00fcrd\u00fcrmenin \u00f6nemine vurgu yapt\u0131.<\/p>\n<p>Son iki haftada T\u00fcrkiye\u2019nin risk primlerinde 120 puana yak\u0131n bir d\u00fc\u015f\u00fc\u015f g\u00f6zlendi\u011fini an\u0131msatan Albayrak, \u201cPiyasa g\u00f6stergelerin yan\u0131nda makro ekonomik g\u00f6stergelerimizde de somut iyile\u015fmeleri \u00e7ok net bir \u015fekilde g\u00f6r\u00fcyoruz\u201d dedi.<\/p>\n<p>Albayrak y\u0131l\u0131n ilk 6 ay\u0131nda \u00f6zellikle enflasyonun y\u00fczde 25 seviyelerini g\u00f6rd\u00fc\u011f\u00fc s\u00fcre\u00e7ten Haziran ay\u0131 itibariyle y\u0131ll\u0131k hedeflenen rakam\u0131n alt\u0131nda y\u00fczde 15,7 seviyesinin g\u00f6r\u00fcld\u00fc\u011f\u00fcn\u00fc s\u00f6yledi. Albayrak, bu geli\u015fmelerde zaman\u0131nda ve etkili \u015fekilde al\u0131nan tedbirler ve mevsimsel etkilerden dolay\u0131 gerileyen g\u0131da fiyatlar\u0131n\u0131n \u00f6nemli etkisi oldu\u011funu belirtti.<\/p>\n<p>Bakan Albayrak, \u201c\u00d6n\u00fcm\u00fczdeki d\u00f6nemde enflasyon oran\u0131n\u0131n \u00e7ok daha d\u00fc\u015f\u00fck seviyelere gerileyece\u011fini ve y\u0131l\u0131n ikinci yar\u0131s\u0131nda tek haneleri seviyelere yak\u0131nsayaca\u011f\u0131n\u0131 \u00e7ok net bir \u015fekilde ifade edebiliriz. 2019 y\u0131l sonu enflasyon oran\u0131nda YEP\u2019te belirledi\u011fimiz 15,9 seviyesinin alt\u0131nda ger\u00e7ekle\u015fece\u011fini buradan s\u00f6yleyebiliriz\u201d dedi.<\/p>\n<p>D\u0131\u015f ticaret ve turizmde kaydedilen olumlu geli\u015fmelerle ge\u00e7ti\u011fimiz y\u0131l May\u0131s ay\u0131 itibariyle y\u0131ll\u0131k cari a\u00e7\u0131\u011f\u0131n 57.9 milyar dolar ile zirve yapt\u0131\u011f\u0131n\u0131, en son a\u00e7\u0131klanan Nisan ay\u0131 rakamlar\u0131yla y\u0131ll\u0131k cari a\u00e7\u0131\u011f\u0131n 8.6 milyar dolara kadar geriledi\u011fini kaydeden Bakan Albayrak,  \u201cBu rakam son 15 y\u0131ll\u0131k noktada bakt\u0131\u011f\u0131m\u0131zda Ocak 2014\u2019ten bu yana en d\u00fc\u015f\u00fck seviyeye geriledi.  Haziran ay\u0131 itibariyle 17 y\u0131ll\u0131k Ak Parti d\u00f6neminde ilk defa cari fazlan\u0131n verildi\u011fi bir ay olacak. Birileri dengelenmenin krizler oldu\u011fu zaman hep birlikte d\u00fc\u015ft\u00fc\u011f\u00fcn\u00fc ondan dolay\u0131 cari a\u00e7\u0131kta iyile\u015fme ya\u015fand\u0131\u011f\u0131n\u0131 s\u00f6yledi\u011fini duyuyorum. Madem \u00f6yle ben de diyorum ki 2009 y\u0131l\u0131nda ya\u015fanan k\u00fcresel krize dayal\u0131 olu\u015fan cari a\u00e7\u0131ktaki iyile\u015fme dengelenme olarak ger\u00e7ekle\u015fmedi. \u0130hracat\u0131n 132 milyar dolardan 102 milyar dolara d\u00fc\u015ft\u00fc\u011f\u00fc buna ra\u011fmen cari dengenin eksi 11 milyar dolarlara ula\u015ft\u0131\u011f\u0131 bir d\u00f6nemden bahsediyoruz.  \u015eimdi ise ihracat\u0131n b\u00fcy\u00fcy\u00fcp k\u00f6p\u00fck ithalat\u0131n da d\u00fc\u015fmeye ba\u015flad\u0131\u011f\u0131 bir d\u00f6neme girdik\u201d  \u015feklinde konu\u015ftu.<\/p>\n<p>Albayrak \u201cEnerjimizi verimli ve tasarruflu kullanaca\u011f\u0131z bunlarla vakit kaybetmeyece\u011fiz. Az konu\u015faca\u011f\u0131z \u00e7ok i\u015f yapaca\u011f\u0131z. Bu y\u0131l\u0131n 2\u2019nci yar\u0131yla birlikte b\u00fcy\u00fcme ve istihdam da YEP hedeflerimizin de \u00fczerine \u00e7\u0131kaca\u011f\u0131z. Ekonomik b\u00fcy\u00fcmenin s\u00fcrd\u00fcrebilir ve kapsay\u0131c\u0131 olmas\u0131nda finansal kurumlar\u0131n etkin \u00e7al\u0131\u015fmas\u0131 b\u00fcy\u00fck \u00f6nem arz ediyor. Bu \u00e7er\u00e7evede finansal piyasalar ile reel sekt\u00f6r aras\u0131ndaki ili\u015fkini sa\u011fl\u0131kl\u0131 olmas\u0131 y\u00f6n\u00fcnde \u00e7al\u0131\u015fmalar\u0131m\u0131z\u0131 kararl\u0131l\u0131kla s\u00fcrd\u00fcr\u00fcyoruz\u201d diye konu\u015ftu.<\/p>\n<p>Bakan Albayrak sekt\u00f6r\u00fc daha ileriye ta\u015f\u0131ma noktas\u0131nda desteklerin s\u00fcrece\u011fini s\u00f6zlerine ekledi.<\/p>\n","protected":false},"excerpt":{"rendered":"<p>HAZ\u0130NE VE MAL\u0130YE BAKANI BERAT ALBAYRAK, &#8220;T\u00dcRK\u0130YE ARTIK ESK\u0130S\u0130 G\u0130B\u0130 \u00dcZER\u0130NDEN PARA KAZANILACAK B\u0130R \u00dcLKE DE\u011e\u0130L&#8221; DED\u0130.<\/p>\n","protected":false},"author":1,"featured_media":178171,"comment_status":"closed","ping_status":"open","sticky":false,"template":"","format":"standard","meta":{"jetpack_post_was_ever_published":false,"_jetpack_newsletter_access":"","_jetpack_dont_email_post_to_subs":false,"_jetpack_newsletter_tier_id":0,"_jetpack_memberships_contains_paywalled_content":false,"_jetpack_memberships_contains_paid_content":false,"footnotes":"","jetpack_publicize_message":"","jetpack_publicize_feature_enabled":true,"jetpack_social_post_already_shared":true,"jetpack_social_options":{"image_generator_settings":{"template":"highway","default_image_id":0,"font":"","enabled":false},"version":2}},"categories":[19],"tags":[4734,2058,742,125,2039,33041,981,43654,865,453,7684,5067],"class_list":["post-178170","post","type-post","status-publish","format-standard","has-post-thumbnail","hentry","category-ekonomi","tag-albayrak","tag-artik","tag-bakan","tag-bir","tag-degil","tag-eskisi","tag-gibi","tag-kazanilacak","tag-para","tag-turkiye","tag-ulke","tag-uzerinden"],"jetpack_publicize_connections":[],"jetpack_featured_media_url":"https:\/\/i0.wp.com\/www.tvturk.com\/wp-content\/uploads\/2019\/07\/bakan-albayrak-turkiye-artik-eskisi-gibi-uzerinden-para-kazanilacak-bir-ulke-degil_68bd1d3.jpg?fit=1000%2C664","jetpack_sharing_enabled":true,"jetpack_shortlink":"https:\/\/wp.me\/paKIfm-KlI","_links":{"self":[{"href":"http:\/\/www.tvturk.com\/index.php\/wp-json\/wp\/v2\/posts\/178170","targetHints":{"allow":["GET"]}}],"collection":[{"href":"http:\/\/www.tvturk.com\/index.php\/wp-json\/wp\/v2\/posts"}],"about":[{"href":"http:\/\/www.tvturk.com\/index.php\/wp-json\/wp\/v2\/types\/post"}],"author":[{"embeddable":true,"href":"http:\/\/www.tvturk.com\/index.php\/wp-json\/wp\/v2\/users\/1"}],"replies":[{"embeddable":true,"href":"http:\/\/www.tvturk.com\/index.php\/wp-json\/wp\/v2\/comments?post=178170"}],"version-history":[{"count":0,"href":"http:\/\/www.tvturk.com\/index.php\/wp-json\/wp\/v2\/posts\/178170\/revisions"}],"wp:featuredmedia":[{"embeddable":true,"href":"http:\/\/www.tvturk.com\/index.php\/wp-json\/wp\/v2\/media\/178171"}],"wp:attachment":[{"href":"http:\/\/www.tvturk.com\/index.php\/wp-json\/wp\/v2\/media?parent=178170"}],"wp:term":[{"taxonomy":"category","embeddable":true,"href":"http:\/\/www.tvturk.com\/index.php\/wp-json\/wp\/v2\/categories?post=178170"},{"taxonomy":"post_tag","embeddable":true,"href":"http:\/\/www.tvturk.com\/index.php\/wp-json\/wp\/v2\/tags?post=178170"}],"curies":[{"name":"wp","href":"https:\/\/api.w.org\/{rel}","templated":true}]}}