{"id":178190,"date":"2019-07-05T13:02:53","date_gmt":"2019-07-05T10:02:53","guid":{"rendered":"http:\/\/www.tvturk.com\/index.php\/bursanin-akademik-okulu-akil-koleji\/"},"modified":"2019-07-05T13:02:53","modified_gmt":"2019-07-05T10:02:53","slug":"bursanin-akademik-okulu-akil-koleji","status":"publish","type":"post","link":"http:\/\/www.tvturk.com\/index.php\/bursanin-akademik-okulu-akil-koleji\/","title":{"rendered":"Bursa\u2019n\u0131n akademik okulu \u201cAk\u0131l Koleji\u201d"},"content":{"rendered":"<p>Ak\u0131l Koleji Y\u00f6netim Kurulu Ba\u015fkan\u0131 \u00d6zg\u00fcr Demir, \u201cBursa\u2019da \u00f6zel Anadolu ve Fen Liseleri aras\u0131nda \u00fcniversiteye haz\u0131rl\u0131kta en iyi akademik okul olmay\u0131 hedeflemekteyiz\u201d dedi.<\/p>\n<p>\u00d6zel Ak\u0131l Anadolu ve Fen Lisesi, Bursa\u2019da \u00f6zel Anadolu ve Fen Liseleri aras\u0131nda \u00fcniversiteye haz\u0131rl\u0131kta en iyi akademik okul olmay\u0131 hedefliyor. Okul ile \u00fcniversite s\u0131nav\u0131n\u0131 bir \u00e7at\u0131 alt\u0131nda birle\u015ftirmeyi hedeflediklerini s\u00f6yleyen Ak\u0131l Koleji Y\u00f6netim Kurulu Ba\u015fkan\u0131 \u00d6zg\u00fcr Demir \u201c\u00dcniversite s\u0131nav\u0131na haz\u0131rl\u0131k 2003 y\u0131l\u0131ndan itibaren bizim uzmanl\u0131k alan\u0131m\u0131z. Bizi di\u011fer okullardan ay\u0131ran en \u00f6nemli \u00f6zellik akademik okul olmam\u0131zd\u0131r. Akademik okul s\u00f6ylemini ilk kez biz geli\u015ftirdik. \u00c7ocu\u011funuzu ba\u015fka bir \u00f6zel okula g\u00f6t\u00fcrd\u00fc\u011f\u00fcn\u00fcz zaman size bir havuzlar\u0131n\u0131n oldu\u011fu s\u00f6yleyeceklerdir. Sosyal k\u00fclt\u00fcrel faaliyetlerinden bahsedeceklerdir. Bunlar do\u011fru ve olmas\u0131 gereken \u015feylerdir. Bizde de sosyal ve k\u00fclt\u00fcrel etkinlikler var ancak bizim birinci \u00f6nceli\u011fimiz 12. s\u0131n\u0131f \u00f6\u011frencilerini ihtiyac\u0131 olan bilgiyle donatmakt\u0131r, \u00e7\u00fcnk\u00fc onlar\u0131n hedefi \u00fcniversite s\u0131nav\u0131 kazanmakt\u0131r. Bundan dolay\u0131 k\u00fclt\u00fcrel etkinliklerdense s\u0131nava odakl\u0131 e\u011fitim vermeyi planlad\u0131k\u201d \u015feklinde konu\u015ftu.<\/p>\n<p>Dershane modelini, yeni ad\u0131yla kurs modelini, \u00f6zel okulda uygulad\u0131klar\u0131n\u0131 ve kendilerini di\u011fer okullardan ay\u0131ran en \u00f6nemli \u00f6zelli\u011fin bu oldu\u011funu da belirten Demir \u201c\u00d6\u011frencilerimiz evdeki odalar\u0131n\u0131n konforunda 10-12 ki\u015filik s\u0131n\u0131flarda e\u011fitim al\u0131yor. Biz \u00f6\u011frencimizi sabah 9\u2019da al\u0131yoruz, gece 10\u2019a kadar \u00e7al\u0131\u015f\u0131yoruz. Bunun amac\u0131 \u00f6\u011frenciyi derse bo\u011fmak de\u011fil, d\u00fczenli ve kontroll\u00fc \u00e7al\u0131\u015fmas\u0131n\u0131 sa\u011flamakt\u0131r. \u00d6\u011frenci ak\u015fam evine gitti\u011fi zaman ailesinden otur dersini \u00e7al\u0131\u015f\u2019 c\u00fcmlesini duymuyor. Ben \u00f6\u011frencimi eve g\u00f6nderdi\u011fim zaman ona sadece git ailenle otur, sohbet et, uyu ve dinlenip gel\u2019 diyorum. Biz \u00f6\u011frencinin b\u00fct\u00fcn s\u0131nav stresinin, y\u00fck\u00fcn\u00fc burada al\u0131yoruz. Okulumuzda \u00f6\u011frencilerimize ait kendi \u015fahsi dolaplar\u0131 mevcut ve b\u00f6ylece \u00f6\u011frenci kitap ta\u015f\u0131ma y\u00fck\u00fcnden kurtulmu\u015f oluyor. \u00d6\u011frenciler eve sadece uyumaya ve dinlenmeye gidiyorlar\u201d dedi.<\/p>\n<p>Meslekte en az be\u015f sene tecr\u00fcbesi olmayan veya enerjisi d\u00fc\u015f\u00fck \u00f6\u011fretmenlerle \u00e7al\u0131\u015fmad\u0131klar\u0131n\u0131 belirten Demir, \u201cAkademik bir okul oldu\u011fumuz i\u00e7in, \u00f6\u011fretmen kadromuz s\u0131nav odakl\u0131 \u00e7al\u0131\u015fan, \u00fcniversite s\u0131nav sistemini bilen, test tekni\u011fine d\u00f6n\u00fck, \u00f6\u011fretmeyi hedef alan ve her \u00f6\u011frencinin seviyesine uygun ders anlatabilen \u00f6\u011fretmenlerden olu\u015fmaktad\u0131r. Bir \u00f6\u011fretmenin bilgili olmas\u0131 \u00f6nemlidir ancak daha da \u00f6nemli olan \u015fey \u00f6\u011fretmenin kar\u015f\u0131s\u0131ndaki \u00f6\u011frencinin seviyesine g\u00f6re ders anlatabilmesidir. Kurmu\u015f oldu\u011fumuz ekip, \u00f6\u011frencinin nabz\u0131na, seviyesine ve kalitesine g\u00f6re ders anlatan bir ekiptir. Ben sadece derse girerim, dersimi anlat\u0131r\u0131m, \u00e7\u0131kar\u0131m \u00f6\u011fretmen modeli yoktur\u201d ifadelerini kulland\u0131.<\/p>\n","protected":false},"excerpt":{"rendered":"<p>AKIL KOLEJ\u0130 Y\u00d6NET\u0130M KURULU BA\u015eKANI \u00d6ZG\u00dcR DEM\u0130R, \u201cBURSA\u2019DA \u00d6ZEL ANADOLU VE FEN L\u0130SELER\u0130 ARASINDA \u00dcN\u0130VERS\u0130TEYE HAZIRLIKTA EN \u0130Y\u0130 AKADEM\u0130K OKUL OLMAYI HEDEFLEMEKTEY\u0130Z\u201d DED\u0130.<\/p>\n","protected":false},"author":1,"featured_media":178191,"comment_status":"closed","ping_status":"open","sticky":false,"template":"","format":"standard","meta":{"jetpack_post_was_ever_published":false,"_jetpack_newsletter_access":"","_jetpack_dont_email_post_to_subs":false,"_jetpack_newsletter_tier_id":0,"_jetpack_memberships_contains_paywalled_content":false,"_jetpack_memberships_contains_paid_content":false,"footnotes":"","jetpack_publicize_message":"","jetpack_publicize_feature_enabled":true,"jetpack_social_post_already_shared":true,"jetpack_social_options":{"image_generator_settings":{"template":"highway","default_image_id":0,"font":"","enabled":false},"version":2}},"categories":[1],"tags":[10673,5907,2395,3630,2055],"class_list":["post-178190","post","type-post","status-publish","format-standard","has-post-thumbnail","hentry","category-genel","tag-akademik","tag-akil","tag-bursanin","tag-koleji","tag-okulu"],"jetpack_publicize_connections":[],"jetpack_featured_media_url":"https:\/\/i0.wp.com\/www.tvturk.com\/wp-content\/uploads\/2019\/07\/bursanin-akademik-okulu-akil-koleji_51a19d8.jpg?fit=1000%2C666","jetpack_sharing_enabled":true,"jetpack_shortlink":"https:\/\/wp.me\/paKIfm-Km2","_links":{"self":[{"href":"http:\/\/www.tvturk.com\/index.php\/wp-json\/wp\/v2\/posts\/178190","targetHints":{"allow":["GET"]}}],"collection":[{"href":"http:\/\/www.tvturk.com\/index.php\/wp-json\/wp\/v2\/posts"}],"about":[{"href":"http:\/\/www.tvturk.com\/index.php\/wp-json\/wp\/v2\/types\/post"}],"author":[{"embeddable":true,"href":"http:\/\/www.tvturk.com\/index.php\/wp-json\/wp\/v2\/users\/1"}],"replies":[{"embeddable":true,"href":"http:\/\/www.tvturk.com\/index.php\/wp-json\/wp\/v2\/comments?post=178190"}],"version-history":[{"count":0,"href":"http:\/\/www.tvturk.com\/index.php\/wp-json\/wp\/v2\/posts\/178190\/revisions"}],"wp:featuredmedia":[{"embeddable":true,"href":"http:\/\/www.tvturk.com\/index.php\/wp-json\/wp\/v2\/media\/178191"}],"wp:attachment":[{"href":"http:\/\/www.tvturk.com\/index.php\/wp-json\/wp\/v2\/media?parent=178190"}],"wp:term":[{"taxonomy":"category","embeddable":true,"href":"http:\/\/www.tvturk.com\/index.php\/wp-json\/wp\/v2\/categories?post=178190"},{"taxonomy":"post_tag","embeddable":true,"href":"http:\/\/www.tvturk.com\/index.php\/wp-json\/wp\/v2\/tags?post=178190"}],"curies":[{"name":"wp","href":"https:\/\/api.w.org\/{rel}","templated":true}]}}