{"id":178220,"date":"2019-07-05T13:46:34","date_gmt":"2019-07-05T10:46:34","guid":{"rendered":"http:\/\/www.tvturk.com\/index.php\/kirkpinar-sevdalilari-geceyi-selimiye-camii-avlusunda-gecirdi\/"},"modified":"2019-07-05T13:46:34","modified_gmt":"2019-07-05T10:46:34","slug":"kirkpinar-sevdalilari-geceyi-selimiye-camii-avlusunda-gecirdi","status":"publish","type":"post","link":"http:\/\/www.tvturk.com\/index.php\/kirkpinar-sevdalilari-geceyi-selimiye-camii-avlusunda-gecirdi\/","title":{"rendered":"K\u0131rkp\u0131nar sevdal\u0131lar\u0131 geceyi Selimiye Camii avlusunda ge\u00e7irdi"},"content":{"rendered":"<p>658. Tarihi K\u0131rkp\u0131nar Ya\u011fl\u0131 G\u00fcre\u015fleri\u2019ni izlemek i\u00e7in Edirne\u2019ye gelen g\u00fcre\u015f severler, geceyi Selimiye Camii\u2019nin avlusunda ve etraf\u0131nda bulunan ye\u015fil alanda kurduklar\u0131 \u00e7ad\u0131rlarda ge\u00e7iriyor.<\/p>\n<p>Bu y\u0131l 658\u2019incisi ger\u00e7ekle\u015ftirilen Tarihi K\u0131rkp\u0131nar Ya\u011fl\u0131 G\u00fcre\u015fleri\u2019nin izlemek i\u00e7in T\u00fcrkiye\u2019nin \u00e7e\u015fitli b\u00f6lgelerinden gelen g\u00fcre\u015f severlerden kimi maddi imk\u00e2ns\u0131zl\u0131klar, kimisi de atas\u0131ndan dedesinden kalma gelene\u011fini ya\u015fatmak ve Selimiye sevdas\u0131n\u0131 ya\u015famak i\u00e7in geceyi cami avlusunda ge\u00e7iriyor. G\u00fcre\u015f sevdal\u0131lar\u0131, ya\u011fl\u0131 g\u00fcre\u015flerin yap\u0131ld\u0131\u011f\u0131 Sarayi\u00e7i Er Meydan\u0131\u2019ndaki g\u00fcre\u015fleri yerinde izlemek i\u00e7in her y\u0131l T\u00fcrkiye\u2019nin farkl\u0131 illerinden Edirne\u2019nin yolunu tutuyor. G\u00fcre\u015f severler, ekonomik imkanlar\u0131n yetersizli\u011fi ve konaklama tesislerinde yer kalmamas\u0131 nedeniyle geceyi d\u0131\u015far\u0131da ge\u00e7irmek zorunda kal\u0131yor. Bir\u00e7ok g\u00fcre\u015f sever, a\u00e7\u0131k havada konaklamak i\u00e7in Selimiye Camii\u2019nin etraf\u0131n\u0131 tercih ediyor. Selimiye Camii avlusunu ve \u00e7evresini dolduran \u00e7ok say\u0131da g\u00fcre\u015f tutkunu, geceyi kurduklar\u0131 \u00e7ad\u0131rlarda ya da battaniye \u00fcst\u00fcnde ge\u00e7iriyor.<\/p>\n","protected":false},"excerpt":{"rendered":"<p>KIRKPINAR SEVDALILARI GECEY\u0130 SEL\u0130M\u0130YE CAM\u0130\u0130 AVLUSUNDA GE\u00c7\u0130RD\u0130<\/p>\n","protected":false},"author":1,"featured_media":178221,"comment_status":"closed","ping_status":"open","sticky":false,"template":"","format":"standard","meta":{"jetpack_post_was_ever_published":false,"_jetpack_newsletter_access":"","_jetpack_dont_email_post_to_subs":false,"_jetpack_newsletter_tier_id":0,"_jetpack_memberships_contains_paywalled_content":false,"_jetpack_memberships_contains_paid_content":false,"footnotes":"","jetpack_publicize_message":"","jetpack_publicize_feature_enabled":true,"jetpack_social_post_already_shared":true,"jetpack_social_options":{"image_generator_settings":{"template":"highway","default_image_id":0,"font":"","enabled":false},"version":2}},"categories":[1],"tags":[15737,19937,8453,1062,30772,29224,16180],"class_list":["post-178220","post","type-post","status-publish","format-standard","has-post-thumbnail","hentry","category-genel","tag-avlusunda","tag-camii","tag-geceyi","tag-gecirdi","tag-kirkpinar","tag-selimiye","tag-sevdalilari"],"jetpack_publicize_connections":[],"jetpack_featured_media_url":"https:\/\/i0.wp.com\/www.tvturk.com\/wp-content\/uploads\/2019\/07\/kirkpinar-sevdalilari-geceyi-selimiye-camii-avlusunda-gecirdi_9abfcfa.jpg?fit=1000%2C562","jetpack_sharing_enabled":true,"jetpack_shortlink":"https:\/\/wp.me\/paKIfm-Kmw","_links":{"self":[{"href":"http:\/\/www.tvturk.com\/index.php\/wp-json\/wp\/v2\/posts\/178220","targetHints":{"allow":["GET"]}}],"collection":[{"href":"http:\/\/www.tvturk.com\/index.php\/wp-json\/wp\/v2\/posts"}],"about":[{"href":"http:\/\/www.tvturk.com\/index.php\/wp-json\/wp\/v2\/types\/post"}],"author":[{"embeddable":true,"href":"http:\/\/www.tvturk.com\/index.php\/wp-json\/wp\/v2\/users\/1"}],"replies":[{"embeddable":true,"href":"http:\/\/www.tvturk.com\/index.php\/wp-json\/wp\/v2\/comments?post=178220"}],"version-history":[{"count":0,"href":"http:\/\/www.tvturk.com\/index.php\/wp-json\/wp\/v2\/posts\/178220\/revisions"}],"wp:featuredmedia":[{"embeddable":true,"href":"http:\/\/www.tvturk.com\/index.php\/wp-json\/wp\/v2\/media\/178221"}],"wp:attachment":[{"href":"http:\/\/www.tvturk.com\/index.php\/wp-json\/wp\/v2\/media?parent=178220"}],"wp:term":[{"taxonomy":"category","embeddable":true,"href":"http:\/\/www.tvturk.com\/index.php\/wp-json\/wp\/v2\/categories?post=178220"},{"taxonomy":"post_tag","embeddable":true,"href":"http:\/\/www.tvturk.com\/index.php\/wp-json\/wp\/v2\/tags?post=178220"}],"curies":[{"name":"wp","href":"https:\/\/api.w.org\/{rel}","templated":true}]}}