{"id":178226,"date":"2019-07-05T14:01:45","date_gmt":"2019-07-05T11:01:45","guid":{"rendered":"http:\/\/www.tvturk.com\/index.php\/dogu-ekspresinde-yaz-yogunlugu\/"},"modified":"2019-07-05T14:01:45","modified_gmt":"2019-07-05T11:01:45","slug":"dogu-ekspresinde-yaz-yogunlugu","status":"publish","type":"post","link":"http:\/\/www.tvturk.com\/index.php\/dogu-ekspresinde-yaz-yogunlugu\/","title":{"rendered":"Do\u011fu Ekspresi\u2019nde yaz yo\u011funlu\u011fu"},"content":{"rendered":"<p>Do\u011fu Ekspres seferleri yaz ay\u0131nda da yo\u011fun ilgi g\u00f6r\u00fcyor. Kars\u2019a Do\u011fu Ekspresi ile k\u0131\u015f\u0131n yolculuk yapanlar, Kars\u2019\u0131 bir de yaz\u0131n g\u00f6rmek i\u00e7in kente geliyor.<\/p>\n<p>Do\u011fu Ekspresiyle T\u00fcrkiye\u2019nin 81 ilinden insanlar Kars\u2019a ak\u0131n ak\u0131n gelmeye devam ediyor. Kars\u2019ta 2 g\u00fcn kalan misafirler, \u00f6ncelikle UNESCO Miras Listesi\u2019nde yerini alan Ani \u00d6ren Yer\u2019ine gidiyor. Otellerde doluluk oran\u0131n y\u00fczde y\u00fcz olmas\u0131 ise turizmcilerin y\u00fcz\u00fcn\u00fc g\u00fcld\u00fcr\u00fcyor.<\/p>\n<p>Do\u011fu Ekspresi\u2019nin Turistik Do\u011fu Ekspresi ile ta\u00e7land\u0131r\u0131ld\u0131\u011f\u0131n\u0131 Kar\u2019s Otel M\u00fcd\u00fcr\u00fc Turizmci Mehmet Duman, Do\u011fu Ekspresi\u2019ne Temmuz ay\u0131nda g\u00f6sterilen yo\u011fun ilginin sevindirici oldu\u011funu s\u00f6yledi.<\/p>\n<p>Turizmci Mehmet Duman, \u201cMalumunuz Do\u011fu Ekspresi\u2019nin \u00e7ok yayg\u0131n tercih edilmesiyle birlikte son y\u0131llarda bir ive kazand\u0131. Daha \u00f6ncede bildi\u011finiz gibi Kars, Ankara hatta \u0130stanbul\u2019da ya\u015fayan insanlar\u0131n ula\u015f\u0131m ihtiyac\u0131n\u0131 kar\u015f\u0131layan ve devletin kar amac\u0131 g\u00fctmeden demiryoluyla ula\u015f\u0131m\u0131 sa\u011flayan bir fonksiyonu \u00f6zelli\u011fi vard\u0131. Tabi ge\u00e7mi\u015f \u00f6zelli\u011finden dolay\u0131 ve ayn\u0131 zamanda da insanlar\u0131n bu nostaljik durumu tatmas\u0131, Do\u011fu Ekspresi\u2019nin ge\u00e7mi\u015f oldu\u011fu \u015fehirlerin nostaljik, \u00f6zeli\u011fini k\u00fclt\u00fcrel yap\u0131s\u0131n\u0131, di\u011fer de\u011ferlerini tan\u0131yabilme a\u00e7\u0131s\u0131ndan \u00f6nem arz etti. Son y\u0131llarda ge\u00e7lerin yo\u011fun kullanmas\u0131yla birlikte sosyal medyada, yine ayn\u0131 zamanda Bloggerlerin yo\u011fun bir payla\u015f\u0131m\u0131 oldu. Bu yo\u011funluk ayn\u0131 \u015fekilde devam etti. \u015euan g\u00fcn\u00fcm\u00fczde de ayn\u0131 \u015fekilde devam ediyor\u201d dedi.<\/p>\n<p>Do\u011fu Ekspresi\u2019nin bir de Turistik Do\u011fu Ekspresi ortaya \u00e7\u0131kard\u0131\u011f\u0131n\u0131 ifade eden Duman, \u201c\u015eimdi Do\u011fu Ekspresi ile gelen misafirlerimiz, burada konaklama ger\u00e7ekle\u015ftiriyor. Tabi Turistik Do\u011fu Ekspresi ile bunu ay\u0131rmak laz\u0131m. Turistik Do\u011fu Ekspresi ile maalesef konaklama ger\u00e7ekle\u015ftiremiyor. \u00c7\u00fcnk\u00fc belli noktalarda tren duruyor ve daha sonras\u0131nda tren durdu\u011fu noktada, insanlar seyahatini ger\u00e7ekle\u015ftiriyor. O b\u00f6lgenin g\u00fczelliklerini g\u00f6r\u00fcyor. Burada \u015funu ay\u0131rt etmemiz laz\u0131m. Do\u011fu Ekspresini tercih eden profilin durumuna bakmak laz\u0131m. Yani \u00fcniversiteliler, gen\u00e7ler taraf\u0131ndan \u00e7ok yo\u011fun tercih ediliyor. Ayn\u0131 zamanda b\u00f6lge halk\u0131 ula\u015f\u0131m arac\u0131 olarak ta tercih ediyor. Bu y\u00fczden fiyat fark\u0131na, fiyat dengesine \u00e7ok \u00f6nem vermemiz laz\u0131m. Turistik Eksprese g\u00f6re, b\u00f6yle bir \u015fikayetle kar\u015f\u0131 kar\u015f\u0131ya kal\u0131yoruz, asl\u0131nda birazda serzeni\u015fte bulunuyoruz. Turistik Ekspresin hak etti\u011fi fiyata kar\u015f\u0131l\u0131k bir de\u011fer g\u00f6rmediklerini ifade eden seyahat severler de oluyor. Do\u011fu Ekspresi ayn\u0131 \u015fekilde ivmesini devam ettiriyor. Buraya gelen insanlar \u00f6zellikle \u015fehrin turistik destenosyonlar\u0131 olan Kars\u2019\u0131n k\u00fclt\u00fcr, turizminde \u00f6nem arz eden k\u00fclt\u00fcrel miras de\u011ferlerini ziyaret ediyorlar. Bunlar\u0131n ba\u015f\u0131nda Ani \u00d6ren Yeri, Yine Kars\u2019\u0131n Balt\u0131k mimari \u00f6zelli\u011fini, m\u00fczeleri, ayn\u0131 zamanda di\u011fer \u00e7e\u015fitli destonosyanlar\u0131 ziyaret ediyorlar. \u00c7\u0131ld\u0131r G\u00f6l\u00fc\u2019n\u00fc ziyaret ediyorlar. Yine ayn\u0131 \u015fekilde \u015ear\u0131kam\u0131\u015f\u2019\u0131 ziyaret ediyorlar\u201d diye konu\u015ftu.<\/p>\n<p>\u00d6te yandan, Temmuz ay\u0131nda Do\u011fu Ekspresine ait t\u00fcm vagonlardaki biletler \u00e7ok k\u0131sa bir s\u00fcre i\u00e7erisinde sat\u0131l\u0131yor. Turistik Do\u011fu Ekspresi yine dolu dolu geliyor. Kars\u2019a gelenler kentte 2 veya 3 g\u00fcn kal\u0131yor.<\/p>\n","protected":false},"excerpt":{"rendered":"<p>DO\u011eU EKSPRES SEFERLER\u0130 YAZ AYINDA DA YO\u011eUN \u0130LG\u0130 G\u00d6R\u00dcYOR. KARS\u2019A DO\u011eU EKSPRES\u0130 \u0130LE KI\u015eIN YOLCULUK YAPANLAR, KARS\u2019I B\u0130R DE YAZIN G\u00d6RMEK \u0130\u00c7\u0130N KENTE GEL\u0130YOR.<\/p>\n","protected":false},"author":1,"featured_media":178227,"comment_status":"closed","ping_status":"open","sticky":false,"template":"","format":"standard","meta":{"jetpack_post_was_ever_published":false,"_jetpack_newsletter_access":"","_jetpack_dont_email_post_to_subs":false,"_jetpack_newsletter_tier_id":0,"_jetpack_memberships_contains_paywalled_content":false,"_jetpack_memberships_contains_paid_content":false,"footnotes":"","jetpack_publicize_message":"","jetpack_publicize_feature_enabled":true,"jetpack_social_post_already_shared":true,"jetpack_social_options":{"image_generator_settings":{"template":"highway","default_image_id":0,"font":"","enabled":false},"version":2}},"categories":[1],"tags":[2476,43666,183,10277],"class_list":["post-178226","post","type-post","status-publish","format-standard","has-post-thumbnail","hentry","category-genel","tag-dogu","tag-ekspresinde","tag-yaz","tag-yogunlugu"],"jetpack_publicize_connections":[],"jetpack_featured_media_url":"https:\/\/i0.wp.com\/www.tvturk.com\/wp-content\/uploads\/2019\/07\/dogu-ekspresinde-yaz-yogunlugu_340d84f.jpg?fit=1000%2C664","jetpack_sharing_enabled":true,"jetpack_shortlink":"https:\/\/wp.me\/paKIfm-KmC","_links":{"self":[{"href":"http:\/\/www.tvturk.com\/index.php\/wp-json\/wp\/v2\/posts\/178226","targetHints":{"allow":["GET"]}}],"collection":[{"href":"http:\/\/www.tvturk.com\/index.php\/wp-json\/wp\/v2\/posts"}],"about":[{"href":"http:\/\/www.tvturk.com\/index.php\/wp-json\/wp\/v2\/types\/post"}],"author":[{"embeddable":true,"href":"http:\/\/www.tvturk.com\/index.php\/wp-json\/wp\/v2\/users\/1"}],"replies":[{"embeddable":true,"href":"http:\/\/www.tvturk.com\/index.php\/wp-json\/wp\/v2\/comments?post=178226"}],"version-history":[{"count":0,"href":"http:\/\/www.tvturk.com\/index.php\/wp-json\/wp\/v2\/posts\/178226\/revisions"}],"wp:featuredmedia":[{"embeddable":true,"href":"http:\/\/www.tvturk.com\/index.php\/wp-json\/wp\/v2\/media\/178227"}],"wp:attachment":[{"href":"http:\/\/www.tvturk.com\/index.php\/wp-json\/wp\/v2\/media?parent=178226"}],"wp:term":[{"taxonomy":"category","embeddable":true,"href":"http:\/\/www.tvturk.com\/index.php\/wp-json\/wp\/v2\/categories?post=178226"},{"taxonomy":"post_tag","embeddable":true,"href":"http:\/\/www.tvturk.com\/index.php\/wp-json\/wp\/v2\/tags?post=178226"}],"curies":[{"name":"wp","href":"https:\/\/api.w.org\/{rel}","templated":true}]}}