{"id":178240,"date":"2019-07-05T14:16:11","date_gmt":"2019-07-05T11:16:11","guid":{"rendered":"http:\/\/www.tvturk.com\/index.php\/irandan-ingiltereye-tanker-uyarisi\/"},"modified":"2019-07-05T14:16:11","modified_gmt":"2019-07-05T11:16:11","slug":"irandan-ingiltereye-tanker-uyarisi","status":"publish","type":"post","link":"http:\/\/www.tvturk.com\/index.php\/irandan-ingiltereye-tanker-uyarisi\/","title":{"rendered":"\u0130ran\u2019dan \u0130ngiltere\u2019ye tanker uyar\u0131s\u0131"},"content":{"rendered":"<p>\u0130ran D\u00fczenin Yarar\u0131n\u0131 Te\u015fhis Konseyi Genel Sekreteri Muhsin R\u0131zayi \u0130ngiltere\u2019yi uyararak, \u201dE\u011fer \u0130ran petrol tankerlerinin el konulmas\u0131na ili\u015fkin eylemler devam ederse, \u0130ngiltere tankerlerine ayn\u0131 muamele yap\u0131lacakt\u0131r\u201d ifadelerini kulland\u0131.<\/p>\n<p>\u0130ngiltere\u2019nin Cebelitar\u0131k Bo\u011faz\u0131\u2019nda \u0130ran\u2019a ait petrol tankerine el koymas\u0131n\u0131 Twitter hesab\u0131ndan yapt\u0131\u011f\u0131 payla\u015f\u0131mla de\u011ferlendiren R\u0131zayi, \u0130ran\u2019\u0131n hi\u00e7bir zaman b\u00f6lgede gerginlik aray\u0131\u015f\u0131nda olmad\u0131\u011f\u0131n\u0131 belirtti. Muhsin R\u0131zayi payla\u015f\u0131m\u0131nda \u0130ran\u2019\u0131n hi\u00e7bir tehdit ve bask\u0131y\u0131 kar\u015f\u0131l\u0131ks\u0131z b\u0131rakmayaca\u011f\u0131na i\u015faret ederek, \u201d\u0130ran 40 y\u0131l boyunca hi\u00e7bir zaman sava\u015f ve gerginli\u011fi ba\u015faran taraf olmam\u0131\u015ft\u0131r\u201d ifadelerini kulland\u0131.<\/p>\n<p>\u0130ngiltere\u2019nin \u0130ran\u2019a ait petrol tankerine el koymas\u0131na tepki g\u00f6stereren R\u0131zayi, &#8220;E\u011fer \u0130ngiltere \u0130ran tankerlerini al\u0131koymaktan vazge\u00e7mez ise \u0130ran da ayn\u0131 muameleyi yapacakt\u0131r\u201d uyar\u0131s\u0131nda bulundu.<\/p>\n<p>\u0130ngiltere\u2019ye ba\u011fl\u0131 olan \u0130spanya\u2019n\u0131n g\u00fcneyindeki Cebelitar\u0131k \u00f6zerk y\u00f6netimi, ham petrol ta\u015f\u0131yan \u0130ran\u2019a ait bir tankeri al\u0131koydu\u011funu duyurmu\u015ftu. \u0130ran D\u0131\u015fi\u015fleri Bakanl\u0131\u011f\u0131, \u0130ngiltere\u2019nin \u0130ran\u2019a ait petrol tankerini al\u0131koymas\u0131 nedeniyle \u0130ngiltere\u2019nin Tahran B\u00fcy\u00fckel\u00e7isi Rob Macaire\u2019\u0131 bakanl\u0131\u011fa \u00e7a\u011f\u0131rm\u0131\u015ft\u0131. \u0130ran D\u0131\u015fi\u015fleri S\u00f6zc\u00fcs\u00fc Abbas Musevi \u0130ran\u2019a ait petrol tankerinin \u0130ngiltere taraf\u0131ndan kanunsuz bir \u015fekilde al\u0131konuldu\u011funu ifade etmi\u015fti.<\/p>\n","protected":false},"excerpt":{"rendered":"<p>\u0130RAN D\u00dcZEN\u0130N YARARINI TE\u015eH\u0130S KONSEY\u0130 GENEL SEKRETER\u0130 MUHS\u0130N RIZAY\u0130 \u0130NG\u0130LTERE\u2019Y\u0130 UYARARAK, \u201dE\u011eER \u0130RAN PETROL TANKERLER\u0130N\u0130N EL KONULMASINA \u0130L\u0130\u015eK\u0130N EYLEMLER DEVAM EDERSE, \u0130NG\u0130LTERE TANKERLER\u0130NE AYNI MUAMELE YAPILACAKTIR\u201d \u0130FADELER\u0130N\u0130 KULLANDI.<\/p>\n","protected":false},"author":1,"featured_media":178241,"comment_status":"closed","ping_status":"open","sticky":false,"template":"","format":"standard","meta":{"jetpack_post_was_ever_published":false,"_jetpack_newsletter_access":"","_jetpack_dont_email_post_to_subs":false,"_jetpack_newsletter_tier_id":0,"_jetpack_memberships_contains_paywalled_content":false,"_jetpack_memberships_contains_paid_content":false,"footnotes":"","jetpack_publicize_message":"","jetpack_publicize_feature_enabled":true,"jetpack_social_post_already_shared":true,"jetpack_social_options":{"image_generator_settings":{"template":"highway","default_image_id":0,"font":"","enabled":false},"version":2}},"categories":[10],"tags":[19637,10340,19555,914],"class_list":["post-178240","post","type-post","status-publish","format-standard","has-post-thumbnail","hentry","category-dunya","tag-ingiltereye","tag-irandan","tag-tanker","tag-uyarisi"],"jetpack_publicize_connections":[],"jetpack_featured_media_url":"https:\/\/i0.wp.com\/www.tvturk.com\/wp-content\/uploads\/2019\/07\/irandan-ingiltereye-tanker-uyarisi_3b1625c.jpg?fit=1000%2C666","jetpack_sharing_enabled":true,"jetpack_shortlink":"https:\/\/wp.me\/paKIfm-KmQ","_links":{"self":[{"href":"http:\/\/www.tvturk.com\/index.php\/wp-json\/wp\/v2\/posts\/178240","targetHints":{"allow":["GET"]}}],"collection":[{"href":"http:\/\/www.tvturk.com\/index.php\/wp-json\/wp\/v2\/posts"}],"about":[{"href":"http:\/\/www.tvturk.com\/index.php\/wp-json\/wp\/v2\/types\/post"}],"author":[{"embeddable":true,"href":"http:\/\/www.tvturk.com\/index.php\/wp-json\/wp\/v2\/users\/1"}],"replies":[{"embeddable":true,"href":"http:\/\/www.tvturk.com\/index.php\/wp-json\/wp\/v2\/comments?post=178240"}],"version-history":[{"count":0,"href":"http:\/\/www.tvturk.com\/index.php\/wp-json\/wp\/v2\/posts\/178240\/revisions"}],"wp:featuredmedia":[{"embeddable":true,"href":"http:\/\/www.tvturk.com\/index.php\/wp-json\/wp\/v2\/media\/178241"}],"wp:attachment":[{"href":"http:\/\/www.tvturk.com\/index.php\/wp-json\/wp\/v2\/media?parent=178240"}],"wp:term":[{"taxonomy":"category","embeddable":true,"href":"http:\/\/www.tvturk.com\/index.php\/wp-json\/wp\/v2\/categories?post=178240"},{"taxonomy":"post_tag","embeddable":true,"href":"http:\/\/www.tvturk.com\/index.php\/wp-json\/wp\/v2\/tags?post=178240"}],"curies":[{"name":"wp","href":"https:\/\/api.w.org\/{rel}","templated":true}]}}