{"id":178248,"date":"2019-07-05T14:16:40","date_gmt":"2019-07-05T11:16:40","guid":{"rendered":"http:\/\/www.tvturk.com\/index.php\/baskan-akgun-lavanta-bircok-ailenin-gecim-kaynagi-olacak\/"},"modified":"2019-07-05T14:16:40","modified_gmt":"2019-07-05T11:16:40","slug":"baskan-akgun-lavanta-bircok-ailenin-gecim-kaynagi-olacak","status":"publish","type":"post","link":"http:\/\/www.tvturk.com\/index.php\/baskan-akgun-lavanta-bircok-ailenin-gecim-kaynagi-olacak\/","title":{"rendered":"Ba\u015fkan Akg\u00fcn, \u201cLavanta, bir\u00e7ok ailenin ge\u00e7im kayna\u011f\u0131 olacak\u201d"},"content":{"rendered":"<p>B\u00fcy\u00fck\u00e7ekmece Belediye Ba\u015fkan\u0131 Dr. Hasan Akg\u00fcn \u015fehir tar\u0131m\u0131n\u0131n \u00f6nemine dikkat \u00e7ekerek, B\u00fcy\u00fck\u00e7ekmece\u2019de lavanta yeti\u015ftiricili\u011fini \u00f6zendirmek ad\u0131na proje \u00fcretilece\u011fini s\u00f6yledi.<\/p>\n<p>Mine Baysu isimli kad\u0131n giri\u015fimcinin B\u00fcy\u00fck\u00e7ekmece il\u00e7esi T\u00fcrkoba Mahallesi\u2019ndeki tarlas\u0131nda yeti\u015ftirdi\u011fi lavantalar\u0131n ilk hasad\u0131 Belediye Ba\u015fkan\u0131 Dr. Hasan Akg\u00fcn, CHP B\u00fcy\u00fck\u00e7ekmece \u0130l\u00e7e Ba\u015fkan\u0131 H. Remzi G\u00f6kbulak ve Belediye Meclis \u00dcyesi Nevzat Sezen taraf\u0131ndan yap\u0131ld\u0131.<\/p>\n<p>\u201cB\u00fcy\u00fck\u015fehir Belediyesi\u2019nin deste\u011fiyle hayata ge\u00e7ecek\u201d<\/p>\n<p>Lavanta hasad\u0131yla birlikte bir\u00e7ok ailenin gelir durumunun y\u00fckselece\u011fini ve arazi sahiplerinin b\u00fcy\u00fck gelir elde edece\u011fini belirten Ba\u015fkan Dr. Hasan Akg\u00fcn, \u201cBu proje, arazi sahiplerinin b\u00fcy\u00fck gelir elde etmeleri ve \u0130stanbul halk\u0131na \u00fcreticiden t\u00fcketiciye mant\u0131\u011f\u0131yla daha ucuza mahsul \u00fcretme bak\u0131m\u0131ndan b\u00fcy\u00fck \u00f6nem te\u015fkil ediyor. Lavanta bundan sonra bir\u00e7ok ailenin ge\u00e7im kayna\u011f\u0131 olacak. Say\u0131n B\u00fcy\u00fck\u015fehir Belediye Ba\u015fkan\u0131m\u0131z Ekrem \u0130mamo\u011flu\u2019nun da deste\u011fiyle bu y\u00f6ndeki projeyi bu seneden itibaren hayata ge\u00e7irece\u011fiz\u201d dedi.<\/p>\n<p>\u201c\u0130stanbul\u2019un tar\u0131m yap\u0131lacak arazilerinde yeni bir d\u00f6nem ba\u015flayacak\u201d<\/p>\n<p>Lavanta hasad\u0131n\u0131n yap\u0131ld\u0131\u011f\u0131 arazide incelemelerde bulunan Ba\u015fkan Akg\u00fcn s\u00f6zlerine \u015fu \u015fekilde devam etti, \u201cSilivri eski belediye ba\u015fkan\u0131m\u0131z \u00d6zcan I\u015f\u0131klar\u2019\u0131n ekibinin de katk\u0131s\u0131yla B\u00fcy\u00fck\u00e7ekmece\u2019de lavanta ekimi ger\u00e7ekle\u015ftirildi. Silivri, \u00c7atalca ve B\u00fcy\u00fck\u00e7ekmece\u2019nin buna haz\u0131r oldu\u011funu s\u00f6yleyebiliriz. \u00c7ok b\u00fcy\u00fck ve bo\u015f arazilerimiz var. Hi\u00e7bir zaman imara a\u00e7mayaca\u011f\u0131z. M\u00fcthi\u015f bir mahsul al\u0131nd\u0131. De\u011feri y\u00fcksek. Buradan elde edilen lavantalar Silivri Belediyesi\u2019nin kurmu\u015f oldu\u011fu tesiste ya\u011fa d\u00f6n\u00fc\u015ft\u00fcr\u00fcl\u00fcyor. B\u00fcy\u00fck\u015fehir Belediye Ba\u015fkan\u0131m\u0131z Say\u0131n Ekrem \u0130mamo\u011flu \u0130stanbul\u2019un k\u0131rsal\u0131nda ve tar\u0131m yap\u0131lacak arazilerinde yeni bir d\u00f6nemin ba\u015flayaca\u011f\u0131n\u0131, \u0130stanbul\u2019da \u015fehir tar\u0131m\u0131n\u0131n yap\u0131lmas\u0131 hususunda projeler haz\u0131rlad\u0131\u011f\u0131n\u0131 ifade etmi\u015fti. Lavanta kokusu ve g\u00f6rselli\u011fiyle m\u00fcthi\u015f bir bitki. Ayn\u0131 zamanda \u015fehrin de g\u00fczelli\u011fine g\u00fczellik kat\u0131yor. Tar\u0131mla u\u011fra\u015fan dernekler, tar\u0131m odalar\u0131 ve \u00fcniversitelerle bu i\u015fi yapaca\u011f\u0131z\u201d dedi.<\/p>\n","protected":false},"excerpt":{"rendered":"<p>M\u0130NE BAYSU \u0130S\u0130ML\u0130 KADIN G\u0130R\u0130\u015e\u0130MC\u0130N\u0130N B\u00dcY\u00dcK\u00c7EKMECE \u0130L\u00c7ES\u0130 T\u00dcRKOBA MAHALLES\u0130\u2019NDEK\u0130 TARLASINDA YET\u0130\u015eT\u0130RD\u0130\u011e\u0130 LAVANTALARIN \u0130LK HASADI BELED\u0130YE BA\u015eKANI DR. HASAN AKG\u00dcN&#8217;\u00dcN KATILIMIYLA YAPILDI<\/p>\n","protected":false},"author":1,"featured_media":178249,"comment_status":"closed","ping_status":"open","sticky":false,"template":"","format":"standard","meta":{"jetpack_post_was_ever_published":false,"_jetpack_newsletter_access":"","_jetpack_dont_email_post_to_subs":false,"_jetpack_newsletter_tier_id":0,"_jetpack_memberships_contains_paywalled_content":false,"_jetpack_memberships_contains_paid_content":false,"footnotes":"","jetpack_publicize_message":"","jetpack_publicize_feature_enabled":true,"jetpack_social_post_already_shared":true,"jetpack_social_options":{"image_generator_settings":{"template":"highway","default_image_id":0,"font":"","enabled":false},"version":2}},"categories":[1],"tags":[33462,6399,21165,100,9366,23577,11246,1189],"class_list":["post-178248","post","type-post","status-publish","format-standard","has-post-thumbnail","hentry","category-genel","tag-lavanta","tag-ailenin","tag-akgun","tag-baskan","tag-bircok","tag-gecim","tag-kaynagi","tag-olacak"],"jetpack_publicize_connections":[],"jetpack_featured_media_url":"https:\/\/i0.wp.com\/www.tvturk.com\/wp-content\/uploads\/2019\/07\/baskan-akgun-lavanta-bircok-ailenin-gecim-kaynagi-olacak_f75ad23.jpg?fit=1000%2C666","jetpack_sharing_enabled":true,"jetpack_shortlink":"https:\/\/wp.me\/paKIfm-KmY","_links":{"self":[{"href":"http:\/\/www.tvturk.com\/index.php\/wp-json\/wp\/v2\/posts\/178248","targetHints":{"allow":["GET"]}}],"collection":[{"href":"http:\/\/www.tvturk.com\/index.php\/wp-json\/wp\/v2\/posts"}],"about":[{"href":"http:\/\/www.tvturk.com\/index.php\/wp-json\/wp\/v2\/types\/post"}],"author":[{"embeddable":true,"href":"http:\/\/www.tvturk.com\/index.php\/wp-json\/wp\/v2\/users\/1"}],"replies":[{"embeddable":true,"href":"http:\/\/www.tvturk.com\/index.php\/wp-json\/wp\/v2\/comments?post=178248"}],"version-history":[{"count":0,"href":"http:\/\/www.tvturk.com\/index.php\/wp-json\/wp\/v2\/posts\/178248\/revisions"}],"wp:featuredmedia":[{"embeddable":true,"href":"http:\/\/www.tvturk.com\/index.php\/wp-json\/wp\/v2\/media\/178249"}],"wp:attachment":[{"href":"http:\/\/www.tvturk.com\/index.php\/wp-json\/wp\/v2\/media?parent=178248"}],"wp:term":[{"taxonomy":"category","embeddable":true,"href":"http:\/\/www.tvturk.com\/index.php\/wp-json\/wp\/v2\/categories?post=178248"},{"taxonomy":"post_tag","embeddable":true,"href":"http:\/\/www.tvturk.com\/index.php\/wp-json\/wp\/v2\/tags?post=178248"}],"curies":[{"name":"wp","href":"https:\/\/api.w.org\/{rel}","templated":true}]}}