{"id":178276,"date":"2019-07-05T15:01:49","date_gmt":"2019-07-05T12:01:49","guid":{"rendered":"http:\/\/www.tvturk.com\/index.php\/heyelan-alani-afet-bolgesi-kabul-edildi\/"},"modified":"2019-07-05T15:01:49","modified_gmt":"2019-07-05T12:01:49","slug":"heyelan-alani-afet-bolgesi-kabul-edildi","status":"publish","type":"post","link":"http:\/\/www.tvturk.com\/index.php\/heyelan-alani-afet-bolgesi-kabul-edildi\/","title":{"rendered":"Heyelan alan\u0131 afet b\u00f6lgesi kabul edildi"},"content":{"rendered":"<p>Ge\u00e7en \u015fubat ay\u0131nda meydana gelen heyelan sonras\u0131 \u0130zmir\u2019in Bornova il\u00e7esine ba\u011fl\u0131 E\u011fridere Mahallesi, Cumhurba\u015fkan\u0131 Recep Tayyip Erdo\u011fan\u2019\u0131n onay\u0131yla afet b\u00f6lgesi kabul edildi.<\/p>\n<p>\u0130zmir\u2019in Bornova il\u00e7esine ba\u011fl\u0131 E\u011fridere Mahallesi\u2019nde ge\u00e7en \u015fubat ay\u0131n\u0131n ba\u015f\u0131nda ba\u015flad\u0131\u011f\u0131 belirtilen yer hareketlili\u011fi sonras\u0131 a\u015f\u0131r\u0131 ya\u011f\u0131\u015flar\u0131n da etkisiyle 16 \u015eubat\u2019ta heyelan meydana gelmi\u015fti. Heyelan nedeniyle \u00e7ok say\u0131da ev kullan\u0131lamaz hale gelirken, b\u00f6lge sakinleri evlerini terk etmi\u015fti. Ge\u00e7en s\u00fcre zarf\u0131nda baz\u0131 mahalle sakinleri kiraya \u00e7\u0131km\u0131\u015f, baz\u0131lar\u0131 da yak\u0131nlar\u0131n\u0131n yan\u0131na yerle\u015fmi\u015fti. E\u011fridere Mahallesi ile ilgili \u00f6nemli bir geli\u015fme ya\u015fand\u0131. Yap\u0131lan incelemelerin ard\u0131ndan Cumhurba\u015fkan\u0131 Recep Tayyip Erdo\u011fan\u2019\u0131n onay\u0131yla 45 konut ve 39 ah\u0131r\u0131n bulundu\u011fu alan, afet b\u00f6lgesi kabul edildi. Kurulacak komisyonlar\u0131n tespitlerinin ard\u0131ndan zarara u\u011frayan hak sahiplerine gerekli yard\u0131mlar\u0131n yap\u0131laca\u011f\u0131 \u00f6\u011frenildi.<\/p>\n","protected":false},"excerpt":{"rendered":"<p>\u015eUBAT AYINDA MEYDANA GELEN HEYELAN SONRASI \u0130ZM\u0130R&#8217;\u0130N BORNOVA \u0130L\u00c7ES\u0130NE BA\u011eLI E\u011eR\u0130DERE MAHALLES\u0130, CUMHURBA\u015eKANI RECEP TAYY\u0130P ERDO\u011eAN&#8217;IN ONAYIYLA AFET B\u00d6LGES\u0130 KABUL ED\u0130LD\u0130.<\/p>\n","protected":false},"author":1,"featured_media":178277,"comment_status":"closed","ping_status":"open","sticky":false,"template":"","format":"standard","meta":{"jetpack_post_was_ever_published":false,"_jetpack_newsletter_access":"","_jetpack_dont_email_post_to_subs":false,"_jetpack_newsletter_tier_id":0,"_jetpack_memberships_contains_paywalled_content":false,"_jetpack_memberships_contains_paid_content":false,"footnotes":"","jetpack_publicize_message":"","jetpack_publicize_feature_enabled":true,"jetpack_social_post_already_shared":true,"jetpack_social_options":{"image_generator_settings":{"template":"highway","default_image_id":0,"font":"","enabled":false},"version":2}},"categories":[1],"tags":[13993,3386,10633,857,8768,654],"class_list":["post-178276","post","type-post","status-publish","format-standard","has-post-thumbnail","hentry","category-genel","tag-afet","tag-alani","tag-bolgesi","tag-edildi","tag-heyelan","tag-kabul"],"jetpack_publicize_connections":[],"jetpack_featured_media_url":"https:\/\/i0.wp.com\/www.tvturk.com\/wp-content\/uploads\/2019\/07\/heyelan-alani-afet-bolgesi-kabul-edildi_42cf4fd.jpg?fit=1000%2C562","jetpack_sharing_enabled":true,"jetpack_shortlink":"https:\/\/wp.me\/paKIfm-Knq","_links":{"self":[{"href":"http:\/\/www.tvturk.com\/index.php\/wp-json\/wp\/v2\/posts\/178276","targetHints":{"allow":["GET"]}}],"collection":[{"href":"http:\/\/www.tvturk.com\/index.php\/wp-json\/wp\/v2\/posts"}],"about":[{"href":"http:\/\/www.tvturk.com\/index.php\/wp-json\/wp\/v2\/types\/post"}],"author":[{"embeddable":true,"href":"http:\/\/www.tvturk.com\/index.php\/wp-json\/wp\/v2\/users\/1"}],"replies":[{"embeddable":true,"href":"http:\/\/www.tvturk.com\/index.php\/wp-json\/wp\/v2\/comments?post=178276"}],"version-history":[{"count":0,"href":"http:\/\/www.tvturk.com\/index.php\/wp-json\/wp\/v2\/posts\/178276\/revisions"}],"wp:featuredmedia":[{"embeddable":true,"href":"http:\/\/www.tvturk.com\/index.php\/wp-json\/wp\/v2\/media\/178277"}],"wp:attachment":[{"href":"http:\/\/www.tvturk.com\/index.php\/wp-json\/wp\/v2\/media?parent=178276"}],"wp:term":[{"taxonomy":"category","embeddable":true,"href":"http:\/\/www.tvturk.com\/index.php\/wp-json\/wp\/v2\/categories?post=178276"},{"taxonomy":"post_tag","embeddable":true,"href":"http:\/\/www.tvturk.com\/index.php\/wp-json\/wp\/v2\/tags?post=178276"}],"curies":[{"name":"wp","href":"https:\/\/api.w.org\/{rel}","templated":true}]}}