{"id":178312,"date":"2019-07-05T15:46:32","date_gmt":"2019-07-05T12:46:32","guid":{"rendered":"http:\/\/www.tvturk.com\/index.php\/catida-mahsur-kalan-guvercini-itfaiye-ekipleri-kurtardi\/"},"modified":"2019-07-05T15:46:32","modified_gmt":"2019-07-05T12:46:32","slug":"catida-mahsur-kalan-guvercini-itfaiye-ekipleri-kurtardi","status":"publish","type":"post","link":"http:\/\/www.tvturk.com\/index.php\/catida-mahsur-kalan-guvercini-itfaiye-ekipleri-kurtardi\/","title":{"rendered":"\u00c7at\u0131da mahsur kalan g\u00fcvercini itfaiye ekipleri kurtard\u0131"},"content":{"rendered":"<p>A\u011fr\u0131\u2019da bir binan\u0131n \u00e7at\u0131s\u0131ndan sarkan ipin aya\u011f\u0131na dolanmas\u0131yla \u00e7at\u0131da as\u0131l\u0131 halde mahsur kalan g\u00fcvercin, itfaiye ekipleri taraf\u0131ndan kurtar\u0131ld\u0131<\/p>\n<p>A\u011fr\u0131 merkezde 4 katl\u0131 bir binan\u0131n \u00e7at\u0131s\u0131ndan sarkan ipin aya\u011f\u0131na dolanmas\u0131yla u\u00e7amay\u0131p, \u00e7at\u0131da as\u0131l\u0131 bir \u015fekilde \u00e7\u0131rp\u0131nan g\u00fcvercini fark eden vatanda\u015flar itfaiye ekiplerine haber verdi. Olay yerine gelen A\u011fr\u0131 Belediyesi itfaiye ekibi personeli, itfaiye merdiveni yard\u0131m\u0131yla \u00e7at\u0131ya \u00e7\u0131karak g\u00fcvercini kurtard\u0131.<\/p>\n<p>G\u00fcvercinin bulundu\u011fu yerden kurtar\u0131lma an\u0131n\u0131 vatanda\u015flar\u0131n cep telefonu kameralar\u0131na yans\u0131d\u0131.<\/p>\n","protected":false},"excerpt":{"rendered":"<p>A\u011eRIDA B\u0130R B\u0130NANIN \u00c7ATISINDAN SARKAN \u0130P\u0130N AYA\u011eINA DOLANMASIYLA \u00c7ATIDA ASILI B\u0130R \u015eEK\u0130LDE MAHSUR KALAN G\u00dcVERC\u0130N, \u0130TFA\u0130YE EK\u0130PLER\u0130 TARAFINDAN KURTARILDI<\/p>\n","protected":false},"author":1,"featured_media":178313,"comment_status":"closed","ping_status":"open","sticky":false,"template":"","format":"standard","meta":{"jetpack_post_was_ever_published":false,"_jetpack_newsletter_access":"","_jetpack_dont_email_post_to_subs":false,"_jetpack_newsletter_tier_id":0,"_jetpack_memberships_contains_paywalled_content":false,"_jetpack_memberships_contains_paid_content":false,"footnotes":"","jetpack_publicize_message":"","jetpack_publicize_feature_enabled":true,"jetpack_social_post_already_shared":true,"jetpack_social_options":{"image_generator_settings":{"template":"highway","default_image_id":0,"font":"","enabled":false},"version":2}},"categories":[1],"tags":[2113,859,21387,764,1274,477,2381],"class_list":["post-178312","post","type-post","status-publish","format-standard","has-post-thumbnail","hentry","category-genel","tag-catida","tag-ekipleri","tag-guvercini","tag-itfaiye","tag-kalan","tag-kurtardi","tag-mahsur"],"jetpack_publicize_connections":[],"jetpack_featured_media_url":"https:\/\/i0.wp.com\/www.tvturk.com\/wp-content\/uploads\/2019\/07\/catida-mahsur-kalan-guvercini-itfaiye-ekipleri-kurtardi_05fc8db.jpg?fit=544%2C1000","jetpack_sharing_enabled":true,"jetpack_shortlink":"https:\/\/wp.me\/paKIfm-Ko0","_links":{"self":[{"href":"http:\/\/www.tvturk.com\/index.php\/wp-json\/wp\/v2\/posts\/178312","targetHints":{"allow":["GET"]}}],"collection":[{"href":"http:\/\/www.tvturk.com\/index.php\/wp-json\/wp\/v2\/posts"}],"about":[{"href":"http:\/\/www.tvturk.com\/index.php\/wp-json\/wp\/v2\/types\/post"}],"author":[{"embeddable":true,"href":"http:\/\/www.tvturk.com\/index.php\/wp-json\/wp\/v2\/users\/1"}],"replies":[{"embeddable":true,"href":"http:\/\/www.tvturk.com\/index.php\/wp-json\/wp\/v2\/comments?post=178312"}],"version-history":[{"count":0,"href":"http:\/\/www.tvturk.com\/index.php\/wp-json\/wp\/v2\/posts\/178312\/revisions"}],"wp:featuredmedia":[{"embeddable":true,"href":"http:\/\/www.tvturk.com\/index.php\/wp-json\/wp\/v2\/media\/178313"}],"wp:attachment":[{"href":"http:\/\/www.tvturk.com\/index.php\/wp-json\/wp\/v2\/media?parent=178312"}],"wp:term":[{"taxonomy":"category","embeddable":true,"href":"http:\/\/www.tvturk.com\/index.php\/wp-json\/wp\/v2\/categories?post=178312"},{"taxonomy":"post_tag","embeddable":true,"href":"http:\/\/www.tvturk.com\/index.php\/wp-json\/wp\/v2\/tags?post=178312"}],"curies":[{"name":"wp","href":"https:\/\/api.w.org\/{rel}","templated":true}]}}