{"id":178322,"date":"2019-07-05T15:47:23","date_gmt":"2019-07-05T12:47:23","guid":{"rendered":"http:\/\/www.tvturk.com\/index.php\/samsunspor-guido-kocer-ile-2-yillik-sozlesme-imzaladi\/"},"modified":"2019-07-05T15:47:23","modified_gmt":"2019-07-05T12:47:23","slug":"samsunspor-guido-kocer-ile-2-yillik-sozlesme-imzaladi","status":"publish","type":"post","link":"http:\/\/www.tvturk.com\/index.php\/samsunspor-guido-kocer-ile-2-yillik-sozlesme-imzaladi\/","title":{"rendered":"Samsunspor, Guido Ko\u00e7er ile 2 y\u0131ll\u0131k s\u00f6zle\u015fme imzalad\u0131"},"content":{"rendered":"<p>Y\u0131lport Samsunspor, Guido Ko\u00e7er\u2019i iki y\u0131ll\u0131\u011f\u0131na renklerine ba\u011flad\u0131.<\/p>\n<p>Bu sabah \u00f6nce sa\u011fl\u0131k kontrol\u00fcnden ge\u00e7en Guido Ko\u00e7er, daha sonra Genel Menajer Mustafa Aztopal ve Teknik Menajer Y\u00fccel Uyar\u2019\u0131n da kat\u0131ld\u0131\u011f\u0131 t\u00f6rende 2 y\u0131ll\u0131k s\u00f6zle\u015fmeye imza att\u0131. \u0130mza t\u00f6reni \u00f6ncesi konu\u015fan Genel Menajer Mustafa Aztopal, \u201cBu sezon 3\u2019\u00fcnc\u00fc transferimizi ger\u00e7ekle\u015ftiriyoruz. Uzun y\u0131llard\u0131r T\u00fcrkiye ve ondan \u00f6nce Almanya\u2019da ba\u015far\u0131yla kariyerini devam ettiren bir oyuncu. Sezon ba\u015f\u0131nda s\u00f6yledi\u011fimiz nokta at\u0131\u015f\u0131 transferlerimizden bir tanesi. G\u00f6r\u00fc\u015fmelerimiz olumlu neticelendi ve Samsunspor\u2019da oynamaktan \u00e7ok mutlu olaca\u011f\u0131n\u0131 belirtti. Ailemize hem karakter olarak hem de oyun kalitesi olarak \u00e7ok de\u011ferli bir birey katmaktan son derece mutluyuz\u201d dedi.<\/p>\n<p>Menajer Uyar: \u201cSay\u0131dan \u00e7ok kaliteye odakland\u0131k\u201d<\/p>\n<p>Guido Ko\u00e7er\u2019in tak\u0131m\u0131n g\u00fcc\u00fcne g\u00fc\u00e7 kataca\u011f\u0131n\u0131 belirten Teknik Menajer Y\u00fccel Uyar ise, \u201cBu sene say\u0131dan \u00e7ok kaliteye odakland\u0131k. \u00c7\u00fcnk\u00fc elimizde ge\u00e7en seneden bir tak\u0131m\u0131m\u0131z var. \u00d6nceki sezon 73 puan ald\u0131k ama \u015fampiyon olamad\u0131k. Eksik yerlerdeki analizlerimizi iyi yapt\u0131k. Bu sene de nokta transferlerle tak\u0131m\u0131m\u0131z\u0131 daha da g\u00fc\u00e7lendirdik. Guido Ko\u00e7er\u2019in de g\u00fcc\u00fcm\u00fcze g\u00fc\u00e7 kataca\u011f\u0131n\u0131 d\u00fc\u015f\u00fcn\u00fcyoruz. Tak\u0131m\u0131m\u0131z bu sene in\u015fallah \u015fampiyonlu\u011fa ko\u015farken Guido Ko\u00e7er\u2019in de bize katk\u0131s\u0131 olaca\u011f\u0131n\u0131 d\u00fc\u015f\u00fcn\u00fcyoruz. \u0130n\u015fallah herkesin keyif alaca\u011f\u0131, iyi m\u00fccadele eden Samsunspor\u2019u bu sene 25 bin ki\u015fiyle \u2018dolu dolu izleriz\u2019 diye d\u00fc\u015f\u00fcn\u00fcyorum. Guido Ko\u00e7er\u2019in de bu \u015fampiyonlu\u011fa katk\u0131 sa\u011flayaca\u011f\u0131na inan\u0131yorum\u201d diye konu\u015ftu.<\/p>\n<p>Ko\u00e7er: \u201cSamsunspor\u2019un yeri buras\u0131 de\u011fil\u201d<\/p>\n<p>Guido Ko\u00e7er de imza t\u00f6reninde yapt\u0131\u011f\u0131 konu\u015fmada \u015fu ifadeleri kulland\u0131:<\/p>\n<p>\u201cHer \u015feyimi verece\u011fimin bilinmesini isterim. Bu kul\u00fcb\u00fcn bir plan\u0131 var. Samsunspor\u2019un yeri buras\u0131 de\u011fil. Biz hep beraber benim de verebilece\u011fimin en fazlas\u0131yla bu kul\u00fcb\u00fc \u00fcst liglere ta\u015f\u0131mak durumunday\u0131z. Bunun sava\u015f\u0131n\u0131 vermek i\u00e7in buraday\u0131m. Almanya\u2019da dolu trib\u00fcnlere kar\u015f\u0131 oynad\u0131m. Ben de o taraftar\u0131n \u00f6n\u00fcnde keyifle oynuyordum. Fakat T\u00fcrkiye\u2019deki daha \u00f6nceki tak\u0131mlar\u0131mda bu taraftarlar\u0131 yakalayamad\u0131k. Samsun\u2019daki taraftarlar da \u00e7ok fazla ve kalabal\u0131k \u015fekilde ma\u00e7lar\u0131 izliyorlar. Bu da beni motive edecek ve ben de bundan \u00e7ok b\u00fcy\u00fck mutluluk duyaca\u011f\u0131m.\u201d<\/p>\n","protected":false},"excerpt":{"rendered":"<p>YILPORT SAMSUNSPOR, GU\u0130DO KO\u00c7ER\u2019\u0130 \u0130K\u0130 YILLI\u011eINA RENKLER\u0130NE BA\u011eLADI.<\/p>\n","protected":false},"author":1,"featured_media":178323,"comment_status":"closed","ping_status":"open","sticky":false,"template":"","format":"standard","meta":{"jetpack_post_was_ever_published":false,"_jetpack_newsletter_access":"","_jetpack_dont_email_post_to_subs":false,"_jetpack_newsletter_tier_id":0,"_jetpack_memberships_contains_paywalled_content":false,"_jetpack_memberships_contains_paid_content":false,"footnotes":"","jetpack_publicize_message":"","jetpack_publicize_feature_enabled":true,"jetpack_social_post_already_shared":true,"jetpack_social_options":{"image_generator_settings":{"template":"highway","default_image_id":0,"font":"","enabled":false},"version":2}},"categories":[657],"tags":[43694,192,2317,41997,8450,4475,710],"class_list":["post-178322","post","type-post","status-publish","format-standard","has-post-thumbnail","hentry","category-spor","tag-guido","tag-ile","tag-imzaladi","tag-kocer","tag-samsunspor","tag-sozlesme","tag-yillik"],"jetpack_publicize_connections":[],"jetpack_featured_media_url":"https:\/\/i0.wp.com\/www.tvturk.com\/wp-content\/uploads\/2019\/07\/samsunspor-guido-kocer-ile-2-yillik-sozlesme-imzaladi_08dd322.jpg?fit=1000%2C730","jetpack_sharing_enabled":true,"jetpack_shortlink":"https:\/\/wp.me\/paKIfm-Koa","_links":{"self":[{"href":"http:\/\/www.tvturk.com\/index.php\/wp-json\/wp\/v2\/posts\/178322","targetHints":{"allow":["GET"]}}],"collection":[{"href":"http:\/\/www.tvturk.com\/index.php\/wp-json\/wp\/v2\/posts"}],"about":[{"href":"http:\/\/www.tvturk.com\/index.php\/wp-json\/wp\/v2\/types\/post"}],"author":[{"embeddable":true,"href":"http:\/\/www.tvturk.com\/index.php\/wp-json\/wp\/v2\/users\/1"}],"replies":[{"embeddable":true,"href":"http:\/\/www.tvturk.com\/index.php\/wp-json\/wp\/v2\/comments?post=178322"}],"version-history":[{"count":0,"href":"http:\/\/www.tvturk.com\/index.php\/wp-json\/wp\/v2\/posts\/178322\/revisions"}],"wp:featuredmedia":[{"embeddable":true,"href":"http:\/\/www.tvturk.com\/index.php\/wp-json\/wp\/v2\/media\/178323"}],"wp:attachment":[{"href":"http:\/\/www.tvturk.com\/index.php\/wp-json\/wp\/v2\/media?parent=178322"}],"wp:term":[{"taxonomy":"category","embeddable":true,"href":"http:\/\/www.tvturk.com\/index.php\/wp-json\/wp\/v2\/categories?post=178322"},{"taxonomy":"post_tag","embeddable":true,"href":"http:\/\/www.tvturk.com\/index.php\/wp-json\/wp\/v2\/tags?post=178322"}],"curies":[{"name":"wp","href":"https:\/\/api.w.org\/{rel}","templated":true}]}}