{"id":178330,"date":"2019-07-05T16:01:58","date_gmt":"2019-07-05T13:01:58","guid":{"rendered":"http:\/\/www.tvturk.com\/index.php\/diyanet-isleri-baskani-konyada-cuma-namazini-kildirdi\/"},"modified":"2019-07-05T16:01:58","modified_gmt":"2019-07-05T13:01:58","slug":"diyanet-isleri-baskani-konyada-cuma-namazini-kildirdi","status":"publish","type":"post","link":"http:\/\/www.tvturk.com\/index.php\/diyanet-isleri-baskani-konyada-cuma-namazini-kildirdi\/","title":{"rendered":"Diyanet \u0130\u015fleri Ba\u015fkan\u0131 Konya\u2019da cuma namaz\u0131n\u0131 k\u0131ld\u0131rd\u0131"},"content":{"rendered":"<p>Konya\u2019da bulunan Diyanet \u0130\u015fleri Ba\u015fkan\u0131 Prof. Dr. Ali Erba\u015f, Kapu Cami\u2019nde hutbe okudu ve cuma namaz\u0131n\u0131 k\u0131ld\u0131rd\u0131.<\/p>\n<p>Diyanet \u0130\u015fleri Ba\u015fkan\u0131 Prof. Dr. Ali Erba\u015f, kent merkezindeki Kapu Cami\u2019nde Cuma hutbesinde, iffet ve ailenin \u00f6neminden bahsetti. Allah\u2019\u0131n, insan olmam\u0131z\u0131n haysiyet ve \u015ferefine uygun bir hayat s\u00fcrmemizi istedi\u011fini s\u00f6yleyen Erba\u015f, \u201cEvlenerek bir yuva kurmam\u0131z\u0131, imanl\u0131 ve sa\u011fl\u0131kl\u0131 nesiller yeti\u015ftirmemizi emreder. Neslimizi muhafaza etmek ve gelece\u011fimize sahip \u00e7\u0131kmak, m\u00fcmin bir kul olarak hepimizin vazifesidir. Nesil g\u00fcvenli\u011fi, en az can ve mal g\u00fcvenli\u011fimiz kadar de\u011ferlidir ve dokunulmazd\u0131r. \u0130ffet ve haysiyetimiz, helal dairesinde ya\u015fama gayretimiz mukaddestir. Hem kad\u0131n\u0131n hem de erke\u011fin iffetini, sayg\u0131nl\u0131\u011f\u0131n\u0131 ve haklar\u0131n\u0131 korumaya yard\u0131m eden en de\u011ferli kurum ailedir. Aile hayat\u0131, aram\u0131zda g\u00fcven ve huzur ba\u011flar\u0131 \u00f6rer. Aileyi yok sayan ve aile yap\u0131s\u0131n\u0131 bozan her t\u00fcrl\u00fc d\u00fc\u015f\u00fcnce ve davran\u0131\u015f, asl\u0131nda toplumsal ba\u011flar\u0131 hedef almaktad\u0131r. Bir toplumun gelece\u011fine umutla bakabilmesi i\u00e7in \u00f6ncelikle evlenme \u00e7a\u011f\u0131na gelmi\u015f gen\u00e7 ku\u015faklar, bir yuva kurarak me\u015fru birlikteliklere \u00f6zendirilmelidir. Zira aile, d\u00fcnden bug\u00fcne insano\u011flunun neslini sa\u011fl\u0131kl\u0131 bir bi\u00e7imde devam ettirebilmesi ve medeni bir hayat s\u00fcrd\u00fcrebilmesi i\u00e7in bah\u015fedilmi\u015f en eski ve en k\u00f6kl\u00fc ocak, en muhkem kaledir\u201d ifadelerini kulland\u0131.<\/p>\n<p>Ba\u015fkan Erba\u015f, Cuma hutbesinin ard\u0131ndan cuma namaz\u0131n\u0131 k\u0131ld\u0131rd\u0131.<\/p>\n<p>Konya Valisi C\u00fcneyit Orhan Toprak, Konya B\u00fcy\u00fck\u015fehir Belediye Ba\u015fkan\u0131 U\u011fur \u0130brahim Altay, Sel\u00e7uk \u00dcniversitesi Rekt\u00f6r\u00fc Prof. Dr. Mustafa \u015eahin de cuma namaz\u0131n\u0131 eda etti.<\/p>\n","protected":false},"excerpt":{"rendered":"<p>D\u0130YANET \u0130\u015eLER\u0130 BA\u015eKANI PROF. DR. AL\u0130 ERBA\u015e, KONYA KENT MERKEZ\u0130NDEK\u0130 KAPU CAM\u0130\u0130\u2019NDE HUTBE OKUDU VE CUMA NAMAZINI KILDIRDI.<\/p>\n","protected":false},"author":1,"featured_media":178331,"comment_status":"closed","ping_status":"open","sticky":false,"template":"","format":"standard","meta":{"jetpack_post_was_ever_published":false,"_jetpack_newsletter_access":"","_jetpack_dont_email_post_to_subs":false,"_jetpack_newsletter_tier_id":0,"_jetpack_memberships_contains_paywalled_content":false,"_jetpack_memberships_contains_paid_content":false,"footnotes":"","jetpack_publicize_message":"","jetpack_publicize_feature_enabled":true,"jetpack_social_post_already_shared":true,"jetpack_social_options":{"image_generator_settings":{"template":"highway","default_image_id":0,"font":"","enabled":false},"version":2}},"categories":[1],"tags":[216,6705,3150,3151,26250,2980,6706],"class_list":["post-178330","post","type-post","status-publish","format-standard","has-post-thumbnail","hentry","category-genel","tag-baskani","tag-cuma","tag-diyanet","tag-isleri","tag-kildirdi","tag-konyada","tag-namazini"],"jetpack_publicize_connections":[],"jetpack_featured_media_url":"https:\/\/i0.wp.com\/www.tvturk.com\/wp-content\/uploads\/2019\/07\/diyanet-isleri-baskani-konyada-cuma-namazini-kildirdi_27f8758.jpg?fit=1000%2C561","jetpack_sharing_enabled":true,"jetpack_shortlink":"https:\/\/wp.me\/paKIfm-Koi","_links":{"self":[{"href":"http:\/\/www.tvturk.com\/index.php\/wp-json\/wp\/v2\/posts\/178330","targetHints":{"allow":["GET"]}}],"collection":[{"href":"http:\/\/www.tvturk.com\/index.php\/wp-json\/wp\/v2\/posts"}],"about":[{"href":"http:\/\/www.tvturk.com\/index.php\/wp-json\/wp\/v2\/types\/post"}],"author":[{"embeddable":true,"href":"http:\/\/www.tvturk.com\/index.php\/wp-json\/wp\/v2\/users\/1"}],"replies":[{"embeddable":true,"href":"http:\/\/www.tvturk.com\/index.php\/wp-json\/wp\/v2\/comments?post=178330"}],"version-history":[{"count":0,"href":"http:\/\/www.tvturk.com\/index.php\/wp-json\/wp\/v2\/posts\/178330\/revisions"}],"wp:featuredmedia":[{"embeddable":true,"href":"http:\/\/www.tvturk.com\/index.php\/wp-json\/wp\/v2\/media\/178331"}],"wp:attachment":[{"href":"http:\/\/www.tvturk.com\/index.php\/wp-json\/wp\/v2\/media?parent=178330"}],"wp:term":[{"taxonomy":"category","embeddable":true,"href":"http:\/\/www.tvturk.com\/index.php\/wp-json\/wp\/v2\/categories?post=178330"},{"taxonomy":"post_tag","embeddable":true,"href":"http:\/\/www.tvturk.com\/index.php\/wp-json\/wp\/v2\/tags?post=178330"}],"curies":[{"name":"wp","href":"https:\/\/api.w.org\/{rel}","templated":true}]}}