{"id":178336,"date":"2019-07-05T16:02:44","date_gmt":"2019-07-05T13:02:44","guid":{"rendered":"http:\/\/www.tvturk.com\/index.php\/ozel-haber-evin-demirhan-ben-bir-tarih-yasamak-istiyorum\/"},"modified":"2019-07-05T16:02:44","modified_gmt":"2019-07-05T13:02:44","slug":"ozel-haber-evin-demirhan-ben-bir-tarih-yasamak-istiyorum","status":"publish","type":"post","link":"http:\/\/www.tvturk.com\/index.php\/ozel-haber-evin-demirhan-ben-bir-tarih-yasamak-istiyorum\/","title":{"rendered":"(\u00d6zel Haber) Evin Demirhan: \u201cBen bir tarih ya\u015famak istiyorum\u201d"},"content":{"rendered":"<p>2019 Avrupa Oyunlar\u0131\u2019nda bronz madalya kazanan milli g\u00fcre\u015f\u00e7i Evin Demirhan, oyunlar\u0131nda madalya alm\u0131\u015f olman\u0131n 2020 Olimpiyatlar\u0131 i\u00e7in umut oldu\u011funu s\u00f6yledi.<\/p>\n<p>Belarus\u2019un ba\u015fkenti Minsk\u2019te d\u00fczenlenen 2019 Avrupa Oyunlar\u0131\u2019nda bronz madalya kazanan milli g\u00fcre\u015f\u00e7i Evin Demirhan, \u0130HA muhabirine a\u00e7\u0131klamalarda bulunarak, \u201cKad\u0131n g\u00fcre\u015fi olarak hen\u00fcz olimpiyatlarda bir madalyam\u0131z yok\u201d dedi.<\/p>\n<p>\u201cMadalya alm\u0131\u015f olmak bizim i\u00e7in 2020 Olimpiyatlar\u0131nda umut demek\u201d<\/p>\n<p>Avrupa Oyunlar\u0131n\u0131n kendileri i\u00e7in \u00e7ok \u00f6nemli oldu\u011funu dile getiren Evin Demirhan, \u201cAvrupa Oyunlar\u0131, olimpiyatlar \u00f6ncesi g\u00fc\u00e7l\u00fc bir organizasyondu. Orada madalya alm\u0131\u015f olmak bizim i\u00e7in 2020 Olimpiyatlar\u0131\u2019nda umut demek. O y\u00fczden oyunlarda bronz madalya alm\u0131\u015f olmak benim i\u00e7in \u00e7ok \u00f6nemli. Tak\u0131m olarak kad\u0131n g\u00fcre\u015finde \u00e7ok \u00f6nemli bir \u00e7\u0131k\u0131\u015f yakalad\u0131k. Baz\u0131 s\u0131kletlerde as sporcular\u0131m\u0131z gelmedi. \u00c7\u00fcnk\u00fc D\u00fcnya \u015eampiyonas\u0131\u2019nda ilk 6\u2019ya kota veriliyor. Hedefimiz olimpiyatlar oldu\u011fu i\u00e7in oraya odaklanm\u0131\u015ft\u0131k. Ama yine de bronz madalyayla d\u00f6nd\u00fck. \u0130n\u015fallah D\u00fcnya \u015eampiyonas\u0131\u2019nda da g\u00fczel bir kota alarak, madalyalar alarak Olimpiyatlara gideriz\u201d \u015feklinde konu\u015ftu.<\/p>\n<p>\u201cBen bir tarih ya\u015famak istiyorum\u201d<\/p>\n<p>Kad\u0131n g\u00fcre\u015fi olarak hen\u00fcz olimpiyatlarda alt\u0131n madalyalar\u0131n\u0131n olmad\u0131\u011f\u0131n\u0131 dile getiren Demirhan, \u201cBen bir tarih ya\u015famak istiyorum. 2020 Tokyo Olimpiyatlar\u0131\u2019nda kad\u0131n g\u00fcre\u015finde ilk madalyay\u0131 almak istiyorum. Onun d\u0131\u015f\u0131nda uzun vadeli d\u00fc\u015f\u00fcn\u00fcyoruz 2020 Olimpiyatlar\u0131\u2019ndan sonra 2024 Olimpiyatlar\u0131 var. Ya\u015f\u0131m\u0131z daha gen\u00e7\u201d ifadelerini kulland\u0131.<\/p>\n","protected":false},"excerpt":{"rendered":"<p>2019 AVRUPA OYUNLARI&#8217;NDA BRONZ MADALYA KAZANAN M\u0130LL\u0130 G\u00dcRE\u015e\u00c7\u0130 EV\u0130N DEM\u0130RHAN, \u0130HA MUHAB\u0130R\u0130NE A\u00c7IKLAMALARDA BULUNDU<\/p>\n","protected":false},"author":1,"featured_media":178337,"comment_status":"closed","ping_status":"open","sticky":false,"template":"","format":"standard","meta":{"jetpack_post_was_ever_published":false,"_jetpack_newsletter_access":"","_jetpack_dont_email_post_to_subs":false,"_jetpack_newsletter_tier_id":0,"_jetpack_memberships_contains_paywalled_content":false,"_jetpack_memberships_contains_paid_content":false,"footnotes":"","jetpack_publicize_message":"","jetpack_publicize_feature_enabled":true,"jetpack_social_post_already_shared":true,"jetpack_social_options":{"image_generator_settings":{"template":"highway","default_image_id":0,"font":"","enabled":false},"version":2}},"categories":[657],"tags":[1073,3195,125,31139,3298,1545,12605,1330,9735],"class_list":["post-178336","post","type-post","status-publish","format-standard","has-post-thumbnail","hentry","category-spor","tag-ozel","tag-ben","tag-bir","tag-demirhan","tag-evin","tag-haber","tag-istiyorum","tag-tarih","tag-yasamak"],"jetpack_publicize_connections":[],"jetpack_featured_media_url":"https:\/\/i0.wp.com\/www.tvturk.com\/wp-content\/uploads\/2019\/07\/ozel-haber-evin-demirhan-ben-bir-tarih-yasamak-istiyorum_0bc60ac.jpg?fit=1000%2C666","jetpack_sharing_enabled":true,"jetpack_shortlink":"https:\/\/wp.me\/paKIfm-Koo","_links":{"self":[{"href":"http:\/\/www.tvturk.com\/index.php\/wp-json\/wp\/v2\/posts\/178336","targetHints":{"allow":["GET"]}}],"collection":[{"href":"http:\/\/www.tvturk.com\/index.php\/wp-json\/wp\/v2\/posts"}],"about":[{"href":"http:\/\/www.tvturk.com\/index.php\/wp-json\/wp\/v2\/types\/post"}],"author":[{"embeddable":true,"href":"http:\/\/www.tvturk.com\/index.php\/wp-json\/wp\/v2\/users\/1"}],"replies":[{"embeddable":true,"href":"http:\/\/www.tvturk.com\/index.php\/wp-json\/wp\/v2\/comments?post=178336"}],"version-history":[{"count":0,"href":"http:\/\/www.tvturk.com\/index.php\/wp-json\/wp\/v2\/posts\/178336\/revisions"}],"wp:featuredmedia":[{"embeddable":true,"href":"http:\/\/www.tvturk.com\/index.php\/wp-json\/wp\/v2\/media\/178337"}],"wp:attachment":[{"href":"http:\/\/www.tvturk.com\/index.php\/wp-json\/wp\/v2\/media?parent=178336"}],"wp:term":[{"taxonomy":"category","embeddable":true,"href":"http:\/\/www.tvturk.com\/index.php\/wp-json\/wp\/v2\/categories?post=178336"},{"taxonomy":"post_tag","embeddable":true,"href":"http:\/\/www.tvturk.com\/index.php\/wp-json\/wp\/v2\/tags?post=178336"}],"curies":[{"name":"wp","href":"https:\/\/api.w.org\/{rel}","templated":true}]}}