{"id":178346,"date":"2019-07-05T16:17:19","date_gmt":"2019-07-05T13:17:19","guid":{"rendered":"http:\/\/www.tvturk.com\/index.php\/uluslararasi-erciyes-dag-maratonu-basladi\/"},"modified":"2019-07-05T16:17:19","modified_gmt":"2019-07-05T13:17:19","slug":"uluslararasi-erciyes-dag-maratonu-basladi","status":"publish","type":"post","link":"http:\/\/www.tvturk.com\/index.php\/uluslararasi-erciyes-dag-maratonu-basladi\/","title":{"rendered":"Uluslararas\u0131 Erciyes Da\u011f Maratonu ba\u015flad\u0131"},"content":{"rendered":"<p>Uluslararas\u0131 Erciyes Da\u011f Maratonu VK ko\u015fusu ile start ald\u0131. \u2018Da\u011flar\u0131n Arslan\u0131\u2019 lakapl\u0131 milli atlet Ahmet Arslan ge\u00e7ti\u011fimiz y\u0131l da kat\u0131lm\u0131\u015f oldu\u011fu yar\u0131\u015fta kendi rekorunu k\u0131rd\u0131.<\/p>\n<p>Kayseri B\u00fcy\u00fck\u015fehir Belediyesi, Erciyes A.\u015e. ve Middle Earth Travel i\u015f birli\u011fi bu y\u0131l 4\u2019\u00fcnc\u00fcs\u00fc organize edilen Uluslararas\u0131 Erciyes Ultra Sky Trail Da\u011f Maratonu Vertical Kilometer VK yar\u0131\u015flar\u0131 ile ba\u015flad\u0131.<\/p>\n<p>D\u00fcnyan\u0131n ikinci, Avrupa\u2019n\u0131n ise en y\u00fcksek dikey ko\u015fusu olma \u00f6zelli\u011fi ta\u015f\u0131yan Vertical Kilometer (VK) yar\u0131\u015f\u0131na 25 sporcu kat\u0131ld\u0131. M\u00fcsab\u0131klar 2.350-3.350 metre aras\u0131nda 1.000 metre irtifa kat ederek toplamda 4.5 km uzunlu\u011funda ve zorlu kayal\u0131klar \u00fczerinde ko\u015fup fini\u015f noktas\u0131na ula\u015ft\u0131.<\/p>\n<p>Sabah saat 09.00\u2019da start alan Uluslararas\u0131 Erciyes Da\u011f ko\u015fusunda \u00f6nceki yar\u0131\u015flarda 1 saat 1 dakika olan parkur rekorunu Da\u011flar\u0131n Arslan\u0131 lakapl\u0131 milli atlet Ahmet Arslan ge\u00e7ti\u011fimiz sene 49 dakika 43 saniye ile egale etmi\u015fti. Bu y\u0131l da maratona kat\u0131lan milli atlet 48 dakika 6 saniye ile kendi rekorunu k\u0131rarak yine birinci oldu. Hakan Akalp 1 saat 3 dakika ile ikinci olurken Aykut K\u0131rsay 1 saat 5 dakika da biti\u015f \u00e7izgisine gelerek \u00fc\u00e7\u00fcnc\u00fcl\u00fc\u011f\u00fc elde etti.<\/p>\n<p>Kad\u0131nlarda ise It\u0131r Uz 1 saat 22 dakika ile birinci, Seda Nur \u00c7elik 1 saat 39 dakika ile ikinci Kayseri Erciyes K\u0131\u015f ve Do\u011fa Sporlar\u0131 sporcusu Aydan Nur Karakulak ise 2 saat 19 dakikada yar\u0131\u015f\u0131 tamamlayarak \u00fc\u00e7\u00fcnc\u00fc oldu.<\/p>\n<p>Erciyes Da\u011f\u0131\u2019ndaki yar\u0131\u015flar 6 Temmuz Cumartesi g\u00fcn\u00fc ise 64K, 25K, 12K ve \u00c7ocuk ko\u015fusu ile devam edecek. Maratonuna T\u00fcrkiye\u2019nin de i\u00e7inde bulundu\u011fu Amerika, Fransa, Almanya, \u0130spanya, Rusya, Polonya, G\u00fcney Afrika gibi 10\u2019dan fazla \u00fclkeden 200\u2019den fazla atlet uluslararas\u0131 kategori puanlar\u0131n\u0131 hanesine yazd\u0131rmak i\u00e7in Erciyes\u2019te k\u0131yas\u0131ya m\u00fccadele edecek.<\/p>\n<p>Bu y\u0131l organizasyon kapsam\u0131nda Kayseri B\u00fcy\u00fck\u015fehir Belediyesi Spor A.\u015e i\u015f birli\u011fi ile ilk kez Erciyes \u00c7ocuk Maratonu da d\u00fczenlenecek. Yar\u0131\u015flar 7-8, 9-10, ve 11-12 ya\u015f olmak \u00fczere \u00fc\u00e7 farkl\u0131 kategoride yap\u0131lacak.<\/p>\n","protected":false},"excerpt":{"rendered":"<p>ULUSLARARASI ERC\u0130YES DA\u011e MARATONU VK KO\u015eUSU \u0130LE START ALDI. \u2018DA\u011eLARIN ARSLANI\u2019 LAKAPLI M\u0130LL\u0130 ATLET AHMET ARSLAN GE\u00c7T\u0130\u011e\u0130M\u0130Z YIL DA KATILMI\u015e OLDU\u011eU YARI\u015eTA KEND\u0130 REKORUNU KIRDI.<\/p>\n","protected":false},"author":1,"featured_media":178347,"comment_status":"closed","ping_status":"open","sticky":false,"template":"","format":"standard","meta":{"jetpack_post_was_ever_published":false,"_jetpack_newsletter_access":"","_jetpack_dont_email_post_to_subs":false,"_jetpack_newsletter_tier_id":0,"_jetpack_memberships_contains_paywalled_content":false,"_jetpack_memberships_contains_paid_content":false,"footnotes":"","jetpack_publicize_message":"","jetpack_publicize_feature_enabled":true,"jetpack_social_post_already_shared":true,"jetpack_social_options":{"image_generator_settings":{"template":"highway","default_image_id":0,"font":"","enabled":false},"version":2}},"categories":[657],"tags":[4839,55,384,727,10753],"class_list":["post-178346","post","type-post","status-publish","format-standard","has-post-thumbnail","hentry","category-spor","tag-uluslararasi","tag-basladi","tag-dag","tag-erciyes","tag-maratonu"],"jetpack_publicize_connections":[],"jetpack_featured_media_url":"https:\/\/i0.wp.com\/www.tvturk.com\/wp-content\/uploads\/2019\/07\/uluslararasi-erciyes-dag-maratonu-basladi_7d1d979.jpg?fit=1000%2C666","jetpack_sharing_enabled":true,"jetpack_shortlink":"https:\/\/wp.me\/paKIfm-Koy","_links":{"self":[{"href":"http:\/\/www.tvturk.com\/index.php\/wp-json\/wp\/v2\/posts\/178346","targetHints":{"allow":["GET"]}}],"collection":[{"href":"http:\/\/www.tvturk.com\/index.php\/wp-json\/wp\/v2\/posts"}],"about":[{"href":"http:\/\/www.tvturk.com\/index.php\/wp-json\/wp\/v2\/types\/post"}],"author":[{"embeddable":true,"href":"http:\/\/www.tvturk.com\/index.php\/wp-json\/wp\/v2\/users\/1"}],"replies":[{"embeddable":true,"href":"http:\/\/www.tvturk.com\/index.php\/wp-json\/wp\/v2\/comments?post=178346"}],"version-history":[{"count":0,"href":"http:\/\/www.tvturk.com\/index.php\/wp-json\/wp\/v2\/posts\/178346\/revisions"}],"wp:featuredmedia":[{"embeddable":true,"href":"http:\/\/www.tvturk.com\/index.php\/wp-json\/wp\/v2\/media\/178347"}],"wp:attachment":[{"href":"http:\/\/www.tvturk.com\/index.php\/wp-json\/wp\/v2\/media?parent=178346"}],"wp:term":[{"taxonomy":"category","embeddable":true,"href":"http:\/\/www.tvturk.com\/index.php\/wp-json\/wp\/v2\/categories?post=178346"},{"taxonomy":"post_tag","embeddable":true,"href":"http:\/\/www.tvturk.com\/index.php\/wp-json\/wp\/v2\/tags?post=178346"}],"curies":[{"name":"wp","href":"https:\/\/api.w.org\/{rel}","templated":true}]}}