{"id":178362,"date":"2019-07-05T17:01:46","date_gmt":"2019-07-05T14:01:46","guid":{"rendered":"http:\/\/www.tvturk.com\/index.php\/buyukcekmece-belediyesi-61-yasinda\/"},"modified":"2019-07-05T17:01:46","modified_gmt":"2019-07-05T14:01:46","slug":"buyukcekmece-belediyesi-61-yasinda","status":"publish","type":"post","link":"http:\/\/www.tvturk.com\/index.php\/buyukcekmece-belediyesi-61-yasinda\/","title":{"rendered":"B\u00fcy\u00fck\u00e7ekmece Belediyesi 61 ya\u015f\u0131nda"},"content":{"rendered":"<p>9 \u015eubat 1958 tarihinde kurulan B\u00fcy\u00fck\u00e7ekmece Belediyesi 61 y\u0131ld\u0131r vatanda\u015flara hizmet veriyor.<\/p>\n<p>9 \u015eubat 1958 tarihinde kurulan B\u00fcy\u00fck\u00e7ekmece Belediyesi 61 y\u0131ld\u0131r vatanda\u015flara hizmet veriyor. B\u00fcy\u00fck\u00e7ekmece Belediye Ba\u015fkan\u0131 Dr. Hasan Akg\u00fcn de B\u00fcy\u00fck\u00e7ekmece\u2019nin il\u00e7e olmas\u0131nda eme\u011fi ge\u00e7en herkese te\u015fekk\u00fcr ederek il\u00e7eyi ileriye ta\u015f\u0131mak ad\u0131na \u00e7al\u0131\u015fmalar\u0131n s\u00fcrece\u011fini ifade etti.<\/p>\n<p>\u201cBu ba\u015far\u0131n\u0131n en b\u00fcy\u00fck destek\u00e7isi B\u00fcy\u00fck\u00e7ekmece ailemdir\u201d<\/p>\n<p>\u0130lk g\u00fcnden bug\u00fcne B\u00fcy\u00fck\u00e7ekmece\u2019de eme\u011fi ge\u00e7en herkese te\u015fekk\u00fcr etti\u011fini belirten B\u00fcy\u00fck\u00e7ekmece Belediye Ba\u015fkan\u0131 Dr. Hasan Akg\u00fcn, \u201cB\u00fcy\u00fck\u00e7ekmece\u2019mizin il\u00e7e olmas\u0131nda b\u00fcy\u00fck \u00f6nemi olan ba\u015fta d\u00f6nemin Ba\u015fbakan\u0131 Say\u0131n Turgut \u00d6zal, d\u00f6nemin \u0130\u00e7i\u015fleri Bakan\u0131 Y\u0131ld\u0131r\u0131m Akbulut, d\u00f6nemin \u0130\u00e7i\u015fleri Bakanl\u0131\u011f\u0131 M\u00fcste\u015far \u00d6zel Kalemi Sacide Bolcan\u2019a bir kez daha b\u00fcy\u00fck B\u00fcy\u00fck\u00e7ekmece ailem ad\u0131na \u015f\u00fckranlar\u0131m\u0131 sunuyorum. Bu b\u00fcy\u00fck co\u011frafyan\u0131n \u015fehirle\u015fmesi i\u00e7in elimizden gelen t\u00fcm gayreti g\u00f6sterdik. B\u00fcy\u00fck\u00e7ekmece 80\u2019li y\u0131llardan sonra h\u0131zl\u0131ca geli\u015ferek d\u00fcnya kenti olmu\u015ftur. Bu ba\u015far\u0131n\u0131n en b\u00fcy\u00fck destek\u00e7isi b\u00fcy\u00fck B\u00fcy\u00fck\u00e7ekmece ailemdir. \u0130lk g\u00fcnden bu yana B\u00fcy\u00fck\u00e7ekmece\u2019mizde eme\u011fi ge\u00e7en ve ebediyete intikal eden t\u00fcm belediye ba\u015fkanlar\u0131m\u0131z\u0131 rahmetle an\u0131yorum\u201d ifadesini kulland\u0131.<\/p>\n","protected":false},"excerpt":{"rendered":"<p>9 \u015eUBAT 1958 TAR\u0130H\u0130NDE KURULAN B\u00dcY\u00dcK\u00c7EKMECE BELED\u0130YES\u0130 61 YILDIR VATANDA\u015eLARA H\u0130ZMET VER\u0130YOR. B\u00dcY\u00dcK\u00c7EKMECE BELED\u0130YE BA\u015eKANI DR. HASAN AKG\u00dcN DE B\u00dcY\u00dcK\u00c7EKMECE\u2019N\u0130N \u0130L\u00c7E OLMASINDA EME\u011e\u0130 GE\u00c7EN HERKESE TE\u015eEKK\u00dcR EDEREK \u0130L\u00c7EY\u0130 \u0130LER\u0130YE TA\u015eIMAK ADINA \u00c7ALI\u015eMALARIN S\u00dcRECE\u011e\u0130N\u0130 \u0130FADE ETT\u0130.<\/p>\n","protected":false},"author":1,"featured_media":178363,"comment_status":"closed","ping_status":"open","sticky":false,"template":"","format":"standard","meta":{"jetpack_post_was_ever_published":false,"_jetpack_newsletter_access":"","_jetpack_dont_email_post_to_subs":false,"_jetpack_newsletter_tier_id":0,"_jetpack_memberships_contains_paywalled_content":false,"_jetpack_memberships_contains_paid_content":false,"footnotes":"","jetpack_publicize_message":"","jetpack_publicize_feature_enabled":true,"jetpack_social_post_already_shared":true,"jetpack_social_options":{"image_generator_settings":{"template":"highway","default_image_id":0,"font":"","enabled":false},"version":2}},"categories":[1],"tags":[383,11138,2487],"class_list":["post-178362","post","type-post","status-publish","format-standard","has-post-thumbnail","hentry","category-genel","tag-belediyesi","tag-buyukcekmece","tag-yasinda"],"jetpack_publicize_connections":[],"jetpack_featured_media_url":"https:\/\/i0.wp.com\/www.tvturk.com\/wp-content\/uploads\/2019\/07\/buyukcekmece-belediyesi-61-yasinda_e50502f.jpg?fit=765%2C1000","jetpack_sharing_enabled":true,"jetpack_shortlink":"https:\/\/wp.me\/paKIfm-KoO","_links":{"self":[{"href":"http:\/\/www.tvturk.com\/index.php\/wp-json\/wp\/v2\/posts\/178362","targetHints":{"allow":["GET"]}}],"collection":[{"href":"http:\/\/www.tvturk.com\/index.php\/wp-json\/wp\/v2\/posts"}],"about":[{"href":"http:\/\/www.tvturk.com\/index.php\/wp-json\/wp\/v2\/types\/post"}],"author":[{"embeddable":true,"href":"http:\/\/www.tvturk.com\/index.php\/wp-json\/wp\/v2\/users\/1"}],"replies":[{"embeddable":true,"href":"http:\/\/www.tvturk.com\/index.php\/wp-json\/wp\/v2\/comments?post=178362"}],"version-history":[{"count":0,"href":"http:\/\/www.tvturk.com\/index.php\/wp-json\/wp\/v2\/posts\/178362\/revisions"}],"wp:featuredmedia":[{"embeddable":true,"href":"http:\/\/www.tvturk.com\/index.php\/wp-json\/wp\/v2\/media\/178363"}],"wp:attachment":[{"href":"http:\/\/www.tvturk.com\/index.php\/wp-json\/wp\/v2\/media?parent=178362"}],"wp:term":[{"taxonomy":"category","embeddable":true,"href":"http:\/\/www.tvturk.com\/index.php\/wp-json\/wp\/v2\/categories?post=178362"},{"taxonomy":"post_tag","embeddable":true,"href":"http:\/\/www.tvturk.com\/index.php\/wp-json\/wp\/v2\/tags?post=178362"}],"curies":[{"name":"wp","href":"https:\/\/api.w.org\/{rel}","templated":true}]}}