{"id":178400,"date":"2019-07-05T17:46:42","date_gmt":"2019-07-05T14:46:42","guid":{"rendered":"http:\/\/www.tvturk.com\/index.php\/polis-denetiminde-kasklar-oturak-altindan-cikti\/"},"modified":"2019-07-05T17:46:42","modified_gmt":"2019-07-05T14:46:42","slug":"polis-denetiminde-kasklar-oturak-altindan-cikti","status":"publish","type":"post","link":"http:\/\/www.tvturk.com\/index.php\/polis-denetiminde-kasklar-oturak-altindan-cikti\/","title":{"rendered":"Polis denetiminde kasklar oturak alt\u0131ndan \u00e7\u0131kt\u0131"},"content":{"rendered":"<p>Antalya Emniyet M\u00fcd\u00fcrl\u00fc\u011f\u00fc taraf\u0131ndan ba\u015flat\u0131lan \u2018Hayat\u0131ma kast\u0131m yok, kask\u0131m var\u2019 projesi kapsam\u0131nda Manavgat\u2019ta  trafik polisleri taraf\u0131ndan s\u00fcr\u00fcc\u00fclere bilgilendirme yap\u0131ld\u0131. Polisin bro\u015f\u00fcr ve bilgilendirme i\u00e7in durdurdu\u011fu kasks\u0131z motosiklet s\u00fcr\u00fcc\u00fclerinin b\u00fcy\u00fck \u00e7o\u011funlu\u011funun motosikletinde kask\u0131 olmas\u0131na ra\u011fmen takmad\u0131\u011f\u0131 g\u00f6zlendi.<\/p>\n<p>Motosiklet kullan\u0131c\u0131lar\u0131 i\u00e7in kask kullan\u0131m\u0131n\u0131n, meydana gelebilecek yaralama ve \u00f6l\u00fcmlerin azalmas\u0131n\u0131 sa\u011flamak amac\u0131yla  ba\u015flat\u0131lan &#8220;Hayat\u0131ma kast\u0131m yok, kask\u0131m var&#8221; projesi, Manavgat il\u00e7esinde ilgin\u00e7 g\u00f6r\u00fcnt\u00fclere sahne oldu. Manavgat \u0130l\u00e7e Emniyet M\u00fcd\u00fcrl\u00fc\u011f\u00fc trafik ekipleri  ekipleri, proje kapsam\u0131nda  trafi\u011fin yo\u011fun oldu\u011fu caddelerde  uygulama yapt\u0131. Hem kask tak\u0131lmas\u0131 hem de trafik kurallar\u0131na uymalar\u0131 konusunda bilgilendirmek isteyen polisleri g\u00f6ren motosiklet s\u00fcr\u00fcc\u00fclerinin b\u00fcy\u00fck b\u00f6l\u00fcm\u00fc kasks\u0131z olarak denetime yakalan\u0131rken , s\u00fcr\u00fcc\u00fclerin kafalar\u0131nda olmas\u0131 gereken kasklar koltuklar\u0131n alt\u0131ndan \u00e7\u0131kt\u0131.<\/p>\n<p>Polis bug\u00fcne zel sadece uyar\u0131  yaparken, kasklar\u0131 koltuk alt\u0131ndan \u00e7\u0131kan motosiklet s\u00fcr\u00fcc\u00fclerini uyard\u0131. Polisin uyaral\u0131r\u0131n\u0131nard\u0131ndan s\u00fcr\u00fcc\u00fcler koltuk altlar\u0131ndaki kasklar\u0131 \u00e7\u0131kart\u0131p ba\u015flar\u0131na ge\u00e7irerek yollar\u0131na devam etti.<\/p>\n","protected":false},"excerpt":{"rendered":"<p>ANTALYA EMN\u0130YET M\u00dcD\u00dcRL\u00dc\u011e\u00dc TARAFINDAN BA\u015eLATILAN \u2018HAYATIMA KASTIM YOK, KASKIM VAR\u2019 PROJES\u0130 KAPSAMINDA MANAVGAT\u2019TA  TRAF\u0130K POL\u0130SLER\u0130 TARAFINDAN S\u00dcR\u00dcC\u00dcLERE B\u0130LG\u0130LEND\u0130RME YAPILDI.<\/p>\n","protected":false},"author":1,"featured_media":178401,"comment_status":"closed","ping_status":"open","sticky":false,"template":"","format":"standard","meta":{"jetpack_post_was_ever_published":false,"_jetpack_newsletter_access":"","_jetpack_dont_email_post_to_subs":false,"_jetpack_newsletter_tier_id":0,"_jetpack_memberships_contains_paywalled_content":false,"_jetpack_memberships_contains_paid_content":false,"footnotes":"","jetpack_publicize_message":"","jetpack_publicize_feature_enabled":true,"jetpack_social_post_already_shared":true,"jetpack_social_options":{"image_generator_settings":{"template":"highway","default_image_id":0,"font":"","enabled":false},"version":2}},"categories":[1],"tags":[3782,1202,6969,43714,43715,996],"class_list":["post-178400","post","type-post","status-publish","format-standard","has-post-thumbnail","hentry","category-genel","tag-altindan","tag-cikti","tag-denetiminde","tag-kasklar","tag-oturak","tag-polis"],"jetpack_publicize_connections":[],"jetpack_featured_media_url":"https:\/\/i0.wp.com\/www.tvturk.com\/wp-content\/uploads\/2019\/07\/polis-denetiminde-kasklar-oturak-altindan-cikti_59ad045.jpg?fit=1000%2C666","jetpack_sharing_enabled":true,"jetpack_shortlink":"https:\/\/wp.me\/paKIfm-Kpq","_links":{"self":[{"href":"http:\/\/www.tvturk.com\/index.php\/wp-json\/wp\/v2\/posts\/178400","targetHints":{"allow":["GET"]}}],"collection":[{"href":"http:\/\/www.tvturk.com\/index.php\/wp-json\/wp\/v2\/posts"}],"about":[{"href":"http:\/\/www.tvturk.com\/index.php\/wp-json\/wp\/v2\/types\/post"}],"author":[{"embeddable":true,"href":"http:\/\/www.tvturk.com\/index.php\/wp-json\/wp\/v2\/users\/1"}],"replies":[{"embeddable":true,"href":"http:\/\/www.tvturk.com\/index.php\/wp-json\/wp\/v2\/comments?post=178400"}],"version-history":[{"count":0,"href":"http:\/\/www.tvturk.com\/index.php\/wp-json\/wp\/v2\/posts\/178400\/revisions"}],"wp:featuredmedia":[{"embeddable":true,"href":"http:\/\/www.tvturk.com\/index.php\/wp-json\/wp\/v2\/media\/178401"}],"wp:attachment":[{"href":"http:\/\/www.tvturk.com\/index.php\/wp-json\/wp\/v2\/media?parent=178400"}],"wp:term":[{"taxonomy":"category","embeddable":true,"href":"http:\/\/www.tvturk.com\/index.php\/wp-json\/wp\/v2\/categories?post=178400"},{"taxonomy":"post_tag","embeddable":true,"href":"http:\/\/www.tvturk.com\/index.php\/wp-json\/wp\/v2\/tags?post=178400"}],"curies":[{"name":"wp","href":"https:\/\/api.w.org\/{rel}","templated":true}]}}