{"id":178426,"date":"2019-07-05T19:31:39","date_gmt":"2019-07-05T16:31:39","guid":{"rendered":"http:\/\/www.tvturk.com\/index.php\/4bli-calisanlar-milletvekillerine-mektup-gonderdi\/"},"modified":"2019-07-05T19:31:39","modified_gmt":"2019-07-05T16:31:39","slug":"4bli-calisanlar-milletvekillerine-mektup-gonderdi","status":"publish","type":"post","link":"http:\/\/www.tvturk.com\/index.php\/4bli-calisanlar-milletvekillerine-mektup-gonderdi\/","title":{"rendered":"4B\u2019li \u00e7al\u0131\u015fanlar milletvekillerine mektup g\u00f6nderdi"},"content":{"rendered":"<p>K\u00fctahya\u2019da \u00e7e\u015fitli kamu kurumlar\u0131nda s\u00f6zle\u015fmeli \u00e7al\u0131\u015fanlar, kadro i\u00e7in milletvekillerine yazd\u0131klar\u0131 mektuplar\u0131, T\u00fcrkiye B\u00fcy\u00fck Millet Meclisi\u2019ne (TBMM) g\u00f6nderdi.<\/p>\n<p>Memur-Sen \u015eubesi\u2019ne ba\u011fl\u0131 To\u00e7-Bir-Sen ve Bay\u0131nd\u0131r Memur-Sen\u2019in s\u00f6zle\u015fmeli \u00fcyeleri, kendilerine kadro verilmesi i\u00e7in mektup yazd\u0131. S\u00f6zle\u015fmeli \u00e7al\u0131\u015fanlar, yazd\u0131klar\u0131 mektuplar\u0131 TBMM\u2019ye g\u00f6nderdi. PTT K\u00fctahya Ba\u015fm\u00fcd\u00fcrl\u00fc\u011f\u00fc \u00f6n\u00fcnde ellerinde d\u00f6vizlerle bas\u0131n toplant\u0131s\u0131 d\u00fczenleyen kalabal\u0131k ad\u0131na a\u00e7\u0131klama yapan To\u00e7-Bir-Sen K\u00fctahya \u015eube Ba\u015fkan\u0131 Abdullah D\u00f6nmez, seslerini duyurmak i\u00e7in T\u00fcrkiye B\u00fcy\u00fck Millet Meclisi\u2019ne mektup g\u00f6nderdiklerini ifade ederek, &#8220;Kadro m\u00fccadelemize destek bekliyoruz. T\u00fcrkiye B\u00fcy\u00fck Millet Meclisi\u2019nde kabul edilen ve s\u00f6zle\u015fmeli personeli \u00f6z-\u00fcvey evlat diye ayr\u0131\u015ft\u0131ran yasa teklifindeki adaletsizli\u011fin bir an \u00f6nce d\u00fczeltilmesi noktas\u0131nda sesimizi duyurmak i\u00e7in bir araya geldik. Bir an \u00f6nce s\u00f6zle\u015fmeyi sona erdirecek ve ayr\u0131m yapmaks\u0131z\u0131n t\u00fcm s\u00f6zle\u015fmelileri kapsayacak \u015fekilde, yeni bir ad\u0131m\u0131n at\u0131lmas\u0131 i\u00e7in ilgilileri akl\u0131selim davranmaya davet ediyoruz. Unutulmamal\u0131d\u0131r ki d\u00fczenleme d\u0131\u015f\u0131nda kalan kamu g\u00f6revlileri ayr\u0131cal\u0131k de\u011fil sadece hakk\u0131 olan\u0131 talep etmektedir&#8221; dedi.<\/p>\n","protected":false},"excerpt":{"rendered":"<p>K\u00dcTAHYA&#8217;DA \u00c7E\u015e\u0130TL\u0130 KAMU KURUMLARINDA S\u00d6ZLE\u015eMEL\u0130 \u00c7ALI\u015eANLAR, KADRO \u0130\u00c7\u0130N M\u0130LLETVEK\u0130LLER\u0130NE YAZDIKLARI MEKTUPLARI, T\u00dcRK\u0130YE B\u00dcY\u00dcK M\u0130LLET MECL\u0130S\u0130&#8217;NE (TBMM) G\u00d6NDERD\u0130.<\/p>\n","protected":false},"author":1,"featured_media":178427,"comment_status":"closed","ping_status":"open","sticky":false,"template":"","format":"standard","meta":{"jetpack_post_was_ever_published":false,"_jetpack_newsletter_access":"","_jetpack_dont_email_post_to_subs":false,"_jetpack_newsletter_tier_id":0,"_jetpack_memberships_contains_paywalled_content":false,"_jetpack_memberships_contains_paid_content":false,"footnotes":"","jetpack_publicize_message":"","jetpack_publicize_feature_enabled":true,"jetpack_social_post_already_shared":true,"jetpack_social_options":{"image_generator_settings":{"template":"highway","default_image_id":0,"font":"","enabled":false},"version":2}},"categories":[1],"tags":[43726,29452,17736,1125,43698],"class_list":["post-178426","post","type-post","status-publish","format-standard","has-post-thumbnail","hentry","category-genel","tag-4bli","tag-calisanlar","tag-gonderdi","tag-mektup","tag-milletvekillerine"],"jetpack_publicize_connections":[],"jetpack_featured_media_url":"https:\/\/i0.wp.com\/www.tvturk.com\/wp-content\/uploads\/2019\/07\/4bli-calisanlar-milletvekillerine-mektup-gonderdi_37780e9.jpg?fit=1000%2C562","jetpack_sharing_enabled":true,"jetpack_shortlink":"https:\/\/wp.me\/paKIfm-KpQ","_links":{"self":[{"href":"http:\/\/www.tvturk.com\/index.php\/wp-json\/wp\/v2\/posts\/178426","targetHints":{"allow":["GET"]}}],"collection":[{"href":"http:\/\/www.tvturk.com\/index.php\/wp-json\/wp\/v2\/posts"}],"about":[{"href":"http:\/\/www.tvturk.com\/index.php\/wp-json\/wp\/v2\/types\/post"}],"author":[{"embeddable":true,"href":"http:\/\/www.tvturk.com\/index.php\/wp-json\/wp\/v2\/users\/1"}],"replies":[{"embeddable":true,"href":"http:\/\/www.tvturk.com\/index.php\/wp-json\/wp\/v2\/comments?post=178426"}],"version-history":[{"count":0,"href":"http:\/\/www.tvturk.com\/index.php\/wp-json\/wp\/v2\/posts\/178426\/revisions"}],"wp:featuredmedia":[{"embeddable":true,"href":"http:\/\/www.tvturk.com\/index.php\/wp-json\/wp\/v2\/media\/178427"}],"wp:attachment":[{"href":"http:\/\/www.tvturk.com\/index.php\/wp-json\/wp\/v2\/media?parent=178426"}],"wp:term":[{"taxonomy":"category","embeddable":true,"href":"http:\/\/www.tvturk.com\/index.php\/wp-json\/wp\/v2\/categories?post=178426"},{"taxonomy":"post_tag","embeddable":true,"href":"http:\/\/www.tvturk.com\/index.php\/wp-json\/wp\/v2\/tags?post=178426"}],"curies":[{"name":"wp","href":"https:\/\/api.w.org\/{rel}","templated":true}]}}