{"id":178432,"date":"2019-07-05T19:47:10","date_gmt":"2019-07-05T16:47:10","guid":{"rendered":"http:\/\/www.tvturk.com\/index.php\/fenerbahce-sogukta-calisti\/"},"modified":"2019-07-05T19:47:10","modified_gmt":"2019-07-05T16:47:10","slug":"fenerbahce-sogukta-calisti","status":"publish","type":"post","link":"http:\/\/www.tvturk.com\/index.php\/fenerbahce-sogukta-calisti\/","title":{"rendered":"Fenerbah\u00e7e so\u011fukta \u00e7al\u0131\u015ft\u0131"},"content":{"rendered":"<p>Yeni sezon haz\u0131rl\u0131klar\u0131n\u0131 D\u00fczce Topuk Yaylas\u0131\u2019nda s\u00fcrd\u00fcren Fenerbah\u00e7e, \u00e7al\u0131\u015fmalar\u0131n\u0131 so\u011fuk havada s\u00fcrd\u00fcrd\u00fc.<\/p>\n<p>S\u00fcper Lig\u2019e iddial\u0131 girmek isteyen Fenerbah\u00e7e, haz\u0131rl\u0131klar\u0131n\u0131 D\u00fczce Topuk Yaylas\u0131 Tesisleri\u2019nde so\u011fuk havada yapt\u0131\u011f\u0131 \u00e7al\u0131\u015fmalarla s\u00fcrd\u00fcrd\u00fc. Teknik Direkt\u00f6r Ersun Yanal y\u00f6netiminde ger\u00e7ekle\u015ftirilen antrenman \u0131s\u0131nma \u00e7al\u0131\u015fmalar\u0131yla ba\u015flad\u0131. Daha sonra futbolcular pas istasyonu \u00e7al\u0131\u015fmas\u0131yla devam ederken idman\u0131n bas\u0131na a\u00e7\u0131k son b\u00f6l\u00fcm\u00fcnde ise 5\u2019e2 top kapma \u00e7al\u0131\u015fmas\u0131yla tamamland\u0131. Futbolcular\u0131n antrenmandaki h\u0131rs\u0131 ise dikkat \u00e7ekti.<\/p>\n","protected":false},"excerpt":{"rendered":"<p>YEN\u0130 SEZON HAZIRLIKLARINI D\u00dcZCE TOPUK YAYLASI\u2019NDA S\u00dcRD\u00dcREN FENERBAH\u00c7E \u00c7ALI\u015eMALARINI SO\u011eUK HAVADA S\u00dcRD\u00dcRD\u00dc.<\/p>\n","protected":false},"author":1,"featured_media":178433,"comment_status":"closed","ping_status":"open","sticky":false,"template":"","format":"standard","meta":{"jetpack_post_was_ever_published":false,"_jetpack_newsletter_access":"","_jetpack_dont_email_post_to_subs":false,"_jetpack_newsletter_tier_id":0,"_jetpack_memberships_contains_paywalled_content":false,"_jetpack_memberships_contains_paid_content":false,"footnotes":"","jetpack_publicize_message":"","jetpack_publicize_feature_enabled":true,"jetpack_social_post_already_shared":true,"jetpack_social_options":{"image_generator_settings":{"template":"highway","default_image_id":0,"font":"","enabled":false},"version":2}},"categories":[657],"tags":[5060,2626,12080],"class_list":["post-178432","post","type-post","status-publish","format-standard","has-post-thumbnail","hentry","category-spor","tag-calisti","tag-fenerbahce","tag-sogukta"],"jetpack_publicize_connections":[],"jetpack_featured_media_url":"https:\/\/i0.wp.com\/www.tvturk.com\/wp-content\/uploads\/2019\/07\/fenerbahce-sogukta-calisti_9896622.jpg?fit=1000%2C666","jetpack_sharing_enabled":true,"jetpack_shortlink":"https:\/\/wp.me\/paKIfm-KpW","_links":{"self":[{"href":"http:\/\/www.tvturk.com\/index.php\/wp-json\/wp\/v2\/posts\/178432","targetHints":{"allow":["GET"]}}],"collection":[{"href":"http:\/\/www.tvturk.com\/index.php\/wp-json\/wp\/v2\/posts"}],"about":[{"href":"http:\/\/www.tvturk.com\/index.php\/wp-json\/wp\/v2\/types\/post"}],"author":[{"embeddable":true,"href":"http:\/\/www.tvturk.com\/index.php\/wp-json\/wp\/v2\/users\/1"}],"replies":[{"embeddable":true,"href":"http:\/\/www.tvturk.com\/index.php\/wp-json\/wp\/v2\/comments?post=178432"}],"version-history":[{"count":0,"href":"http:\/\/www.tvturk.com\/index.php\/wp-json\/wp\/v2\/posts\/178432\/revisions"}],"wp:featuredmedia":[{"embeddable":true,"href":"http:\/\/www.tvturk.com\/index.php\/wp-json\/wp\/v2\/media\/178433"}],"wp:attachment":[{"href":"http:\/\/www.tvturk.com\/index.php\/wp-json\/wp\/v2\/media?parent=178432"}],"wp:term":[{"taxonomy":"category","embeddable":true,"href":"http:\/\/www.tvturk.com\/index.php\/wp-json\/wp\/v2\/categories?post=178432"},{"taxonomy":"post_tag","embeddable":true,"href":"http:\/\/www.tvturk.com\/index.php\/wp-json\/wp\/v2\/tags?post=178432"}],"curies":[{"name":"wp","href":"https:\/\/api.w.org\/{rel}","templated":true}]}}