{"id":178458,"date":"2019-07-05T22:02:42","date_gmt":"2019-07-05T19:02:42","guid":{"rendered":"http:\/\/www.tvturk.com\/index.php\/21-uluslararasi-sevgi-baris-ve-dostluk-festivali\/"},"modified":"2019-07-05T22:02:42","modified_gmt":"2019-07-05T19:02:42","slug":"21-uluslararasi-sevgi-baris-ve-dostluk-festivali","status":"publish","type":"post","link":"http:\/\/www.tvturk.com\/index.php\/21-uluslararasi-sevgi-baris-ve-dostluk-festivali\/","title":{"rendered":"21. Uluslararas\u0131 Sevgi, Bar\u0131\u015f ve Dostluk Festivali"},"content":{"rendered":"<p>Zonguldak\u2019\u0131n Ere\u011fli il\u00e7esinde bu y\u0131l 21\u2019incisi d\u00fczenlenen Uluslararas\u0131 Sevgi, Bar\u0131\u015f ve Dostluk Festivali kortej ile ba\u015flad\u0131.<\/p>\n<p>Kdz. Ere\u011fli 21. Uluslararas\u0131 Sevgi, Bar\u0131\u015f ve Dostluk Festivali kortej y\u00fcr\u00fcy\u00fc\u015f\u00fc ile ba\u015flad\u0131. Zonguldak Valisi Erdo\u011fan Bekta\u015f, CHP Zonguldak Milletvekili \u00dcnal Demirta\u015f ve protokol \u00fcyelerinin de kat\u0131l\u0131m\u0131yla ba\u015flayan kortej y\u00fcr\u00fcy\u00fc\u015f\u00fc An\u0131t \u00d6n\u00fc\u2019nde kurulan sahnede tamamland\u0131. Kdz. Ere\u011fli Belediye Ba\u015fkan\u0131 Halil Posb\u0131y\u0131k ve protokol \u00fcyelerinin halk\u0131 selamlamas\u0131yla birlikte sayg\u0131 duru\u015fu ve \u0130stiklal Mar\u015f\u0131 okundu. Ard\u0131ndan konu\u015fan Kdz. Ere\u011fli Belediye Ba\u015fkan\u0131 Halil Posb\u0131y\u0131k, \u00fc\u00e7 g\u00fcn boyunca vatanda\u015flar\u0131n e\u011flenmesi i\u00e7in her \u015feyi d\u00fc\u015f\u00fcnd\u00fcklerini ifade etti. Posb\u0131y\u0131k, &#8220;\u0130\u015f zaman\u0131nda \u00e7al\u0131\u015faca\u011f\u0131z. B\u00fct\u00fcn gayretimizle \u00fcretece\u011fiz. \u00c7al\u0131\u015ft\u0131\u011f\u0131m\u0131z i\u015f yerlerine hizmet edece\u011fiz. Ama e\u011flenceye geldi\u011fimiz zaman da e\u011flenece\u011fiz&#8221; diye konu\u015ftu.<\/p>\n<p>Zonguldak Valisi Erdo\u011fan Bekta\u015f da &#8220;Ere\u011fli anla\u015f\u0131lan uzunca bir s\u00fcredir hasretini \u00e7ekti\u011fi festival g\u00fcnlerine kavu\u015ftu. Bug\u00fcn kortej y\u00fcr\u00fcy\u00fc\u015f\u00fc ile festivali ba\u015flatm\u0131\u015f bulunuyoruz. Ere\u011fli\u2019de g\u00f6rd\u00fc\u011f\u00fcm\u00fcz ba\u015fkan\u0131m\u0131z\u0131n da ifade etti\u011fi gibi ger\u00e7ekten sevgi, bar\u0131\u015f ve dostluk ve ho\u015fg\u00f6r\u00fc. Ere\u011fli i\u00e7iyle bar\u0131\u015f\u0131k bir kent. Sizlere te\u015fekk\u00fcr ediyoruz. Kdz. Ere\u011fli b\u00f6lgemizde her vesile ile farkl\u0131l\u0131\u011f\u0131n\u0131 ortaya koyuyor. Enerjisiyle, geli\u015fmi\u015fli\u011fiyle, sanayisiyle, alt yap\u0131s\u0131 ve \u00fcst yap\u0131s\u0131yla, g\u00fczel insanlar\u0131yla ger\u00e7ekten Kdz. Ere\u011fli \u00f6zel bir yer&#8221; diye konu\u015ftu.<\/p>\n<p>Bar\u0131\u015f g\u00fcvercinlerinin u\u00e7urulmas\u0131n\u0131n ard\u0131ndan festival me\u015falesi yak\u0131ld\u0131. Yerli ve yabanc\u0131 halk danslar\u0131 g\u00f6sterileri ile festival devam etti.<\/p>\n","protected":false},"excerpt":{"rendered":"<p>ZONGULDAK&#8217;IN ERE\u011eL\u0130 \u0130L\u00c7ES\u0130NDE BU YIL 21&#8217;\u0130NC\u0130S\u0130 D\u00dcZENLENEN ULUSLARARASI SEVG\u0130, BARI\u015e VE DOSTLUK FEST\u0130VAL\u0130 KORTEJ \u0130LE BA\u015eLADI.<\/p>\n","protected":false},"author":1,"featured_media":178459,"comment_status":"closed","ping_status":"open","sticky":false,"template":"","format":"standard","meta":{"jetpack_post_was_ever_published":false,"_jetpack_newsletter_access":"","_jetpack_dont_email_post_to_subs":false,"_jetpack_newsletter_tier_id":0,"_jetpack_memberships_contains_paywalled_content":false,"_jetpack_memberships_contains_paid_content":false,"footnotes":"","jetpack_publicize_message":"","jetpack_publicize_feature_enabled":true,"jetpack_social_post_already_shared":true,"jetpack_social_options":{"image_generator_settings":{"template":"highway","default_image_id":0,"font":"","enabled":false},"version":2}},"categories":[656],"tags":[4839,30147,4256,4290,3400,10258],"class_list":["post-178458","post","type-post","status-publish","format-standard","has-post-thumbnail","hentry","category-kultur-sanat","tag-uluslararasi","tag-30147","tag-baris","tag-dostluk","tag-festivali","tag-sevgi"],"jetpack_publicize_connections":[],"jetpack_featured_media_url":"https:\/\/i0.wp.com\/www.tvturk.com\/wp-content\/uploads\/2019\/07\/21-uluslararasi-sevgi-baris-ve-dostluk-festivali_bb6e872.jpg?fit=1000%2C666","jetpack_sharing_enabled":true,"jetpack_shortlink":"https:\/\/wp.me\/paKIfm-Kqm","_links":{"self":[{"href":"http:\/\/www.tvturk.com\/index.php\/wp-json\/wp\/v2\/posts\/178458","targetHints":{"allow":["GET"]}}],"collection":[{"href":"http:\/\/www.tvturk.com\/index.php\/wp-json\/wp\/v2\/posts"}],"about":[{"href":"http:\/\/www.tvturk.com\/index.php\/wp-json\/wp\/v2\/types\/post"}],"author":[{"embeddable":true,"href":"http:\/\/www.tvturk.com\/index.php\/wp-json\/wp\/v2\/users\/1"}],"replies":[{"embeddable":true,"href":"http:\/\/www.tvturk.com\/index.php\/wp-json\/wp\/v2\/comments?post=178458"}],"version-history":[{"count":0,"href":"http:\/\/www.tvturk.com\/index.php\/wp-json\/wp\/v2\/posts\/178458\/revisions"}],"wp:featuredmedia":[{"embeddable":true,"href":"http:\/\/www.tvturk.com\/index.php\/wp-json\/wp\/v2\/media\/178459"}],"wp:attachment":[{"href":"http:\/\/www.tvturk.com\/index.php\/wp-json\/wp\/v2\/media?parent=178458"}],"wp:term":[{"taxonomy":"category","embeddable":true,"href":"http:\/\/www.tvturk.com\/index.php\/wp-json\/wp\/v2\/categories?post=178458"},{"taxonomy":"post_tag","embeddable":true,"href":"http:\/\/www.tvturk.com\/index.php\/wp-json\/wp\/v2\/tags?post=178458"}],"curies":[{"name":"wp","href":"https:\/\/api.w.org\/{rel}","templated":true}]}}