{"id":178488,"date":"2019-07-06T09:31:30","date_gmt":"2019-07-06T06:31:30","guid":{"rendered":"http:\/\/www.tvturk.com\/index.php\/sehirici-ulasiminda-ev-konforu\/"},"modified":"2019-07-06T09:31:30","modified_gmt":"2019-07-06T06:31:30","slug":"sehirici-ulasiminda-ev-konforu","status":"publish","type":"post","link":"http:\/\/www.tvturk.com\/index.php\/sehirici-ulasiminda-ev-konforu\/","title":{"rendered":"\u015eehiri\u00e7i ula\u015f\u0131m\u0131nda ev konforu"},"content":{"rendered":"<p>Ayd\u0131n\u2019da, ara\u00e7 klimas\u0131 ar\u0131za yapan \u015fehiri\u00e7i \u015fof\u00f6r\u00fc Okan Can, ev tipi klimay\u0131 bagaj\u0131na monte etti\u011fi midib\u00fcste \u00e7al\u0131\u015ft\u0131rd\u0131. 2 y\u0131ll\u0131k hayalini ger\u00e7ekle\u015ftiren \u015fof\u00f6r hem m\u00fc\u015fterilerini memnun etti\u011fi hem de y\u00fczde 20 yak\u0131t tasarrufu sa\u011flad\u0131.<\/p>\n<p>Efeler \u015eehiri\u00e7i \u00d6zel Halk Otob\u00fcs\u00fc Kooperatifi b\u00fcnyesinde \u00e7al\u0131\u015fan 35 ya\u015f\u0131ndaki \u015fehiri\u00e7i \u015fof\u00f6r\u00fc Okan Can, artan yak\u0131t giderlerini d\u00fc\u015f\u00fcrmek i\u00e7in 2 y\u0131l \u00f6nce akl\u0131na gelen ev tipi klimay\u0131 arac\u0131na monte ederek tasarruf yapma hayali ger\u00e7ekle\u015ftirme f\u0131rsat\u0131na ara\u00e7 klimas\u0131 ar\u0131za yap\u0131nca kavu\u015ftu. Bozuk klimay\u0131 tamir ettirmek yerine, 1200 btu\u2019luk bir ev tipi klima sat\u0131n alarak ilk ad\u0131m\u0131 att\u0131. Kliman\u0131n motorunu arac\u0131n yan bagaj\u0131na monte eden Can, kliman\u0131n borular\u0131n\u0131 da tavan d\u00f6\u015femesinin alt\u0131ndan ge\u00e7irerek \u00f6n cam\u0131n \u00fcst\u00fcne monte etti\u011fi \u00fcniteye ula\u015ft\u0131rd\u0131. Ak\u00fcden gelen 24 volt enerjiyi \u00e7eviriciyle 220 volta y\u00fckselten Can, hem m\u00fc\u015fterilerini memnun etti hem de y\u00fczde 20 yak\u0131t tasarrufu sa\u011flad\u0131. Benzersiz uygulamas\u0131yla hava s\u0131cakl\u0131\u011f\u0131n\u0131n yakla\u015f\u0131k 45 dereceye ula\u015ft\u0131\u011f\u0131 ve nemle birlikte s\u0131cakl\u0131\u011f\u0131n daha fazla hissedildi\u011fi Ayd\u0131n\u2019da, \u015fehiri\u00e7i ula\u015f\u0131m\u0131na ev konforu getiren Can, r\u00fcyas\u0131n\u0131 kurdu\u011fu sistem sayesinde ayda yakla\u015f\u0131k 2 bin liray\u0131 cebine koydu.<\/p>\n<p>Klima bozulunca hayalini ger\u00e7ekle\u015ftirdi<\/p>\n<p>Arac\u0131n\u0131n klimas\u0131n\u0131n ar\u0131za yapmas\u0131 nedeniyle 2 y\u0131ll\u0131k r\u00fcyas\u0131n\u0131 amcao\u011flu Serkan Can ile ger\u00e7ekle\u015ftirerek ev tipi klimay\u0131 midib\u00fcse monte eden evli ve iki \u00e7ocuk babas\u0131 \u015fehiri\u00e7i \u015fof\u00f6r\u00fc Okan Can, \u201cArac\u0131n yak\u0131t\u0131 ve di\u011fer aksamlar\u0131n\u0131 hi\u00e7bir \u015fekilde etkilemiyor. 24 volt ak\u00fc enerjisini 220 volta \u00e7evirerek ev tipi klimay\u0131 ara\u00e7 i\u00e7erisinde sorunsuz bir \u015fekilde \u00e7al\u0131\u015ft\u0131rmay\u0131 ba\u015fard\u0131k. \u015euan hi\u00e7bir s\u0131k\u0131nt\u0131 ya\u015famadan \u00e7al\u0131\u015f\u0131yor ve m\u00fc\u015fterilerimiz de \u00e7ok memnun. G\u00f6ren herkes \u015fa\u015f\u0131r\u0131yor. \u0130lk kez b\u00f6yle bir \u015fey yapm\u0131\u015f olmak ve bunda da ba\u015far\u0131l\u0131 olmak bizi mutlu etti. Yakla\u015f\u0131k 2 y\u0131ld\u0131r bu d\u00fc\u015f\u00fcnce bende vard\u0131 ama maddi olarak \u00f6nemli bir miktar oldu\u011fu i\u00e7in ancak bu y\u0131l bu hayalimi ger\u00e7ekle\u015ftirebildim. Yakla\u015f\u0131k 12 bin liraya mal olan bu sistemin, ayl\u0131k olarak bana yakla\u015f\u0131k 2 bin lira yak\u0131t tasarrufu getirisi var. Hem so\u011futmas\u0131 daha hem de ara\u00e7 klimas\u0131n\u0131n yakt\u0131\u011f\u0131 mazot cebime kald\u0131\u201d dedi.<\/p>\n<p>Di\u011fer \u015fof\u00f6rler deneme s\u00fcrecinin bitmesini bekliyor<\/p>\n<p>M\u00fc\u015fterilerinden olumlu y\u00f6nde \u00e7ok iyi geri d\u00f6n\u00fc\u015f\u00fcmler ald\u0131\u011f\u0131n\u0131 kaydeden Can, \u015f\u00f6yle konu\u015ftu:<\/p>\n<p>\u201cKlima sayesinde hem ben hem de yolcular\u0131m\u0131z kavurucu Ayd\u0131n s\u0131ca\u011f\u0131ndan kurtulduk. M\u00fc\u015fterilerimiz \u00e7ok sevindi ve b\u00fct\u00fcn ara\u00e7larda istiyorlar. \u015euan performans olarak \u00e7ok iyi sonu\u00e7 ald\u0131 ama ileride s\u0131k\u0131nt\u0131 ya\u015fay\u0131p ya\u015famayaca\u011f\u0131m\u0131z\u0131 zaman g\u00f6sterecek. Sorun \u00e7\u0131kmayaca\u011f\u0131n\u0131 ve bu sistem ile ba\u015far\u0131y\u0131 elde etti\u011fimizi d\u00fc\u015f\u00fcn\u00fcyorum. Sistemi g\u00f6ren meslekta\u015flar\u0131m \u015fuan beni bekliyorlar. 15-20 g\u00fcn gibi bir deneme s\u00fcreci planlad\u0131k. Bu s\u00fcreci s\u0131k\u0131nt\u0131 ya\u015famadan atlat\u0131rsak, t\u00fcm arkada\u015flar\u0131m da bu sitemi ara\u00e7lar\u0131na kurmay\u0131 istiyor\u201d<\/p>\n<p>\u201c\u00c7ok g\u00fczel bir \u00e7\u00f6z\u00fcm olmu\u015f\u201d<\/p>\n<p>Bindi\u011fi ara\u00e7ta kar\u015f\u0131la\u015ft\u0131\u011f\u0131 ev tipi klimay\u0131 g\u00f6r\u00fcnce b\u00fcy\u00fck \u015fa\u015fk\u0131nl\u0131k ya\u015fayan Necati \u00c7elik, \u201cB\u00f6yle bir \u015feyle ilk defa kar\u015f\u0131la\u015ft\u0131m ve baya da \u015fa\u015f\u0131rd\u0131m ama gayet g\u00fczel olmu\u015f. Klima \u00e7al\u0131\u015fmaya ba\u015flad\u0131ktan sonra arac\u0131n i\u00e7erisi baya bir serinledi. Normal ara\u00e7 klimalar\u0131 yeterli olmuyordu, Ayd\u0131n\u2019\u0131n s\u0131ca\u011f\u0131 i\u00e7in \u00e7ok g\u00fczel bir \u00e7\u00f6z\u00fcm olmu\u015f. \u015euan gayet serin bir ortamda yolculuk yap\u0131yoruz\u201d \u015feklinde konu\u015ftu.<\/p>\n<p>\u201cDi\u011fer ara\u00e7larda da istiyoruz\u201d<\/p>\n<p>Bir ara\u00e7ta ilk kez g\u00f6rd\u00fc\u011f\u00fc ev kliman\u0131n g\u00fczel bir serinlik sa\u011flad\u0131\u011f\u0131n\u0131 ifade eden emekli kamu g\u00f6revlisi Hilmi \u00c7\u0131tak ise, projenin yayg\u0131nla\u015fmas\u0131n\u0131 temenni ederek \u015fu a\u00e7\u0131klamalarda bulundu:<\/p>\n<p>\u201c\u015eof\u00f6r arkada\u015f\u0131m\u0131z gayet g\u00fczel bir sistem kurmu\u015f. Biz yolcular olarak arabalar\u0131n tamam\u0131nda olmas\u0131n\u0131 isteriz. Bu ara\u00e7lardaki sistemin belediye otob\u00fcsleriyle rekabet edebilecek d\u00fczeyde olmas\u0131n\u0131 arzu ediyoruz. Belediye otob\u00fcslerindeki sistem ile bu ara\u00e7lardaki ayn\u0131 de\u011fil ama arkada\u015f\u0131m\u0131z\u0131n kurdu\u011fu bu sitem \u00e7ok g\u00fczel d\u00fc\u015f\u00fcn\u00fclm\u00fc\u015f. Bu sistemin di\u011fer ara\u00e7larda da olmas\u0131 biz yolcular i\u00e7in daha iyi olur\u201d<\/p>\n","protected":false},"excerpt":{"rendered":"<p>AYDIN\u2019DA, ARA\u00c7 KL\u0130MASI ARIZA YAPAN \u015eEH\u0130R\u0130\u00c7\u0130 \u015eOF\u00d6R\u00dc OKAN CAN, EV T\u0130P\u0130 KL\u0130MAYI BAGAJINA MONTE ETT\u0130\u011e\u0130 M\u0130D\u0130B\u00dcSTE \u00c7ALI\u015eTIRDI. 2 YILLIK HAYAL\u0130N\u0130 GER\u00c7EKLE\u015eT\u0130REN \u015eOF\u00d6R HEM M\u00dc\u015eTER\u0130LER\u0130N\u0130 MEMNUN ETT\u0130\u011e\u0130 HEM DE Y\u00dcZDE 20 YAKIT TASARRUFU SA\u011eLADI.<\/p>\n","protected":false},"author":1,"featured_media":178489,"comment_status":"closed","ping_status":"open","sticky":false,"template":"","format":"standard","meta":{"jetpack_post_was_ever_published":false,"_jetpack_newsletter_access":"","_jetpack_dont_email_post_to_subs":false,"_jetpack_newsletter_tier_id":0,"_jetpack_memberships_contains_paywalled_content":false,"_jetpack_memberships_contains_paid_content":false,"footnotes":"","jetpack_publicize_message":"","jetpack_publicize_feature_enabled":true,"jetpack_social_post_already_shared":true,"jetpack_social_options":{"image_generator_settings":{"template":"highway","default_image_id":0,"font":"","enabled":false},"version":2}},"categories":[1],"tags":[9275,43736,39040],"class_list":["post-178488","post","type-post","status-publish","format-standard","has-post-thumbnail","hentry","category-genel","tag-konforu","tag-sehirici","tag-ulasiminda"],"jetpack_publicize_connections":[],"jetpack_featured_media_url":"https:\/\/i0.wp.com\/www.tvturk.com\/wp-content\/uploads\/2019\/07\/sehirici-ulasiminda-ev-konforu_ef7311b.jpg?fit=1000%2C664","jetpack_sharing_enabled":true,"jetpack_shortlink":"https:\/\/wp.me\/paKIfm-KqQ","_links":{"self":[{"href":"http:\/\/www.tvturk.com\/index.php\/wp-json\/wp\/v2\/posts\/178488","targetHints":{"allow":["GET"]}}],"collection":[{"href":"http:\/\/www.tvturk.com\/index.php\/wp-json\/wp\/v2\/posts"}],"about":[{"href":"http:\/\/www.tvturk.com\/index.php\/wp-json\/wp\/v2\/types\/post"}],"author":[{"embeddable":true,"href":"http:\/\/www.tvturk.com\/index.php\/wp-json\/wp\/v2\/users\/1"}],"replies":[{"embeddable":true,"href":"http:\/\/www.tvturk.com\/index.php\/wp-json\/wp\/v2\/comments?post=178488"}],"version-history":[{"count":0,"href":"http:\/\/www.tvturk.com\/index.php\/wp-json\/wp\/v2\/posts\/178488\/revisions"}],"wp:featuredmedia":[{"embeddable":true,"href":"http:\/\/www.tvturk.com\/index.php\/wp-json\/wp\/v2\/media\/178489"}],"wp:attachment":[{"href":"http:\/\/www.tvturk.com\/index.php\/wp-json\/wp\/v2\/media?parent=178488"}],"wp:term":[{"taxonomy":"category","embeddable":true,"href":"http:\/\/www.tvturk.com\/index.php\/wp-json\/wp\/v2\/categories?post=178488"},{"taxonomy":"post_tag","embeddable":true,"href":"http:\/\/www.tvturk.com\/index.php\/wp-json\/wp\/v2\/tags?post=178488"}],"curies":[{"name":"wp","href":"https:\/\/api.w.org\/{rel}","templated":true}]}}