{"id":178528,"date":"2019-07-06T10:31:37","date_gmt":"2019-07-06T07:31:37","guid":{"rendered":"http:\/\/www.tvturk.com\/index.php\/arilar-guzellik-merkezi-onunu-istila-etti\/"},"modified":"2019-07-06T10:31:37","modified_gmt":"2019-07-06T07:31:37","slug":"arilar-guzellik-merkezi-onunu-istila-etti","status":"publish","type":"post","link":"http:\/\/www.tvturk.com\/index.php\/arilar-guzellik-merkezi-onunu-istila-etti\/","title":{"rendered":"Ar\u0131lar g\u00fczellik merkezi \u00f6n\u00fcn\u00fc istila etti"},"content":{"rendered":"<p>Gaziantep\u2019te bir g\u00fczellik merkezi \u00f6n\u00fcndeki a\u011fac\u0131n \u00fczerinde toplanan ve \u00e7evreyi istila eden binlerce ar\u0131 insanlar\u0131 tedirgin etti. Ar\u0131lar olay yerine gelen ve arac\u0131l\u0131kla u\u011fra\u015fan bir vatanda\u015f taraf\u0131ndan kovana konularak g\u00f6t\u00fcr\u00fcld\u00fc.<\/p>\n<p>Edinilen bilgiye Gaziantep Akkent Mahallesi\u2019nde bir g\u00fczellik merkezi \u00f6n\u00fcndeki bir a\u011fa\u00e7ta binlerce ar\u0131 kovan olu\u015fturdu. Zamanla daha da \u00e7o\u011falan ar\u0131lar \u00e7evrede u\u00e7u\u015fmaya ba\u015flay\u0131nca vatanda\u015flara da zor anlar ya\u015fatt\u0131. Ar\u0131lar\u0131n zamanla daha da \u00e7o\u011falmas\u0131 \u00fczerine ne yapacaklar\u0131n\u0131 \u015fa\u015f\u0131ran vatanda\u015flar Sar\u0131t Mahallesi\u2019nde ar\u0131c\u0131l\u0131k yapan Fevzi K\u0131l\u0131\u00e7\u2019a haber verdi.<\/p>\n<p>Vatanda\u015flar\u0131n \u00e7a\u011f\u0131rmas\u0131yla olay yerine gelen ve ar\u0131lar\u0131 bir kovana toplayan Fevzi K\u0131l\u0131\u00e7, &#8220;Ben hayvanc\u0131l\u0131k ve ar\u0131c\u0131l\u0131kla u\u011fra\u015f\u0131yorum. Burada g\u00fczellik merkezi \u00f6n\u00fcnde de ar\u0131lar toplan\u0131p a\u011fac\u0131n dal\u0131na kovan olu\u015fturmu\u015f. Biz de ar\u0131lar vatanda\u015fa zarar vermesin diye o\u011ful atan ar\u0131lar\u0131 almaya geldik. Ar\u0131lar tehlikelidir yani y\u0131llard\u0131r bu i\u015fi yapmam\u0131za ra\u011fmen ara s\u0131ra bizi bile sokuyorlar&#8221; diye konu\u015ftu.<\/p>\n<p>G\u00fczellik merkezi \u00f6n\u00fcnde toplanan binlerce ar\u0131n\u0131n Fevzi K\u0131l\u0131\u00e7 taraf\u0131ndan al\u0131nmas\u0131n\u0131n ard\u0131ndan \u00e7evredeki vatanda\u015flar da rahat bir nefes ald\u0131.<\/p>\n","protected":false},"excerpt":{"rendered":"<p>GAZ\u0130ANTEP&#8217;TE B\u0130R G\u00dcZELL\u0130K MERKEZ\u0130 \u00d6N\u00dcNDEK\u0130 A\u011eACIN \u00dcZER\u0130NDE TOPLANAN VE \u00c7EVREY\u0130 \u0130ST\u0130LA EDEN B\u0130NLERCE ARI \u0130NSANLARI TED\u0130RG\u0130N ETT\u0130. ARILAR OLAY YER\u0130NE GELEN VE ARACILIKLA U\u011eRA\u015eAN B\u0130R VATANDA\u015e TARAFINDAN KOVANA KONULARAK G\u00d6T\u00dcR\u00dcLD\u00dc.<\/p>\n","protected":false},"author":1,"featured_media":178529,"comment_status":"closed","ping_status":"open","sticky":false,"template":"","format":"standard","meta":{"jetpack_post_was_ever_published":false,"_jetpack_newsletter_access":"","_jetpack_dont_email_post_to_subs":false,"_jetpack_newsletter_tier_id":0,"_jetpack_memberships_contains_paywalled_content":false,"_jetpack_memberships_contains_paid_content":false,"footnotes":"","jetpack_publicize_message":"","jetpack_publicize_feature_enabled":true,"jetpack_social_post_already_shared":true,"jetpack_social_options":{"image_generator_settings":{"template":"highway","default_image_id":0,"font":"","enabled":false},"version":2}},"categories":[1],"tags":[4158,207,4428,9248,295,16073],"class_list":["post-178528","post","type-post","status-publish","format-standard","has-post-thumbnail","hentry","category-genel","tag-arilar","tag-etti","tag-guzellik","tag-istila","tag-merkezi","tag-onunu"],"jetpack_publicize_connections":[],"jetpack_featured_media_url":"https:\/\/i0.wp.com\/www.tvturk.com\/wp-content\/uploads\/2019\/07\/arilar-guzellik-merkezi-onunu-istila-etti_f2f2fda.jpg?fit=1000%2C666","jetpack_sharing_enabled":true,"jetpack_shortlink":"https:\/\/wp.me\/paKIfm-Kru","_links":{"self":[{"href":"http:\/\/www.tvturk.com\/index.php\/wp-json\/wp\/v2\/posts\/178528","targetHints":{"allow":["GET"]}}],"collection":[{"href":"http:\/\/www.tvturk.com\/index.php\/wp-json\/wp\/v2\/posts"}],"about":[{"href":"http:\/\/www.tvturk.com\/index.php\/wp-json\/wp\/v2\/types\/post"}],"author":[{"embeddable":true,"href":"http:\/\/www.tvturk.com\/index.php\/wp-json\/wp\/v2\/users\/1"}],"replies":[{"embeddable":true,"href":"http:\/\/www.tvturk.com\/index.php\/wp-json\/wp\/v2\/comments?post=178528"}],"version-history":[{"count":0,"href":"http:\/\/www.tvturk.com\/index.php\/wp-json\/wp\/v2\/posts\/178528\/revisions"}],"wp:featuredmedia":[{"embeddable":true,"href":"http:\/\/www.tvturk.com\/index.php\/wp-json\/wp\/v2\/media\/178529"}],"wp:attachment":[{"href":"http:\/\/www.tvturk.com\/index.php\/wp-json\/wp\/v2\/media?parent=178528"}],"wp:term":[{"taxonomy":"category","embeddable":true,"href":"http:\/\/www.tvturk.com\/index.php\/wp-json\/wp\/v2\/categories?post=178528"},{"taxonomy":"post_tag","embeddable":true,"href":"http:\/\/www.tvturk.com\/index.php\/wp-json\/wp\/v2\/tags?post=178528"}],"curies":[{"name":"wp","href":"https:\/\/api.w.org\/{rel}","templated":true}]}}