{"id":178532,"date":"2019-07-06T10:46:05","date_gmt":"2019-07-06T07:46:05","guid":{"rendered":"http:\/\/www.tvturk.com\/index.php\/californiada-artci-sarsintilar-devam-ediyor\/"},"modified":"2019-07-06T10:46:05","modified_gmt":"2019-07-06T07:46:05","slug":"californiada-artci-sarsintilar-devam-ediyor","status":"publish","type":"post","link":"http:\/\/www.tvturk.com\/index.php\/californiada-artci-sarsintilar-devam-ediyor\/","title":{"rendered":"California\u2019da art\u00e7\u0131 sars\u0131nt\u0131lar devam ediyor"},"content":{"rendered":"<p>ABD\u2019nin Kaliforniya eyaletinde d\u00fcn meydana gelen 6.4 b\u00fcy\u00fckl\u00fc\u011f\u00fcndeki ve bu sabah ya\u015fanan 7.1 b\u00fcy\u00fckl\u00fc\u011f\u00fcndeki depremlerin art\u00e7\u0131 sars\u0131nt\u0131lar\u0131 artarak devam ediyor.<\/p>\n<p>ABD\u2019nin Kaliforniya eyaletinde d\u00fcn meydana gelen 6.4 b\u00fcy\u00fckl\u00fc\u011f\u00fcndeki depremin ard\u0131ndan ge\u00e7ti\u011fimiz saatlerde ayn\u0131 b\u00f6lgede 7.1 \u015fiddetinde bir deprem daha meydana geldi. 4 Temmuz\u2019da ger\u00e7ekle\u015fen depremin ard\u0131ndan bug\u00fcn ger\u00e7ekle\u015fen deprem California\u2019da son 20 y\u0131lda ger\u00e7ekle\u015fmi\u015f en b\u00fcy\u00fck deprem oldu\u011fu kaydedildi. Depremin ard\u0131ndan gelen ilk art\u00e7\u0131 ise 5.5 b\u00fcy\u00fckl\u00fc\u011f\u00fcnde ger\u00e7ekle\u015fti.<\/p>\n<p>B\u00f6lgede bulunan acil durum ekiplerinden ilk al\u0131nan bilgiye g\u00f6re, deprem merkezine en yak\u0131n yerle\u015fim yeri olan Ridgecrest \u015fehri ve \u00e7evresinde baz\u0131 yang\u0131nlara sebep oldu. B\u00f6lgedeki 3 bin ki\u015finin de elektrikleri kesildi.<\/p>\n<p>Depremden en etkilenen b\u00f6lgelerden biri olan Trona\u2019da ya\u015fayan ve deprem an\u0131nda kasaba d\u0131\u015f\u0131nda olan Winter Wilson, \u201cYerin yar\u0131ld\u0131\u011f\u0131n\u0131 s\u00f6yl\u00fcyorlar\u201d diyerek eve gelmemesinin s\u00f6ylendi\u011fini belirtti.  Bir ba\u015fka Trona sakini olan Ivan Amerson\u2019da b\u00f6lgede \u201cb\u00fcy\u00fck bir hasar\u201d oldu\u011funu s\u00f6yleyerek evlerin temellerinden ayr\u0131ld\u0131\u011f\u0131n\u0131 s\u00f6yledi. Ayr\u0131ca Trona\u2019ya giden yol, d\u00fc\u015fen kayalar nedeni ile ula\u015f\u0131ma kapand\u0131.<\/p>\n<p>Fay hatt\u0131 b\u00fcy\u00fcyor<\/p>\n<p>Caltech Laboratuvar\u0131 Sismolo\u011fu Lucy Jones, 7.1 olarak ger\u00e7ekle\u015fen depremin daha \u00f6nce ger\u00e7ekle\u015fen 6.4 b\u00fcy\u00fckl\u00fc\u011f\u00fcndeki depremden 10 kat daha g\u00fc\u00e7l\u00fc oldu\u011funu belirtti. Jones ayr\u0131ca depremin ger\u00e7ekle\u015fti\u011fi fay sisteminin 40-50 kilometre uzam\u0131\u015f olabilece\u011fini s\u00f6yledi ve \u201cfay hatt\u0131 b\u00fcy\u00fcyor\u201d dedi. 7.1 ger\u00e7ekle\u015fen bir depremin art\u00e7\u0131lar\u0131n\u0131n 6 civar\u0131nda olabilece\u011fini ifade eden Jones, halk\u0131 haz\u0131rl\u0131kl\u0131 olma konusunda uyard\u0131.<\/p>\n<p>ABD Jeoloji Ara\u015ft\u0131rma Kurumu sismolo\u011fu Robert Graves de yapt\u0131\u011f\u0131 a\u00e7\u0131klamada \u201cY\u00fczde 5 ihtimal ile bu depremi daha b\u00fcy\u00fck bir deprem takip edebilir\u201d dedi.<\/p>\n<p>California Valisi Gavin Newsom yapt\u0131\u011f\u0131 a\u00e7\u0131klamada \u201cCalifornia\u2019da ger\u00e7ekle\u015fen depremler sebebi ile Valilik Ofisi Acil Durum Servisi Ofisinin \u00e7al\u0131\u015fmalar\u0131n\u0131 en y\u00fcksek seviyeye \u00e7\u0131kartt\u0131m ve eyalet b\u00f6lgesel ilk yard\u0131m ekiplerine yard\u0131m\u0131 koordine ediyor\u201d diye konu\u015ftu.<\/p>\n<p>Deprem Las Vegas\u2019tan Meksika\u2019ya kadar geni\u015f bir b\u00f6lgede hissedildi.<\/p>\n","protected":false},"excerpt":{"rendered":"<p>TRONA\u2019YA G\u0130DEN YOL, D\u00dc\u015eEN KAYALAR NEDEN\u0130 \u0130LE ULA\u015eIMA KAPANDI.<\/p>\n","protected":false},"author":1,"featured_media":178533,"comment_status":"closed","ping_status":"open","sticky":false,"template":"","format":"standard","meta":{"jetpack_post_was_ever_published":false,"_jetpack_newsletter_access":"","_jetpack_dont_email_post_to_subs":false,"_jetpack_newsletter_tier_id":0,"_jetpack_memberships_contains_paywalled_content":false,"_jetpack_memberships_contains_paid_content":false,"footnotes":"","jetpack_publicize_message":"","jetpack_publicize_feature_enabled":true,"jetpack_social_post_already_shared":true,"jetpack_social_options":{"image_generator_settings":{"template":"highway","default_image_id":0,"font":"","enabled":false},"version":2}},"categories":[10],"tags":[17786,43587,522,523,43752],"class_list":["post-178532","post","type-post","status-publish","format-standard","has-post-thumbnail","hentry","category-dunya","tag-artci","tag-californiada","tag-devam","tag-ediyor","tag-sarsintilar"],"jetpack_publicize_connections":[],"jetpack_featured_media_url":"https:\/\/i0.wp.com\/www.tvturk.com\/wp-content\/uploads\/2019\/07\/californiada-artci-sarsintilar-devam-ediyor_66600c3.jpg?fit=666%2C1000","jetpack_sharing_enabled":true,"jetpack_shortlink":"https:\/\/wp.me\/paKIfm-Kry","_links":{"self":[{"href":"http:\/\/www.tvturk.com\/index.php\/wp-json\/wp\/v2\/posts\/178532","targetHints":{"allow":["GET"]}}],"collection":[{"href":"http:\/\/www.tvturk.com\/index.php\/wp-json\/wp\/v2\/posts"}],"about":[{"href":"http:\/\/www.tvturk.com\/index.php\/wp-json\/wp\/v2\/types\/post"}],"author":[{"embeddable":true,"href":"http:\/\/www.tvturk.com\/index.php\/wp-json\/wp\/v2\/users\/1"}],"replies":[{"embeddable":true,"href":"http:\/\/www.tvturk.com\/index.php\/wp-json\/wp\/v2\/comments?post=178532"}],"version-history":[{"count":0,"href":"http:\/\/www.tvturk.com\/index.php\/wp-json\/wp\/v2\/posts\/178532\/revisions"}],"wp:featuredmedia":[{"embeddable":true,"href":"http:\/\/www.tvturk.com\/index.php\/wp-json\/wp\/v2\/media\/178533"}],"wp:attachment":[{"href":"http:\/\/www.tvturk.com\/index.php\/wp-json\/wp\/v2\/media?parent=178532"}],"wp:term":[{"taxonomy":"category","embeddable":true,"href":"http:\/\/www.tvturk.com\/index.php\/wp-json\/wp\/v2\/categories?post=178532"},{"taxonomy":"post_tag","embeddable":true,"href":"http:\/\/www.tvturk.com\/index.php\/wp-json\/wp\/v2\/tags?post=178532"}],"curies":[{"name":"wp","href":"https:\/\/api.w.org\/{rel}","templated":true}]}}