{"id":178540,"date":"2019-07-06T10:46:33","date_gmt":"2019-07-06T07:46:33","guid":{"rendered":"http:\/\/www.tvturk.com\/index.php\/baskentte-kadin-olmanin-ayricaligi\/"},"modified":"2019-07-06T10:46:33","modified_gmt":"2019-07-06T07:46:33","slug":"baskentte-kadin-olmanin-ayricaligi","status":"publish","type":"post","link":"http:\/\/www.tvturk.com\/index.php\/baskentte-kadin-olmanin-ayricaligi\/","title":{"rendered":"Ba\u015fkent\u2019te \u201cKad\u0131n\u201d olman\u0131n ayr\u0131cal\u0131\u011f\u0131"},"content":{"rendered":"<p>Ankara B\u00fcy\u00fck\u015fehir Belediyesi,  \u201cKad\u0131n Dostu Kent\u201d olma y\u00f6n\u00fcndeki iddias\u0131n\u0131, \u201cKad\u0131nlar Ankara\u2019dan Ne \u0130stiyor?\u201d ad\u0131 alt\u0131nda d\u00fczenledi\u011fi anketle peki\u015ftiriyor.<\/p>\n<p>1 Ocak 2019 tarihinden bu yana s\u00fcrd\u00fcr\u00fclen Yerel E\u015fitlik Eylem Plan\u0131 \u00e7er\u00e7evesinde B\u00fcy\u00fck\u015fehir Belediyesi K\u00fclt\u00fcr ve Sosyal \u0130\u015fler Daire Ba\u015fkanl\u0131\u011f\u0131 Kad\u0131n ve Aile M\u00fcd\u00fcrl\u00fc\u011f\u00fc Kad\u0131n Dan\u0131\u015fma Merkezi\u2019nce haz\u0131rlanan, \u201cKad\u0131nlar Ankara\u2019dan Ne \u0130stiyor?\u201d ba\u015fl\u0131kl\u0131 ankette, kent ya\u015fam\u0131ndaki kad\u0131nlar\u0131n ihtiya\u00e7lar\u0131n\u0131n belirlenmesi hedefleniyor.<\/p>\n<p>Anket Temmuz ay\u0131 s\u00fcresince devam edecek<\/p>\n<p>B\u00fcy\u00fck\u015fehir Belediyesi Bas\u0131n Yay\u0131n ve Halkla \u0130li\u015fkiler Daire Ba\u015fkanl\u0131\u011f\u0131 b\u00fcnyesinde sahada s\u00fcrd\u00fcr\u00fclen ankette kad\u0131nlara; e\u011fitimden sa\u011fl\u0131\u011fa, ula\u015f\u0131mdan kre\u015f ihtiyac\u0131na, belediyenin kad\u0131na y\u00f6nelik \u00e7al\u0131\u015fmalar\u0131ndan beklentilerine kadar pek \u00e7ok soru y\u00f6neltiliyor.<\/p>\n<p>Temmuz ay\u0131 boyunca devam edecek ankete kat\u0131lmak isteyen kad\u0131nlar sorular\u0131; Ankara B\u00fcy\u00fck\u015fehir Belediyesi web sitesi (anket.ankara.bel.tr), Belediye Hizmet Binas\u0131 i\u00e7indeki Halkla \u0130li\u015fkiler Bankolar\u0131 ya da K\u0131z\u0131lay Metro \u0130stasyonundaki dijital ekranlardan yan\u0131tlayabilir.<\/p>\n<p>Yakla\u015f\u0131k 5 bin kad\u0131n\u0131n kat\u0131l\u0131m\u0131n\u0131n hedeflendi\u011fi \u201cKad\u0131nlar Ankara\u2019dan Ne \u0130stiyor?\u201d anket \u00e7al\u0131\u015fmas\u0131 internet ortam\u0131n\u0131n d\u0131\u015f\u0131nda, kentin en i\u015flek noktalar\u0131nda y\u00fcz y\u00fcze olarak da yap\u0131lmaya ba\u015fland\u0131.<\/p>\n<p>Ba\u015fkentli kad\u0131nlar anketten memnun<\/p>\n<p>B\u00fcy\u00fck\u015fehir Belediyesi\u2019nin d\u00fczenledi\u011fi ankete kat\u0131lan 7\u2019den 70\u2019e kad\u0131nlar anket uygulamas\u0131ndan memnuniyetlerini dile getirdiler:<\/p>\n<p>-Seren Zeynep \u00d6ztepe-(21 ya\u015f\u0131nda-\u00d6\u011frenci): \u201cAnket uygulamas\u0131n\u0131 \u00e7ok faydal\u0131 buldum. Anketteki sorular\u0131 inceledi\u011fimde \u00e7o\u011fumuzun baz\u0131 uygulamalar\u0131 bilmedi\u011fini fark ettim. \u00d6rne\u011fin ankette \u2018G\u00fcvenli durak uygulamas\u0131ndan haberdar m\u0131s\u0131n\u0131z?\u2019 diye bir soru vard\u0131. Benim b\u00f6yle bir \u015feyden yak\u0131n zamana kadar haberim yoktu. Ben \u00f6\u011frenci oldu\u011fum i\u00e7in yurda ge\u00e7 saatlerde d\u00f6nerken tedirgin oluyordum bu \u2019g\u00fcvenli durak uygulamas\u0131\u2019 ile gidece\u011fim yurdun \u00f6n\u00fcne kadar b\u0131rak\u0131l\u0131yor olmak kendimi \u00e7ok g\u00fcvende hissettiriyor. Bu hizmetlerin yan\u0131 s\u0131ra Ba\u015fkent\u2019te Metrolarda bebek bak\u0131m odalar\u0131n\u0131n art\u0131r\u0131lmas\u0131n\u0131 istiyorum. Kendi karde\u015fim i\u00e7in biz bu konuda zorluk ya\u015f\u0131yoruz. Bir\u00e7ok bebekli annenin de bu konudan muzdarip oldu\u011funu d\u00fc\u015f\u00fcn\u00fcyorum.&#8221;<\/p>\n<p>-Zehra Mumcu-(35 ya\u015f\u0131nda-Ev Han\u0131m\u0131): \u201cKad\u0131nlara y\u00f6nelik anket yap\u0131lmas\u0131 \u00e7ok g\u00fczel. Fikrimizin sorulmas\u0131, \u00f6nerilerimizin \u00f6nemsenmesi \u00e7ok g\u00fczel. Ba\u015fkent\u2019te ara\u00e7lar\u0131n kald\u0131r\u0131mlara park etmesinden \u00e7ok \u015fikayet\u00e7iyiz. Hamileler, bebek arabalar\u0131n\u0131 kullanan aileler ve engelliler \u00e7ok zor durumda kal\u0131yorlar. Buna bir \u00e7\u00f6z\u00fcm bulunsun istiyorum. Ba\u015fkent\u2019in daha temiz olmas\u0131 \u00e7ocuklar\u0131m\u0131z i\u00e7in \u00e7ok \u00f6nemli.\u201d<\/p>\n<p>-Zeynep Mehmeto\u011flu-(14 ya\u015f\u0131nda-\u00d6\u011frenci): \u201cB\u00fcy\u00fck\u015fehir Belediyesi\u2019nin kad\u0131nlara y\u00f6nelik anket yapmas\u0131, fikirlerini sormas\u0131 g\u00fczel bir uygulama. B\u00fcy\u00fck\u015fehir Belediyesi\u2019nin Han\u0131m Lokalleri, Aile Ya\u015fam Merkezleri var. Kad\u0131nlar i\u00e7in \u015fehir i\u00e7i \u015fehir d\u0131\u015f\u0131 turlar var. Bu hizmetlerinden memnunuz. Te\u015fekk\u00fcr ediyoruz.\u201d<\/p>\n<p>\u201cKad\u0131n dostu kent ba\u015fkent\u201d<\/p>\n<p>Ba\u015fkentli kad\u0131nlar\u0131n kent ya\u015fam\u0131nda daha aktif rol almas\u0131na olanak tan\u0131yan projeleri tek tek hayata ge\u00e7iren B\u00fcy\u00fck\u015fehir Belediyesi, \u00f6ncelikli olarak her sosyo-ekonomik d\u00fczeydeki kad\u0131n\u0131n toplumdaki yerini g\u00fc\u00e7lendirmeyi ama\u00e7l\u0131yor.<\/p>\n<p>2 Kad\u0131n S\u0131\u011f\u0131nma Evi, 1\u2019i merkezde 5\u2019i il\u00e7ede olmak \u00fczere toplam 6 Kad\u0131n Dan\u0131\u015fma Birimi ile hizmet vermeyi s\u00fcrd\u00fcren B\u00fcy\u00fck\u015fehir Belediyesi, kad\u0131na y\u00f6nelik \u015fiddetle de yo\u011fun m\u00fccadele ediyor. Kad\u0131na \u015fiddet konusunda toplumsal fark\u0131ndal\u0131k olu\u015fturmak i\u00e7in \u00e7al\u0131\u015fmalar ger\u00e7ekle\u015ftiren ve bu konudaki ilk genelgeyi yay\u0131mlayan belediye unvan\u0131n\u0131 alan Ankara B\u00fcy\u00fck\u015fehir Belediyesi, Yerel E\u015fitlik Eylem Plan\u0131 ile \u00f6rnek projelere de imza at\u0131yor.<\/p>\n<p>Kad\u0131nlar\u0131n ihtiya\u00e7lar\u0131n\u0131 ve beklentilerini yine kad\u0131nlara sorarak tespit eden B\u00fcy\u00fck\u015fehir Belediyesi, kad\u0131nlar\u0131n kentten istekleri, ihtiya\u00e7lar\u0131, be\u011fenileri, ele\u015ftirileri ve \u00f6nerileri gibi bir\u00e7ok konuyu yine kad\u0131nlara sorarak belirliyor.<\/p>\n<p>B\u00fcy\u00fck\u015fehir Belediyesi EGO Genel M\u00fcd\u00fcrl\u00fc\u011f\u00fc 2018 y\u0131l\u0131nda k\u0131z yurtlar\u0131nda g\u00fcvenli durak ve daha \u00e7ok ayd\u0131nlatma \u00e7al\u0131\u015fmas\u0131 ba\u015flatarak, kad\u0131nlar\u0131n kentte daha g\u00fcvenli hareket etmesine de olanak sa\u011flad\u0131.<\/p>\n","protected":false},"excerpt":{"rendered":"<p>ANKARA B\u00dcY\u00dcK\u015eEH\u0130R BELED\u0130YES\u0130,  \u201cKADIN DOSTU KENT\u201d OLMA Y\u00d6N\u00dcNDEK\u0130 \u0130DD\u0130ASINI, \u201cKADINLAR ANKARA\u2019DAN NE \u0130ST\u0130YOR?\u201d ADI ALTINDA D\u00dcZENLED\u0130\u011e\u0130 ANKETLE PEK\u0130\u015eT\u0130R\u0130YOR.<\/p>\n","protected":false},"author":1,"featured_media":178541,"comment_status":"closed","ping_status":"open","sticky":false,"template":"","format":"standard","meta":{"jetpack_post_was_ever_published":false,"_jetpack_newsletter_access":"","_jetpack_dont_email_post_to_subs":false,"_jetpack_newsletter_tier_id":0,"_jetpack_memberships_contains_paywalled_content":false,"_jetpack_memberships_contains_paid_content":false,"footnotes":"","jetpack_publicize_message":"","jetpack_publicize_feature_enabled":true,"jetpack_social_post_already_shared":true,"jetpack_social_options":{"image_generator_settings":{"template":"highway","default_image_id":0,"font":"","enabled":false},"version":2}},"categories":[1],"tags":[43758,5434,108,12066],"class_list":["post-178540","post","type-post","status-publish","format-standard","has-post-thumbnail","hentry","category-genel","tag-ayricaligi","tag-baskentte","tag-kadin","tag-olmanin"],"jetpack_publicize_connections":[],"jetpack_featured_media_url":"https:\/\/i0.wp.com\/www.tvturk.com\/wp-content\/uploads\/2019\/07\/baskentte-kadin-olmanin-ayricaligi_c61acd0.jpg?fit=1000%2C629","jetpack_sharing_enabled":true,"jetpack_shortlink":"https:\/\/wp.me\/paKIfm-KrG","_links":{"self":[{"href":"http:\/\/www.tvturk.com\/index.php\/wp-json\/wp\/v2\/posts\/178540","targetHints":{"allow":["GET"]}}],"collection":[{"href":"http:\/\/www.tvturk.com\/index.php\/wp-json\/wp\/v2\/posts"}],"about":[{"href":"http:\/\/www.tvturk.com\/index.php\/wp-json\/wp\/v2\/types\/post"}],"author":[{"embeddable":true,"href":"http:\/\/www.tvturk.com\/index.php\/wp-json\/wp\/v2\/users\/1"}],"replies":[{"embeddable":true,"href":"http:\/\/www.tvturk.com\/index.php\/wp-json\/wp\/v2\/comments?post=178540"}],"version-history":[{"count":0,"href":"http:\/\/www.tvturk.com\/index.php\/wp-json\/wp\/v2\/posts\/178540\/revisions"}],"wp:featuredmedia":[{"embeddable":true,"href":"http:\/\/www.tvturk.com\/index.php\/wp-json\/wp\/v2\/media\/178541"}],"wp:attachment":[{"href":"http:\/\/www.tvturk.com\/index.php\/wp-json\/wp\/v2\/media?parent=178540"}],"wp:term":[{"taxonomy":"category","embeddable":true,"href":"http:\/\/www.tvturk.com\/index.php\/wp-json\/wp\/v2\/categories?post=178540"},{"taxonomy":"post_tag","embeddable":true,"href":"http:\/\/www.tvturk.com\/index.php\/wp-json\/wp\/v2\/tags?post=178540"}],"curies":[{"name":"wp","href":"https:\/\/api.w.org\/{rel}","templated":true}]}}