{"id":178554,"date":"2019-07-06T11:01:45","date_gmt":"2019-07-06T08:01:45","guid":{"rendered":"http:\/\/www.tvturk.com\/index.php\/genc-bakmerliler-buz-pistinde-bulustu\/"},"modified":"2019-07-06T11:01:45","modified_gmt":"2019-07-06T08:01:45","slug":"genc-bakmerliler-buz-pistinde-bulustu","status":"publish","type":"post","link":"http:\/\/www.tvturk.com\/index.php\/genc-bakmerliler-buz-pistinde-bulustu\/","title":{"rendered":"Gen\u00e7 BAKMER\u2019liler buz pistinde bulu\u015ftu"},"content":{"rendered":"<p>Ba\u015fak\u015fehir Kad\u0131n Aktivite Merkezi\u2019nin (BAKMER) gen\u00e7lik olu\u015fumu Gen\u00e7 BAKMER, \u00fcyelerini farkl\u0131 bir etkinlikte bir araya getirdi.<\/p>\n<p>Airport AVM Buz Pateni Pisti\u2019ndeki etkinli\u011fine kat\u0131lan 24 gen\u00e7, hem stres att\u0131 hem de BAKMER\u2019i tan\u0131tt\u0131. Gen\u00e7 BAKMER\u2019liler doyas\u0131ya e\u011flenirken buz pistine ilk kez \u00e7\u0131kanlar heyecanlar\u0131n\u0131 gizleyemedi. Buz pateni yapmay\u0131 bilenler, bu heyecan\u0131 ilk kez ya\u015fayan arkada\u015flar\u0131na yard\u0131m etti.<\/p>\n<p>BAKMER Sorumlusu Efnan Karaahmeto\u011flu, Gen\u00e7 BAKMER\u2019in Haziran ay\u0131 itibariyle faaliyete ge\u00e7ti\u011fini ve \u015fu an itibariyle 150 \u00fcyeye sahip oldu\u011funu belirterek, \u201cSay\u0131m\u0131z\u0131n daha da artmas\u0131 i\u00e7in gen\u00e7li\u011fe dokunacak projelerimizi olu\u015fturmaya devam ediyoruz. Spordan sanata, sanattan sosyal bran\u015flara kadar bir\u00e7ok alanda e\u011fitim vermekteyiz. Gen\u00e7lerin daha sosyal ve aktif olmas\u0131n\u0131 hedefliyoruz\u201d dedi.<\/p>\n<p>\u201cMeslek\u00ee hayallerine kavu\u015facaklar\u201d<\/p>\n<p>Gen\u00e7 BAKMER olarak yak\u0131nda meslek edindirme kurslar\u0131 a\u00e7acaklar\u0131n\u0131 dile getiren Karaahmeto\u011flu, \u201cGen\u00e7li\u011fin d\u00fc\u015f\u00fcncelerine terc\u00fcman olmak ve onlar\u0131n yeteneklerini ke\u015ffederek hayallerine daha da yak\u0131nla\u015fmalar\u0131 i\u00e7in f\u0131rsatlar olu\u015fturaca\u011f\u0131z. \u015eu anda foto\u011fraf\u00e7\u0131l\u0131k, do\u011fal \u00fcr\u00fcnlerle pratik cilt bak\u0131mlar\u0131, giyim \u00fcretim teknolojileri, i\u015faret dili, koro, diki\u015f-nak\u0131\u015f, ebru, pilates, bilgisayar, ilk yard\u0131m, piyano, gitar, ba\u011flama, keman, ney, drama, diksiyon, Arap\u00e7a, Kur\u2019an-\u0131 Kerim gibi alanlarda e\u011fitimler veriyoruz\u201d diye konu\u015ftu.<\/p>\n<p>\u201cHem e\u011fleniyor hem \u00f6\u011freniyoruz\u201d<\/p>\n<p>Gen\u00e7 BAKMER\u2019in \u00f6n\u00fcm\u00fczdeki g\u00fcnlerde k\u00fclt\u00fcr gezilerinden kamp programlar\u0131na kadar bir\u00e7ok etkinli\u011fe imza ataca\u011f\u0131n\u0131 ifade eden Karaahmeto\u011flu, \u015funlar\u0131 kaydetti: \u201cGen\u00e7 BAKMER\u2019li arkada\u015flar\u0131m\u0131zla beraber yerinde ke\u015ffediyor onlarla beraber yapaca\u011f\u0131m\u0131z projelerimizi planl\u0131yoruz. Gen\u00e7 BAKMER temsilcilerimizin olaca\u011f\u0131 bir haz\u0131rl\u0131k i\u00e7erisindeyiz. Temsilcilerimiz arac\u0131l\u0131\u011f\u0131yla pek \u00e7ok alanda varl\u0131k g\u00f6sterebilece\u011fiz\u201d dedi.<\/p>\n","protected":false},"excerpt":{"rendered":"<p>BA\u015eAK\u015eEH\u0130R KADIN AKT\u0130V\u0130TE MERKEZ\u0130&#8217;N\u0130N (BAKMER) GEN\u00c7L\u0130K OLU\u015eUMU GEN\u00c7 BAKMER, \u00dcYELER\u0130N\u0130 FARKLI B\u0130R ETK\u0130NL\u0130KTE B\u0130R ARAYA GET\u0130RD\u0130.<\/p>\n","protected":false},"author":1,"featured_media":178555,"comment_status":"closed","ping_status":"open","sticky":false,"template":"","format":"standard","meta":{"jetpack_post_was_ever_published":false,"_jetpack_newsletter_access":"","_jetpack_dont_email_post_to_subs":false,"_jetpack_newsletter_tier_id":0,"_jetpack_memberships_contains_paywalled_content":false,"_jetpack_memberships_contains_paid_content":false,"footnotes":"","jetpack_publicize_message":"","jetpack_publicize_feature_enabled":true,"jetpack_social_post_already_shared":true,"jetpack_social_options":{"image_generator_settings":{"template":"highway","default_image_id":0,"font":"","enabled":false},"version":2}},"categories":[1],"tags":[43765,389,1037,803,27826],"class_list":["post-178554","post","type-post","status-publish","format-standard","has-post-thumbnail","hentry","category-genel","tag-bakmerliler","tag-bulustu","tag-buz","tag-genc","tag-pistinde"],"jetpack_publicize_connections":[],"jetpack_featured_media_url":"https:\/\/i0.wp.com\/www.tvturk.com\/wp-content\/uploads\/2019\/07\/genc-bakmerliler-buz-pistinde-bulustu_03b0761.jpg?fit=1000%2C665","jetpack_sharing_enabled":true,"jetpack_shortlink":"https:\/\/wp.me\/paKIfm-KrU","_links":{"self":[{"href":"http:\/\/www.tvturk.com\/index.php\/wp-json\/wp\/v2\/posts\/178554","targetHints":{"allow":["GET"]}}],"collection":[{"href":"http:\/\/www.tvturk.com\/index.php\/wp-json\/wp\/v2\/posts"}],"about":[{"href":"http:\/\/www.tvturk.com\/index.php\/wp-json\/wp\/v2\/types\/post"}],"author":[{"embeddable":true,"href":"http:\/\/www.tvturk.com\/index.php\/wp-json\/wp\/v2\/users\/1"}],"replies":[{"embeddable":true,"href":"http:\/\/www.tvturk.com\/index.php\/wp-json\/wp\/v2\/comments?post=178554"}],"version-history":[{"count":0,"href":"http:\/\/www.tvturk.com\/index.php\/wp-json\/wp\/v2\/posts\/178554\/revisions"}],"wp:featuredmedia":[{"embeddable":true,"href":"http:\/\/www.tvturk.com\/index.php\/wp-json\/wp\/v2\/media\/178555"}],"wp:attachment":[{"href":"http:\/\/www.tvturk.com\/index.php\/wp-json\/wp\/v2\/media?parent=178554"}],"wp:term":[{"taxonomy":"category","embeddable":true,"href":"http:\/\/www.tvturk.com\/index.php\/wp-json\/wp\/v2\/categories?post=178554"},{"taxonomy":"post_tag","embeddable":true,"href":"http:\/\/www.tvturk.com\/index.php\/wp-json\/wp\/v2\/tags?post=178554"}],"curies":[{"name":"wp","href":"https:\/\/api.w.org\/{rel}","templated":true}]}}