{"id":178574,"date":"2019-07-06T11:16:36","date_gmt":"2019-07-06T08:16:36","guid":{"rendered":"http:\/\/www.tvturk.com\/index.php\/uzmanlardan-engelli-bireylerin-hayatini-kolaylastiracak-ip-uclari\/"},"modified":"2019-07-06T11:16:36","modified_gmt":"2019-07-06T08:16:36","slug":"uzmanlardan-engelli-bireylerin-hayatini-kolaylastiracak-ip-uclari","status":"publish","type":"post","link":"http:\/\/www.tvturk.com\/index.php\/uzmanlardan-engelli-bireylerin-hayatini-kolaylastiracak-ip-uclari\/","title":{"rendered":"Uzmanlardan engelli bireylerin hayat\u0131n\u0131 kolayla\u015ft\u0131racak ip u\u00e7lar\u0131"},"content":{"rendered":"<p>Engelli bireylerin rehabilitasyon merkezlerinde veya \u00f6zel e\u011fitim kurumlar\u0131nda e\u011fitim alabilmeleri i\u00e7in \u00f6nce hastaneye gidip sa\u011fl\u0131k heyetinden ge\u00e7meleri gerekti\u011fini belirten Fizyoterapist Tuba Ayaz, rapor ile Rehberlik Ara\u015ft\u0131rma Merkezine gidilmesi durumunda \u00f6\u011frenciye \u00f6zel tedavi program\u0131 belirlendi\u011fini s\u00f6yledi.<\/p>\n<p>Engelli bireyler i\u00e7in erken tan\u0131n\u0131n \u00f6nemini belirten Tuba Ayaz, erken tan\u0131s\u0131 konulmu\u015f bir \u00e7ocu\u011fa m\u00fcdahale edilmesinin \u00e7ok daha kolay olabildi\u011fini dile getirdi. Fizyoterapist Tuba Ayaz, \u201c\u00d6\u011frencilerimiz \u00f6ncelikle bir hastanede sa\u011fl\u0131k heyetinden ge\u00e7iyorlar. Hekimler taraf\u0131ndan tan\u0131 konuluyor. Tan\u0131 konulduktan sonra Rehberlik Ara\u015ft\u0131rma Merkezine y\u00f6nlendiriliyor ve \u00f6\u011frenciler bize geliyor. Uygun g\u00f6r\u00fclen mod\u00fcller veriliyor. Biz de ona g\u00f6re \u00f6\u011frenciye tedavi program\u0131 olu\u015fturuyoruz. Haftan\u0131n iki g\u00fcn\u00fc bize gelmi\u015f oluyor. 40 dakika tedaviye al\u0131yoruz. \u00d6zel e\u011fitim ve fizik alan\u0131nda derse girebiliyorlar. Bu da yine \u00f6\u011frencinin tan\u0131s\u0131na g\u00f6re de\u011fi\u015fiyor. Verdi\u011fimiz programlar da buna g\u00f6re de\u011fi\u015fiyor zaten&#8221; dedi.<\/p>\n<p>&#8220;Ya\u015f\u0131 ilerlemi\u015f engelli bir bireyin ba\u015far\u0131s\u0131 \u00e7ok fazla m\u00fcmk\u00fcn olmayabiliyor&#8221;<\/p>\n<p>Ba\u015far\u0131dan bahsedilmesi i\u00e7in \u00f6ncelikle erken tan\u0131dan bahsedilmesi gerekti\u011fini belirten Tuba Ayaz, ya\u015f\u0131 ilerlemi\u015f engelli bir bireyin ba\u015far\u0131s\u0131n\u0131n \u00e7ok fazla m\u00fcmk\u00fcn olmayabilece\u011fini kaydetti. Ayaz, &#8220;Hayat\u0131na mutlaka bir \u015feyler katabiliyor. Ya\u015fam\u0131n\u0131 modifiye edebiliyoruz. Ama erken tan\u0131s\u0131 konulmu\u015f bir \u00e7ocu\u011fa m\u00fcdahale etmemiz \u00e7ok daha kolay olabiliyor. \u00c7ocuk akranlar\u0131yla daha rahat hareket edebiliyor. Geli\u015fim basamaklar\u0131 motor geli\u015fim vard\u0131r \u00e7ocuklarda. Bu geli\u015fim basamaklar\u0131nda daha iyi ilerleyebiliyor erken tan\u0131da. Ama hastal\u0131\u011f\u0131 ilerlemi\u015f bir \u00e7ocu\u011fa m\u00fcdahalemiz zaman a\u00e7\u0131s\u0131ndan biraz daha geni\u015f oluyor. \u00c7ocuklarda mutlaka de\u011fi\u015fim oluyor. Okula giden \u00f6\u011frenciyse \u00f6\u011fretmenleriyle birebir ileti\u015fim halinde oluyoruz. Okula giden \u00f6\u011frencilerde b\u00fcy\u00fck geli\u015fimler oluyor. Hem okuldan tedavi alm\u0131\u015f oluyorlar hem de buradan tedavi g\u00f6rm\u00fc\u015f oluyorlar. \u00d6\u011frencimiz yeti\u015fkinse e\u011fer okula gitmiyorsa ya\u015fam\u0131nda \u00e7ok farkl\u0131 bir yere gelebiliyor. En az\u0131ndan ba\u011f\u0131ms\u0131z bir \u015fekilde hayat\u0131na devam ettirebiliyor. Oturmu\u015f bir hastal\u0131\u011f\u0131 varsa en az\u0131ndan bunu nas\u0131l modifiye edebiliriz, ya\u015fam tarz\u0131 haline nas\u0131l getirebiliriz. Yeti\u015fkinlere de asl\u0131nda bunu \u00f6\u011fretiyoruz. Toplumda ba\u011f\u0131ms\u0131z bir yere gelebiliyorlar engelliler. Bu y\u00fczden hem \u00e7ocuklarda hem de yeti\u015fkinlerde rehabilitasyon mutlaka gerekli. B\u00fct\u00fcn ailelere bunu tavsiye ediyoruz\u201d diye konu\u015ftu.<\/p>\n<p>Rehabilitasyon merkezlerindeki mekansal d\u00fczenlemeler ve kurumlara al\u0131nan \u00f6\u011fretmenler hakk\u0131nda bilgi veren Rehabilitasyon Merkezi M\u00fcd\u00fcr\u00fc ve Bedensel Engelliler Dernek Ba\u015fkan\u0131 Abdullah Gezici, engelli bireylerin \u00f6ncelikle devlet hastanelerinden sa\u011fl\u0131k raporu alarak engel durumu tespitinden sonra Rehberlik Ara\u015ft\u0131rma Merkezine gidip hangi alanda e\u011fitim almas\u0131 gerekti\u011fini uzmanlara dan\u0131\u015fmas\u0131 gerekti\u011fini s\u00f6yledi. Gezici, &#8220;\u00d6zel e\u011fitim, g\u00f6rme engellilerimize y\u00f6nelik, bedensel engellilere y\u00f6nelik fizik tedavi. Zihin engellilerin hayatlar\u0131n\u0131 kolayla\u015ft\u0131rmak i\u00e7in, sosyal alanda geli\u015fmelerini sa\u011flamak i\u00e7in Rehberlik Ara\u015ft\u0131rma Merkezi uzmanlar\u0131 bu karar\u0131 vermekteler. Bunlar milli e\u011fitimin standartlar\u0131na g\u00f6re d\u00fczenlenmektedir. \u00d6\u011fretmenlerimiz \u00fcniversite mezunu, \u00f6zel e\u011fitim \u00f6\u011fretmeni olarak ge\u00e7mektedir. Bu anlamda Milli E\u011fitim Bakanl\u0131\u011f\u0131n\u0131n d\u00f6nem y\u0131l\u0131 i\u00e7inde a\u00e7t\u0131\u011f\u0131 \u00f6zel kurslar da bulunmakta. Bu kurslardan sertifika alan, 4 y\u0131ll\u0131k \u00fcniversite mezunu olan bireyler de \u00f6zel e\u011fitim uzman\u0131 olarak rehabilitasyon merkezlerinde g\u00f6rev almaktalar. \u00d6ncelikle bizim amac\u0131m\u0131z\u0131n ba\u015f\u0131nda ailelerin bilin\u00e7lendirme olay\u0131n\u0131 yapmak. \u00c7\u00fcnk\u00fc malum ders ya da sa\u011fl\u0131k hizmeti vermek rehabilitasyon merkezinde 40 dakikal\u0131k seansa tabi. Bunun d\u0131\u015f\u0131nda ailenin evde \u00e7ocu\u011fuyla bire bir ilgilenmesi gerekmekte. Her ne kadar rehabilitasyon merkezinde e\u011fitim alsa bile bu e\u011fitimlerin devam\u0131 evde yap\u0131lmad\u0131\u011f\u0131 m\u00fcddet\u00e7e bir sonuca ula\u015fmas\u0131 m\u00fcmk\u00fcn olmuyor. Bu anlamda da biz STK\u2019lar olarak her y\u0131l bilin\u00e7lendirme toplant\u0131lar\u0131 yapmaktay\u0131z&#8221; \u015feklinde konu\u015ftu.<\/p>\n<p>&#8220;Aileye b\u00fcy\u00fck g\u00f6rev d\u00fc\u015f\u00fcyor&#8221;<\/p>\n<p>Engellilerin sorunlar\u0131n\u0131 belirleyerek toplumu bilin\u00e7lendirmeye ve anneye y\u00f6nelik \u00e7al\u0131\u015fmalar\u0131n\u0131n oldu\u011funu belirten Gezici, &#8220;Bu anlamda rehber \u00f6\u011fretmenlerimiz belli bir program \u00e7er\u00e7evesinde ailelerle ileti\u015fime ge\u00e7erek, gerek aile ziyaretleri yaparak \u00e7ocu\u011fun e\u011fitiminin ya da tedavisine katk\u0131da bulunmak amac\u0131yla yap\u0131lmas\u0131 gerekenleri bire bir anlatmaktalar. Ama\u00e7lar\u0131m\u0131za ula\u015f\u0131yoruz dersek yalan olur. Bu i\u015fin ger\u00e7ekle\u015fmesi i\u00e7in ger\u00e7ekten aileye b\u00fcy\u00fck \u00f6nem d\u00fc\u015f\u00fcyor. \u00c7\u00fcnk\u00fc aileye ne kadar anlat\u0131rsak anlatal\u0131m bu \u00e7ocuk zaten engelli, zihinsel engelli, g\u00f6rme engelli bu ne olacak alg\u0131s\u0131yla \u00e7ok da insani olmayan bir \u015fekilde bak\u0131l\u0131yor engelli bireye. Onun i\u00e7in ailenin e\u011fitimsizli\u011fi amac\u0131m\u0131za ula\u015fmam\u0131za engel te\u015fkil etmekte. Buradaki temel beklentimiz ailenin \u00e7ocu\u011funu bir bebek b\u00fcy\u00fct\u00fcr gibi \u00f6zenle b\u00fcy\u00fctmek. Bu rehabilitasyon merkezine gelen engelli vatanda\u015flar\u0131m\u0131z da \u00f6zel insanlar. Bunlar daha \u00e7ok ilgi ve alaka istemekteler. Yani aman bu zaten engelli bununla ne yapaca\u011f\u0131m, 15 ya\u015f\u0131na gelmi\u015f yemek yeme\u011fi mi \u00f6\u011fretece\u011fim ya da tuvalet ihtiyac\u0131n\u0131 gidermesini mi \u00f6\u011fretece\u011fim gibi alg\u0131lardan uzakla\u015f\u0131p, benim \u00e7ocu\u011fum ben yokken de rahat bir \u015fekilde yeme\u011fini yiyebilmeli, tuvalet ihtiyac\u0131n\u0131 giderebilmeli noktas\u0131nda ben bunu e\u011fitebilirim deyip bu i\u015fi yaparsa biz amac\u0131m\u0131za ula\u015fm\u0131\u015f oluruz\u201d dedi.<\/p>\n","protected":false},"excerpt":{"rendered":"<p>ENGELL\u0130 B\u0130REYLER\u0130N REHAB\u0130L\u0130TASYON MERKEZLER\u0130NDE VEYA \u00d6ZEL E\u011e\u0130T\u0130M KURUMLARINDA E\u011e\u0130T\u0130M ALAB\u0130LMELER\u0130 \u0130\u00c7\u0130N \u00d6NCE HASTANEYE G\u0130D\u0130P SA\u011eLIK HEYET\u0130NDEN GE\u00c7MELER\u0130 GEREKT\u0130\u011e\u0130N\u0130 BEL\u0130RTEN F\u0130ZYOTERAP\u0130ST TUBA AYAZ, RAPOR \u0130LE REHBERL\u0130K ARA\u015eTIRMA MERKEZ\u0130NE G\u0130D\u0130LMES\u0130 DURUMUNDA \u00d6\u011eRENC\u0130YE \u00d6ZEL TEDAV\u0130 PROGRAMI BEL\u0130RLEND\u0130\u011e\u0130N\u0130 S\u00d6YLED\u0130.<\/p>\n","protected":false},"author":1,"featured_media":178575,"comment_status":"closed","ping_status":"open","sticky":false,"template":"","format":"standard","meta":{"jetpack_post_was_ever_published":false,"_jetpack_newsletter_access":"","_jetpack_dont_email_post_to_subs":false,"_jetpack_newsletter_tier_id":0,"_jetpack_memberships_contains_paywalled_content":false,"_jetpack_memberships_contains_paid_content":false,"footnotes":"","jetpack_publicize_message":"","jetpack_publicize_feature_enabled":true,"jetpack_social_post_already_shared":true,"jetpack_social_options":{"image_generator_settings":{"template":"highway","default_image_id":0,"font":"","enabled":false},"version":2}},"categories":[1],"tags":[5750,1784,848,19693,43774,17751],"class_list":["post-178574","post","type-post","status-publish","format-standard","has-post-thumbnail","hentry","category-genel","tag-bireylerin","tag-engelli","tag-hayatini","tag-kolaylastiracak","tag-uclari","tag-uzmanlardan"],"jetpack_publicize_connections":[],"jetpack_featured_media_url":"https:\/\/i0.wp.com\/www.tvturk.com\/wp-content\/uploads\/2019\/07\/uzmanlardan-engelli-bireylerin-hayatini-kolaylastiracak-ip-uclari_d47d412.jpg?fit=1000%2C664","jetpack_sharing_enabled":true,"jetpack_shortlink":"https:\/\/wp.me\/paKIfm-Kse","_links":{"self":[{"href":"http:\/\/www.tvturk.com\/index.php\/wp-json\/wp\/v2\/posts\/178574","targetHints":{"allow":["GET"]}}],"collection":[{"href":"http:\/\/www.tvturk.com\/index.php\/wp-json\/wp\/v2\/posts"}],"about":[{"href":"http:\/\/www.tvturk.com\/index.php\/wp-json\/wp\/v2\/types\/post"}],"author":[{"embeddable":true,"href":"http:\/\/www.tvturk.com\/index.php\/wp-json\/wp\/v2\/users\/1"}],"replies":[{"embeddable":true,"href":"http:\/\/www.tvturk.com\/index.php\/wp-json\/wp\/v2\/comments?post=178574"}],"version-history":[{"count":0,"href":"http:\/\/www.tvturk.com\/index.php\/wp-json\/wp\/v2\/posts\/178574\/revisions"}],"wp:featuredmedia":[{"embeddable":true,"href":"http:\/\/www.tvturk.com\/index.php\/wp-json\/wp\/v2\/media\/178575"}],"wp:attachment":[{"href":"http:\/\/www.tvturk.com\/index.php\/wp-json\/wp\/v2\/media?parent=178574"}],"wp:term":[{"taxonomy":"category","embeddable":true,"href":"http:\/\/www.tvturk.com\/index.php\/wp-json\/wp\/v2\/categories?post=178574"},{"taxonomy":"post_tag","embeddable":true,"href":"http:\/\/www.tvturk.com\/index.php\/wp-json\/wp\/v2\/tags?post=178574"}],"curies":[{"name":"wp","href":"https:\/\/api.w.org\/{rel}","templated":true}]}}