{"id":178576,"date":"2019-07-06T11:16:40","date_gmt":"2019-07-06T08:16:40","guid":{"rendered":"http:\/\/www.tvturk.com\/index.php\/besicilerin-saman-telasi-basladi\/"},"modified":"2019-07-06T11:16:40","modified_gmt":"2019-07-06T08:16:40","slug":"besicilerin-saman-telasi-basladi","status":"publish","type":"post","link":"http:\/\/www.tvturk.com\/index.php\/besicilerin-saman-telasi-basladi\/","title":{"rendered":"Besicilerin saman tela\u015f\u0131 ba\u015flad\u0131"},"content":{"rendered":"<p>B\u00fcy\u00fckba\u015f ve k\u00fc\u00e7\u00fckba\u015f canl\u0131 hayvan yeti\u015ftiricileri, k\u0131\u015fl\u0131k sap ve saman ihtiya\u00e7lar\u0131n\u0131 tedarik etmek i\u00e7in sap ve saman sat\u0131n alarak ah\u0131rlar\u0131n depolar\u0131na \u00e7ekmeye ba\u015flad\u0131.<\/p>\n<p>Gaziantep\u2019in Araban il\u00e7esinde b\u00fcy\u00fckba\u015f ve k\u00fc\u00e7\u00fckba\u015f canl\u0131 hayvan besicileri, k\u0131\u015f mevsiminde yem s\u0131k\u0131nt\u0131s\u0131 ya\u015famamak i\u00e7in Araban Ovas\u0131\u2019nda arpa ve bu\u011fday hasad\u0131n\u0131n ard\u0131ndan, kavurucu s\u0131caklar\u0131n alt\u0131nda tarla tarla gezerek, arpa ve bu\u011fday firezlerinde toplad\u0131klar\u0131 saplar\u0131 patoz ile saman yaparak ve sap saman t\u00fcccarlar\u0131ndan parayla sat\u0131n ald\u0131klar\u0131 tonlarca arpa ve bu\u011fday sap ve samanlar\u0131 b\u00fcy\u00fckba\u015f ve k\u00fc\u00e7\u00fckba\u015f canl\u0131 hayvan besicili\u011fi yapt\u0131klar\u0131 ah\u0131rlar\u0131n depolar\u0131na doldurman\u0131n tela\u015f\u0131 i\u00e7erisine girdi.<\/p>\n<p>Canl\u0131 hayvan besicileri, K\u0131\u015f mevsiminde yem s\u0131k\u0131nt\u0131s\u0131 \u00e7ekmemek i\u00e7in yaz mevsiminin kavurucu s\u0131caklar\u0131 alt\u0131nda yem tedbiri almaya ba\u015flad\u0131lar.<\/p>\n<p>Bu y\u0131l Araban Ovas\u0131\u2019nda ge\u00e7en y\u0131llardaki k\u0131\u015f mevsimlerine oranla ya\u011f\u0131\u015flar\u0131n bol ya\u015fanmas\u0131yla birlikte arpa ve bu\u011fday hasad\u0131nda sap ve saman bollu\u011fu ya\u015fand\u0131\u011f\u0131n\u0131, k\u0131\u015f mevsiminde saman s\u0131k\u0131nt\u0131s\u0131 ya\u015fanmayaca\u011f\u0131n\u0131 belirten Arabanl\u0131 canl\u0131 hayvan yeti\u015ftiricilerinden Mehmet Ko\u00e7er, \u2019\u2019Bu y\u0131l k\u0131\u015f mevsiminde ya\u011f\u0131\u015flar\u0131n bollu\u011fu nedeniyle Araban Ovas\u0131\u2019ndaki hububat ekili alanlarda yap\u0131lan hasat d\u00f6neminde sap ve saman bollu\u011fu ya\u015fand\u0131. Bu y\u0131l Arabanl\u0131 canl\u0131 hayvan yeti\u015ftiricileri olarak Allah\u2019\u0131n izniyle ge\u00e7en y\u0131llara oranla sap ve saman s\u0131k\u0131nt\u0131s\u0131 ya\u015famayaca\u011f\u0131m\u0131z\u0131 tahmin ediyoruz\u2019\u2019diye konu\u015ftu.<\/p>\n","protected":false},"excerpt":{"rendered":"<p>B\u00dcY\u00dcKBA\u015e VE K\u00dc\u00c7\u00dcKBA\u015e CANLI HAYVAN YET\u0130\u015eT\u0130R\u0130C\u0130LER\u0130, KI\u015eLIK SAP VE SAMAN \u0130HT\u0130YA\u00c7LARINI TEDAR\u0130K ETMEK \u0130\u00c7\u0130N SAP VE SAMAN SATIN ALARAK AHIRLARIN DEPOLARINA \u00c7EKMEYE BA\u015eLADI.<\/p>\n","protected":false},"author":1,"featured_media":178577,"comment_status":"closed","ping_status":"open","sticky":false,"template":"","format":"standard","meta":{"jetpack_post_was_ever_published":false,"_jetpack_newsletter_access":"","_jetpack_dont_email_post_to_subs":false,"_jetpack_newsletter_tier_id":0,"_jetpack_memberships_contains_paywalled_content":false,"_jetpack_memberships_contains_paid_content":false,"footnotes":"","jetpack_publicize_message":"","jetpack_publicize_feature_enabled":true,"jetpack_social_post_already_shared":true,"jetpack_social_options":{"image_generator_settings":{"template":"highway","default_image_id":0,"font":"","enabled":false},"version":2}},"categories":[1],"tags":[55,8824,15948,20063],"class_list":["post-178576","post","type-post","status-publish","format-standard","has-post-thumbnail","hentry","category-genel","tag-basladi","tag-besicilerin","tag-saman","tag-telasi"],"jetpack_publicize_connections":[],"jetpack_featured_media_url":"https:\/\/i0.wp.com\/www.tvturk.com\/wp-content\/uploads\/2019\/07\/besicilerin-saman-telasi-basladi_9ba1151.jpg?fit=1000%2C750","jetpack_sharing_enabled":true,"jetpack_shortlink":"https:\/\/wp.me\/paKIfm-Ksg","_links":{"self":[{"href":"http:\/\/www.tvturk.com\/index.php\/wp-json\/wp\/v2\/posts\/178576","targetHints":{"allow":["GET"]}}],"collection":[{"href":"http:\/\/www.tvturk.com\/index.php\/wp-json\/wp\/v2\/posts"}],"about":[{"href":"http:\/\/www.tvturk.com\/index.php\/wp-json\/wp\/v2\/types\/post"}],"author":[{"embeddable":true,"href":"http:\/\/www.tvturk.com\/index.php\/wp-json\/wp\/v2\/users\/1"}],"replies":[{"embeddable":true,"href":"http:\/\/www.tvturk.com\/index.php\/wp-json\/wp\/v2\/comments?post=178576"}],"version-history":[{"count":0,"href":"http:\/\/www.tvturk.com\/index.php\/wp-json\/wp\/v2\/posts\/178576\/revisions"}],"wp:featuredmedia":[{"embeddable":true,"href":"http:\/\/www.tvturk.com\/index.php\/wp-json\/wp\/v2\/media\/178577"}],"wp:attachment":[{"href":"http:\/\/www.tvturk.com\/index.php\/wp-json\/wp\/v2\/media?parent=178576"}],"wp:term":[{"taxonomy":"category","embeddable":true,"href":"http:\/\/www.tvturk.com\/index.php\/wp-json\/wp\/v2\/categories?post=178576"},{"taxonomy":"post_tag","embeddable":true,"href":"http:\/\/www.tvturk.com\/index.php\/wp-json\/wp\/v2\/tags?post=178576"}],"curies":[{"name":"wp","href":"https:\/\/api.w.org\/{rel}","templated":true}]}}