{"id":178584,"date":"2019-07-06T11:17:12","date_gmt":"2019-07-06T08:17:12","guid":{"rendered":"http:\/\/www.tvturk.com\/index.php\/nando-de-colo-fenerbahce-bekoda\/"},"modified":"2019-07-06T11:17:12","modified_gmt":"2019-07-06T08:17:12","slug":"nando-de-colo-fenerbahce-bekoda","status":"publish","type":"post","link":"http:\/\/www.tvturk.com\/index.php\/nando-de-colo-fenerbahce-bekoda\/","title":{"rendered":"Nando De Colo, Fenerbah\u00e7e Beko\u2019da"},"content":{"rendered":"<p>Fenerbah\u00e7e Beko, CSKA Moskova\u2019dan ayr\u0131lan Frans\u0131z basketbolcu Nando De Colo\u2019yu 2+1 y\u0131ll\u0131\u011f\u0131na kadrosuna katt\u0131.<\/p>\n<p>Fenerbah\u00e7e Beko, yeni sezon \u00f6ncesi Melli ve Guduric\u2019in NBA\u2019e gitmesinin ard\u0131ndan \u00f6nemli bir transfere imza att\u0131. Sar\u0131-lacivertliler, son olarak Rus temsilcisi CSKA Moskova\u2019da forma giyen ba\u015far\u0131l\u0131 guard Nando De Colo ile 2+1 y\u0131ll\u0131k s\u00f6zle\u015fme imzalad\u0131. Fenerbah\u00e7e\u2019nin resmi internet sitesinden, \u2018Fenerbah\u00e7e\u2019ye Ho\u015f geldin De Colo\u2019 ba\u015fl\u0131\u011f\u0131yla yap\u0131lan a\u00e7\u0131klamada \u015fu ifadelere yer verildi:<\/p>\n<p>&#8220;Fenerbah\u00e7e Beko Erkek Basketbol Tak\u0131m\u0131, yeni sezon kadro yap\u0131lanmas\u0131 \u00e7al\u0131\u015fmalar\u0131 kapsam\u0131nda, Avrupa basketbolunun en \u00f6nemli guardlar\u0131ndan biri olan Nando De Colo ile anla\u015fmaya vard\u0131.<\/p>\n<p>23 Haziran 1987 tarihinde Sainte-Catherine\u2019de d\u00fcnyaya gelen 1.96 boyundaki Frans\u0131z y\u0131ld\u0131z Nando De Colo, 2021-2022 sezonunun sonuna dek Fenerbah\u00e7e Beko formas\u0131 giyecektir.<\/p>\n<p>Bu anla\u015fman\u0131n kul\u00fcb\u00fcm\u00fcze ve Nando De Colo\u2019ya hay\u0131rl\u0131 olmas\u0131n\u0131 diliyor, sporcumuzun sar\u0131-lacivertli forma alt\u0131nda zaferlerle dolu sezonlar ya\u015famas\u0131n\u0131 temenni ediyoruz.&#8221;<\/p>\n<p>5 sezon g\u00f6rev ald\u0131\u011f\u0131 CSKA Moskova formas\u0131yla bu sezon THY Euroleague\u2019de \u015fampiyonluk ya\u015fayan De Colo, 14.7 say\u0131, 2.5 ribaund ve 3.4\u2019l\u00fck asist ortalamas\u0131yla tak\u0131m\u0131na katk\u0131 sa\u011flad\u0131.<\/p>\n","protected":false},"excerpt":{"rendered":"<p>FENERBAH\u00c7E BEKO, CSKA MOSKOVA\u2019DAN AYRILAN FRANSIZ BASKETBOLCU NANDO DE COLO\u2019YU 2+1 YILLI\u011eINA KADROSUNA KATTI.<\/p>\n","protected":false},"author":1,"featured_media":178585,"comment_status":"closed","ping_status":"open","sticky":false,"template":"","format":"standard","meta":{"jetpack_post_was_ever_published":false,"_jetpack_newsletter_access":"","_jetpack_dont_email_post_to_subs":false,"_jetpack_newsletter_tier_id":0,"_jetpack_memberships_contains_paywalled_content":false,"_jetpack_memberships_contains_paid_content":false,"footnotes":"","jetpack_publicize_message":"","jetpack_publicize_feature_enabled":true,"jetpack_social_post_already_shared":true,"jetpack_social_options":{"image_generator_settings":{"template":"highway","default_image_id":0,"font":"","enabled":false},"version":2}},"categories":[657],"tags":[30022,33536,2626,33535],"class_list":["post-178584","post","type-post","status-publish","format-standard","has-post-thumbnail","hentry","category-spor","tag-bekoda","tag-colo","tag-fenerbahce","tag-nando"],"jetpack_publicize_connections":[],"jetpack_featured_media_url":"https:\/\/i0.wp.com\/www.tvturk.com\/wp-content\/uploads\/2019\/07\/nando-de-colo-fenerbahce-bekoda_093c0ee.jpg?fit=855%2C1000","jetpack_sharing_enabled":true,"jetpack_shortlink":"https:\/\/wp.me\/paKIfm-Kso","_links":{"self":[{"href":"http:\/\/www.tvturk.com\/index.php\/wp-json\/wp\/v2\/posts\/178584","targetHints":{"allow":["GET"]}}],"collection":[{"href":"http:\/\/www.tvturk.com\/index.php\/wp-json\/wp\/v2\/posts"}],"about":[{"href":"http:\/\/www.tvturk.com\/index.php\/wp-json\/wp\/v2\/types\/post"}],"author":[{"embeddable":true,"href":"http:\/\/www.tvturk.com\/index.php\/wp-json\/wp\/v2\/users\/1"}],"replies":[{"embeddable":true,"href":"http:\/\/www.tvturk.com\/index.php\/wp-json\/wp\/v2\/comments?post=178584"}],"version-history":[{"count":0,"href":"http:\/\/www.tvturk.com\/index.php\/wp-json\/wp\/v2\/posts\/178584\/revisions"}],"wp:featuredmedia":[{"embeddable":true,"href":"http:\/\/www.tvturk.com\/index.php\/wp-json\/wp\/v2\/media\/178585"}],"wp:attachment":[{"href":"http:\/\/www.tvturk.com\/index.php\/wp-json\/wp\/v2\/media?parent=178584"}],"wp:term":[{"taxonomy":"category","embeddable":true,"href":"http:\/\/www.tvturk.com\/index.php\/wp-json\/wp\/v2\/categories?post=178584"},{"taxonomy":"post_tag","embeddable":true,"href":"http:\/\/www.tvturk.com\/index.php\/wp-json\/wp\/v2\/tags?post=178584"}],"curies":[{"name":"wp","href":"https:\/\/api.w.org\/{rel}","templated":true}]}}