{"id":178586,"date":"2019-07-06T11:31:38","date_gmt":"2019-07-06T08:31:38","guid":{"rendered":"http:\/\/www.tvturk.com\/index.php\/ornek-gelin-ayni-evde-hem-annesine-hem-kayinvalidesine-gozu-gibi-bakiyor\/"},"modified":"2019-07-06T11:31:38","modified_gmt":"2019-07-06T08:31:38","slug":"ornek-gelin-ayni-evde-hem-annesine-hem-kayinvalidesine-gozu-gibi-bakiyor","status":"publish","type":"post","link":"http:\/\/www.tvturk.com\/index.php\/ornek-gelin-ayni-evde-hem-annesine-hem-kayinvalidesine-gozu-gibi-bakiyor\/","title":{"rendered":"\u00d6rnek gelin, ayn\u0131 evde hem annesine, hem kay\u0131nvalidesine g\u00f6z\u00fc gibi bak\u0131yor"},"content":{"rendered":"<p>Elaz\u0131\u011f\u2019\u0131n Keban il\u00e7esinde kocas\u0131n\u0131n deste\u011fi ile hem g\u00f6rme engelli annesine hemde yatalak durumdaki kay\u0131nvalidesine bakan 4 \u00e7ocuk annesi Emine Can, herkese \u00f6rnek oluyor.<\/p>\n<p>Keban il\u00e7esinde ikamet eden 4 \u00e7ocuk annesi Emine Can(52), ayn\u0131 \u00e7at\u0131 alt\u0131nda hem annesine hem kaynanas\u0131na bak\u0131yor. 35 y\u0131l \u00f6nce evlenen ve y\u00fczde 99 g\u00f6rme engelli annesini de yan\u0131na alarak \u0130stanbul\u2019a giden Can, 10 y\u0131l \u00f6nce kal\u00e7as\u0131n\u0131 k\u0131ran ve yatalak kalan kay\u0131nvalidesi i\u00e7in tekrar memleketi Keban\u2019a geldi. 10 y\u0131ld\u0131r b\u00fcy\u00fck bir fedakarl\u0131kla 84 ya\u015f\u0131ndaki g\u00f6rme engelli annesi Nahide Ert\u00fcrk ve yatalak olan 85 ya\u015f\u0131ndaki kay\u0131nvalidesi Seher Can\u2019a bakan gelin \u00e7evresindeki herkese \u00f6rnek oluyor. En b\u00fcy\u00fck gayesinin kendilerinden sonraki nesillerin anne ve babalar\u0131na sahip \u00e7\u0131kmalar\u0131 oldu\u011funu dile getiren Can, iki annesine de bakt\u0131\u011f\u0131 i\u00e7in kendisini daha \u00e7ok mutlu hissetti\u011fini s\u00f6yledi.<\/p>\n<p>K\u0131z\u0131n\u0131n ve damad\u0131n\u0131n kendine bakt\u0131\u011f\u0131n\u0131 belirten Nahide Ert\u00fcrk, \u201cDamad\u0131mdan ve k\u0131z\u0131mdan Allah raz\u0131 olsun. Bana bak\u0131yorlar. \u00c7ok g\u00fczel de bak\u0131yorlar. \u0130kisinin haklar\u0131n\u0131 inkar edemem\u201d dedi.<\/p>\n<p>35 y\u0131ld\u0131r evli oldu\u011funu ve normalde \u0130stanbul\u2019da oturdu\u011funu ifade eden Emine Can, \u201cKay\u0131nvalideme bak\u0131yorum. Kay\u0131nvalidem 10 y\u0131ld\u0131r fel\u00e7li. Daha sonras\u0131nda kal\u00e7a k\u0131r\u0131kl\u0131\u011f\u0131 oldu. Annemin ise g\u00f6z\u00fc g\u00f6rm\u00fcyor. Doktor ile g\u00f6r\u00fc\u015ft\u00fck ve \u0130stanbul\u2019dan Elaz\u0131\u011f\u2019a g\u00f6t\u00fcrmemizde herhangi bir s\u0131k\u0131nt\u0131 yokmu\u015f. Biz de yazlar\u0131 annemizi buraya getiriyoruz. Akrabalar\u0131 g\u00f6rd\u00fc\u011f\u00fc zaman kendisi i\u00e7in b\u00fcy\u00fck bir huzur ald\u0131\u011f\u0131n\u0131 hissettik. Daha \u00e7ok mutlu oldu\u011funu hissediyoruz. O y\u00fczden yazlar\u0131 buraya getiriyoruz. Benim i\u00e7in anneler b\u00fcy\u00fck bir melektir. Onlar\u0131n hakk\u0131n\u0131 asla \u00f6deyemeyiz. S\u0131rt\u0131m\u0131za al\u0131p hacca g\u00f6t\u00fcrsek bile onlar\u0131n hakk\u0131n\u0131 \u00f6deyemeyiz. Benim gayem bizden sonraki nesillerin anne ve babaya sahip \u00e7\u0131kmalar\u0131. Sayg\u0131 ve sevgi \u00e7er\u00e7evesi i\u00e7erisinde onlara g\u00fcler y\u00fczle, ho\u015fg\u00f6r\u00fcyle sevmeleri \u00f6pmeleri bizlerin beklentisidir. Yeni gelecek nesilden bunlar\u0131 bekliyoruz. Bizim i\u00e7in en \u00f6nemlisi o\u201d \u015feklinde konu\u015ftu.<\/p>\n<p>Huzurlu ve mutlu oldu\u011funu belirten Can, \u201cBenim herhangi bir s\u0131k\u0131nt\u0131m yok. \u0130ki anneye bakt\u0131\u011f\u0131m zaman kendimi daha \u00e7ok mutlu hissediyorum. Onlar\u0131n dualar\u0131n\u0131n bizi daha \u00e7ok mutlu edece\u011fine inan\u0131yorum. \u00c7ok b\u00fcy\u00fck s\u0131k\u0131nt\u0131larla bizleri b\u00fcy\u00fctt\u00fcler. Biz de anne ve babalar\u0131m\u0131za sahip \u00e7\u0131kmak istiyoruz. Mal ve m\u00fclk bir yere kadar \u00f6nemli olan onlara daha \u00e7ok de\u011fer vermek, benim g\u00f6z\u00fcmde bu \u00f6nemli\u201difadelerini kulland\u0131.<\/p>\n<p>Gayesinin yeni neslin anne ve babalar\u0131na iyi bakmalar\u0131 oldu\u011funu aktaran Can, \u201cAnnemin y\u00fczde 99 g\u00f6zlerinde g\u00f6rmemezlik var. Bu \u015fartlar alt\u0131nda annemin de bir deste\u011fe ihtiyac\u0131 var. Ayr\u0131ca dizlerinde rahats\u0131z. Bundan yakla\u015f\u0131k 16 y\u0131l \u00f6nce dizlerine platin tak\u0131ld\u0131. Dizlerindeki a\u011fr\u0131lar \u015fuanda kendisine baya\u011f\u0131 rahats\u0131zl\u0131k veriyor. Bizler de sabaha kadar yatm\u0131yoruz. Gece kalk\u0131p ila\u00e7lar\u0131n\u0131 verip, kremlerini s\u00fcr\u00fcyoruz. Bu konuda e\u015fimin deste\u011fi \u00e7ok y\u00fcksek. E\u015fim olmad\u0131\u011f\u0131 zaman ben bir hi\u00e7im. E\u015fimden Allah raz\u0131 olsun, anneme baya\u011f\u0131 bir de\u011fer veriyor. Sayg\u0131 ve sevgiyle h\u00fcrmet ederek kendilerinin ihtiya\u00e7lar\u0131n\u0131 soruyor. Anneme gelince yani kay\u0131nvalidem fel\u00e7li. Onunla da ilgilenmek g\u00fczel bir \u015fey. O da mutlu oluyor. Biz onunla ilgilendi\u011fimiz zaman o da kendisini huzurlu hissediyor. Elini ve y\u00fcz\u00fcn\u00fc \u00f6p\u00fcyoruz o da g\u00fcler g\u00fczle bizlere tebess\u00fcm ediyor. Sadece yeni yeti\u015fecek nesillerimizin, yeni g\u00fczel gen\u00e7lerimizin anne ve babalar\u0131na \u00e7ok de\u011fer vermelerini istiyorum. Sayg\u0131 ve sevgi ile severek \u00f6perek bakmalar\u0131n\u0131 istiyorum. Benim hi\u00e7bir beklentim yok. Devletimizden Allah raz\u0131 olsun her ihtiyac\u0131m\u0131z\u0131 d\u00f6rt d\u00f6rtl\u00fck yap\u0131yor&#8221;diye konu\u015ftu.<\/p>\n<p>E\u015finin annesine ve kaynanas\u0131na y\u0131llarca bakt\u0131\u011f\u0131n\u0131 belirten Sezai Can, &#8220;E\u015fimden Allah raz\u0131 olsun anneme \u00e7ok iyi bak\u0131yor. \u00c7o\u011fu kimse bunu yapmaz. Allah taraf\u0131ndan bir vergi midir bilemem.  Eskilerimiz, \u2018Helal s\u00fct emmi\u015f\u2019 derlerdi, Allah da herkese helal s\u00fct emmi\u015f ve b\u00f6yle gelin  nasip eylesin. Tabii e\u015fim olmasa ben de bir hi\u00e7im . \u00c7\u00fcnk\u00fc bu i\u015fler  para, d\u00f6vme ve zoraki ile olmaz. Bu i\u015f insan\u0131n i\u00e7inde olacak. Allah kendisinden raz\u0131 olsun. Gen\u00e7lere bir \u00f6rnek olsun. Bizim sosyal hayat\u0131m\u0131zda baz\u0131 aksakl\u0131klar veya de\u011fi\u015fiklikler oluyor. Evden \u00e7\u0131kam\u0131yoruz. \u0130ki ki\u015fiyiz, birimiz bir yere gitti\u011fi zaman birimiz gidemiyor. Ailecek bir yere gitmemiz gerekti\u011finde gidemiyoruz. G\u00fccenenler de oluyor ama durumuzu bilenler ho\u015fg\u00f6r\u00fc ile kar\u015f\u0131l\u0131yorlar. Ya\u015fl\u0131lar a\u011fl\u0131yor biz de a\u011fl\u0131yoruz. Ha e\u015fimin annesi ha benim annem hi\u00e7bir fark\u0131 yok\u201d \u015feklinde konu\u015ftu.<\/p>\n","protected":false},"excerpt":{"rendered":"<p>ELAZI\u011e\u2019DA 10 YILDIR G\u00d6RME ENGELL\u0130 ANNES\u0130NE VE YATALAK KAYNANASINA BAKAN GEL\u0130N HERKESE \u00d6RNEK OLUYOR.<\/p>\n","protected":false},"author":1,"featured_media":178587,"comment_status":"closed","ping_status":"open","sticky":false,"template":"","format":"standard","meta":{"jetpack_post_was_ever_published":false,"_jetpack_newsletter_access":"","_jetpack_dont_email_post_to_subs":false,"_jetpack_newsletter_tier_id":0,"_jetpack_memberships_contains_paywalled_content":false,"_jetpack_memberships_contains_paid_content":false,"footnotes":"","jetpack_publicize_message":"","jetpack_publicize_feature_enabled":true,"jetpack_social_post_already_shared":true,"jetpack_social_options":{"image_generator_settings":{"template":"highway","default_image_id":0,"font":"","enabled":false},"version":2}},"categories":[1],"tags":[4714,1741,6283,569,2061,981,1313,5149,34237,1996],"class_list":["post-178586","post","type-post","status-publish","format-standard","has-post-thumbnail","hentry","category-genel","tag-evde","tag-gelin","tag-annesine","tag-ayni","tag-bakiyor","tag-gibi","tag-gozu","tag-hem","tag-kayinvalidesine","tag-ornek"],"jetpack_publicize_connections":[],"jetpack_featured_media_url":"https:\/\/i0.wp.com\/www.tvturk.com\/wp-content\/uploads\/2019\/07\/ornek-gelin-ayni-evde-hem-annesine-hem-kayinvalidesine-gozu-gibi-bakiyor_5d32157.jpg?fit=1000%2C666","jetpack_sharing_enabled":true,"jetpack_shortlink":"https:\/\/wp.me\/paKIfm-Ksq","_links":{"self":[{"href":"http:\/\/www.tvturk.com\/index.php\/wp-json\/wp\/v2\/posts\/178586","targetHints":{"allow":["GET"]}}],"collection":[{"href":"http:\/\/www.tvturk.com\/index.php\/wp-json\/wp\/v2\/posts"}],"about":[{"href":"http:\/\/www.tvturk.com\/index.php\/wp-json\/wp\/v2\/types\/post"}],"author":[{"embeddable":true,"href":"http:\/\/www.tvturk.com\/index.php\/wp-json\/wp\/v2\/users\/1"}],"replies":[{"embeddable":true,"href":"http:\/\/www.tvturk.com\/index.php\/wp-json\/wp\/v2\/comments?post=178586"}],"version-history":[{"count":0,"href":"http:\/\/www.tvturk.com\/index.php\/wp-json\/wp\/v2\/posts\/178586\/revisions"}],"wp:featuredmedia":[{"embeddable":true,"href":"http:\/\/www.tvturk.com\/index.php\/wp-json\/wp\/v2\/media\/178587"}],"wp:attachment":[{"href":"http:\/\/www.tvturk.com\/index.php\/wp-json\/wp\/v2\/media?parent=178586"}],"wp:term":[{"taxonomy":"category","embeddable":true,"href":"http:\/\/www.tvturk.com\/index.php\/wp-json\/wp\/v2\/categories?post=178586"},{"taxonomy":"post_tag","embeddable":true,"href":"http:\/\/www.tvturk.com\/index.php\/wp-json\/wp\/v2\/tags?post=178586"}],"curies":[{"name":"wp","href":"https:\/\/api.w.org\/{rel}","templated":true}]}}