{"id":178590,"date":"2019-07-06T11:32:02","date_gmt":"2019-07-06T08:32:02","guid":{"rendered":"http:\/\/www.tvturk.com\/index.php\/bu-cocuklar-kiz-mi-erkek-mi-bilinmiyor\/"},"modified":"2019-07-06T11:32:02","modified_gmt":"2019-07-06T08:32:02","slug":"bu-cocuklar-kiz-mi-erkek-mi-bilinmiyor","status":"publish","type":"post","link":"http:\/\/www.tvturk.com\/index.php\/bu-cocuklar-kiz-mi-erkek-mi-bilinmiyor\/","title":{"rendered":"Bu \u00e7ocuklar k\u0131z m\u0131, erkek mi bilinmiyor"},"content":{"rendered":"<p>Diyarbak\u0131r\u2019\u0131n Karacada\u011f b\u00f6lgesinde ya\u015fayan 5 \u00e7ocuklu \u015e\u00fckr\u00fc ve Meliha G\u00fcl \u00e7iftinin 7 ya\u015f\u0131ndaki en b\u00fcy\u00fck \u00e7ocu\u011fu ve kendini k\u0131z gibi hissetti\u011fi i\u00e7in Tuba ismi verilen ve 1 ayl\u0131k olan \u00e7ocu\u011fu Fatma\u2019n\u0131n do\u011fduktan bir 1 ay sonra cinsiyetinin belli olmad\u0131\u011f\u0131 ac\u0131 ger\u00e7e\u011fini \u00f6\u011frenince kahroldu.<\/p>\n<p>Karacada\u011f K\u00fcrtepe Mahallesinde ya\u015fayan G\u00fcl \u00e7ifti, en b\u00fcy\u00fck \u00e7ocuklar\u0131 olan 7 ya\u015f\u0131ndaki Tuba d\u00fcnyaya geldi. Bir s\u00fcre sonra \u00e7ocuklar\u0131n\u0131n idrar\u0131n\u0131 yapamad\u0131\u011f\u0131n\u0131 ve genital b\u00f6lgede \u015fi\u015flik olu\u015ftu\u011funu fark eden aile bunun \u00fczerine \u00e7ocuklar\u0131n\u0131 Siverek Devlet Hastanesine g\u00f6t\u00fcrerek muayene ettirdi. Yap\u0131lan muayene ve tetkiklerde \u00e7ocuklar\u0131n\u0131n k\u0131z de\u011fil, erkek oldu\u011funu \u00f6\u011frenen aile \u015foke oldu. Aile bunun \u00fczerine Diyarbak\u0131r\u2019da hastaneye y\u00f6nlendirildi. Aile Diyarbak\u0131r\u2019da da doktorlar\u0131n yapt\u0131\u011f\u0131 inceleme sonucunda \u00e7ocu\u011fun k\u0131z olmad\u0131\u011f\u0131n\u0131, erkek oldu\u011funu ve \u0130stanbul\u2019da m\u00fcdahale yap\u0131lmas\u0131n\u0131 \u00f6\u011frendi. Baba \u015e\u00fckr\u00fc G\u00fcl, elindeki birikimle 2 y\u0131l \u00e7ocu\u011funu \u0130stanbul\u2019a g\u00f6t\u00fcr\u00fcp getirip tedavi olmas\u0131 i\u00e7in u\u011fra\u015ft\u0131\u011f\u0131n\u0131, ama eldeki birikim bitince ve bir sonuca varamay\u0131nca \u00f6ylece b\u0131rak\u0131p \u00e7ocuklar\u0131n\u0131 k\u0131z gibi yeti\u015ftirmeye devam etti\u011fini s\u00f6yledi. Daha sonra d\u00fcnyaya gelen 5\u2019nci \u00e7ocu\u011fu olan 1 ayl\u0131k Fatma\u2019n\u0131n da ayn\u0131 durumda oldu\u011funu ve doktorlar\u0131n yapm\u0131\u015f olduklar\u0131 ultrason sonucuna g\u00f6re k\u0131z olarak \u00f6\u011frendikleri \u00e7ocuklar\u0131n\u0131n erkek oldu\u011fu ve ameliyatla erkek olabilece\u011fini \u00f6\u011frenen aile 7 ya\u015f\u0131nda olan ilk \u00e7ocuklar\u0131 Tuba ve 1 ayl\u0131k olan \u00e7ocuklar\u0131 Fatma i\u00e7in yetkililerden yard\u0131m beklediklerini s\u00f6yledi.<\/p>\n<p>G\u00fcl ailesi, 7 ya\u015f\u0131ndaki Tuba ve 1 ayl\u0131k bebekleri Fatma i\u00e7in yard\u0131m bekliyor<\/p>\n<p>Torunlar\u0131n\u0131n do\u011fum ve hastane s\u00fcre\u00e7leriyle yak\u0131ndan ilgilenen anneanne Nevin Karde\u015f, k\u0131z\u0131n\u0131n sezaryenle hastanede do\u011fum yapt\u0131\u011f\u0131n\u0131 s\u00f6yledi. Durumu bilmediklerini, doktorlar\u0131n kendilerini taburcu edip eve geldiklerini belirten anneanne Karde\u015f, \u201cEve geldik, evde \u015fi\u015fkinlik \u00e7\u0131kt\u0131 3 g\u00fcnden sonra. 40 g\u00fcnl\u00fck oldu kalkt\u0131k Siverek Devlet Hastanesine g\u00f6t\u00fcrd\u00fck. Orada doktorlar m\u00fcdahale etti. Dediler, b\u00f6yle bir durum var bizi Diyarbak\u0131r\u2019a sevk ettiler direkt. Biz Diyarbak\u0131r\u2019a gittik. D\u0131\u015ftan k\u0131zd\u0131r, i\u00e7ten erkek g\u00f6z\u00fck\u00fcyor. Diyarbak\u0131r\u2019a g\u00f6t\u00fcr\u00fcp getirdik. Daha sonra \u0130stanbul\u2019a g\u00f6t\u00fcr\u00fcp getirdik. Maddi durum yoktu, 2 y\u0131l gezdirdiler bir sonu\u00e7 \u00e7\u0131kmay\u0131nca ilgilenmekten vazge\u00e7tiler. 2 ya\u015f\u0131na kadar ilgilendik, babas\u0131 edemeyince vazge\u00e7ti.  B\u00fcy\u00fc\u011f\u00fc 7 ya\u015f\u0131ndad\u0131r, yeni bebekleri oldu. O da Diyarbak\u0131r\u2019da annesi yine sezaryenle do\u011fum yapt\u0131. \u00c7ocuk doktoruna g\u00f6sterdik. Bakt\u0131k bu da ayn\u0131 b\u00fcy\u00fck \u00e7ocu\u011fu gibidir. Doktor han\u0131ma dedim, hocam b\u00f6yle bir durum vard\u0131r. Ultrasona gittik, k\u0131z oldu\u011funu s\u00f6yledik ama \u00e7\u0131kan sonu\u00e7 erkek oldu\u011funu g\u00f6steriyor. Orada yine \u00e7ocu\u011fu yat\u0131rd\u0131k, bizden ald\u0131lar. Orada bir hafta yat\u0131rd\u0131k, yine \u00e7a\u011f\u0131rd\u0131lar gidip \u00e7ocu\u011fu getirdik. Ultrasona g\u00f6re d\u0131\u015ftan k\u0131zd\u0131r, i\u00e7i erkektir. Hoca \u00f6yle dedi bana. Biz isim b\u0131rakm\u0131\u015ft\u0131k, bilmiyorduk b\u00f6yle bir durum vard\u0131r. Hoca ameliyat olmas\u0131n\u0131 s\u00f6yledi. Babas\u0131 g\u00f6t\u00fcrd\u00fc getirdi, masraftan dolay\u0131 yapamad\u0131lar \u00f6yle b\u0131rakt\u0131lar. 2 y\u0131l gezdirdi vazge\u00e7ti. Devletten yard\u0131m istiyoruz, yard\u0131mc\u0131 olsunlar. 2 tane \u00e7ocu\u011fu b\u00f6yle g\u00fcnaht\u0131r, yaz\u0131kt\u0131r. \u00c7ocu\u011fu okula g\u00f6nderiyoruz, okuldakiler dalga ge\u00e7iyorlar. Babas\u0131 da \u00e7\u00f6p toplayarak, ka\u011f\u0131t, karton toplayarak ge\u00e7imlerini sa\u011flamaya \u00e7al\u0131\u015f\u0131yor. 5 \u00e7ocuk var, ailesi var, zorla ge\u00e7iniyorlar. Bu \u00e7ocuklar b\u00f6yledir diye bir yere gidip \u00e7al\u0131\u015fam\u0131yor da\u201d diye konu\u015ftu.<\/p>\n","protected":false},"excerpt":{"rendered":"<p>D\u0130YARBAKIR\u2019IN KARACADA\u011e B\u00d6LGES\u0130NDE YA\u015eAYAN 5 \u00c7OCUKLU \u015e\u00dcKR\u00dc G\u00dcL (27) VE MEL\u0130HA G\u00dcL (26) \u00c7\u0130FT\u0130N\u0130N 7 YA\u015eINDAK\u0130 EN B\u00dcY\u00dcK \u00c7OCU\u011eU TUBA VE 1 AYLIK OLAN \u00c7OCU\u011eU FATMA\u2019NIN DO\u011eDUKTAN SONRA B\u0130R 1 AY SONRA \u00c7OCUKLARININ C\u0130NS\u0130YET\u0130N\u0130N BELL\u0130 OLMADI\u011eI ACI GER\u00c7E\u011e\u0130N\u0130 \u00d6\u011eREND\u0130LER.<\/p>\n","protected":false},"author":1,"featured_media":178591,"comment_status":"closed","ping_status":"open","sticky":false,"template":"","format":"standard","meta":{"jetpack_post_was_ever_published":false,"_jetpack_newsletter_access":"","_jetpack_dont_email_post_to_subs":false,"_jetpack_newsletter_tier_id":0,"_jetpack_memberships_contains_paywalled_content":false,"_jetpack_memberships_contains_paid_content":false,"footnotes":"","jetpack_publicize_message":"","jetpack_publicize_feature_enabled":true,"jetpack_social_post_already_shared":true,"jetpack_social_options":{"image_generator_settings":{"template":"highway","default_image_id":0,"font":"","enabled":false},"version":2}},"categories":[1],"tags":[43781,252,1320,4200,10452],"class_list":["post-178590","post","type-post","status-publish","format-standard","has-post-thumbnail","hentry","category-genel","tag-bilinmiyor","tag-cocuklar","tag-erkek","tag-kiz","tag-mi"],"jetpack_publicize_connections":[],"jetpack_featured_media_url":"https:\/\/i0.wp.com\/www.tvturk.com\/wp-content\/uploads\/2019\/07\/bu-cocuklar-kiz-mi-erkek-mi-bilinmiyor_7d1d979.jpg?fit=1000%2C666","jetpack_sharing_enabled":true,"jetpack_shortlink":"https:\/\/wp.me\/paKIfm-Ksu","_links":{"self":[{"href":"http:\/\/www.tvturk.com\/index.php\/wp-json\/wp\/v2\/posts\/178590","targetHints":{"allow":["GET"]}}],"collection":[{"href":"http:\/\/www.tvturk.com\/index.php\/wp-json\/wp\/v2\/posts"}],"about":[{"href":"http:\/\/www.tvturk.com\/index.php\/wp-json\/wp\/v2\/types\/post"}],"author":[{"embeddable":true,"href":"http:\/\/www.tvturk.com\/index.php\/wp-json\/wp\/v2\/users\/1"}],"replies":[{"embeddable":true,"href":"http:\/\/www.tvturk.com\/index.php\/wp-json\/wp\/v2\/comments?post=178590"}],"version-history":[{"count":0,"href":"http:\/\/www.tvturk.com\/index.php\/wp-json\/wp\/v2\/posts\/178590\/revisions"}],"wp:featuredmedia":[{"embeddable":true,"href":"http:\/\/www.tvturk.com\/index.php\/wp-json\/wp\/v2\/media\/178591"}],"wp:attachment":[{"href":"http:\/\/www.tvturk.com\/index.php\/wp-json\/wp\/v2\/media?parent=178590"}],"wp:term":[{"taxonomy":"category","embeddable":true,"href":"http:\/\/www.tvturk.com\/index.php\/wp-json\/wp\/v2\/categories?post=178590"},{"taxonomy":"post_tag","embeddable":true,"href":"http:\/\/www.tvturk.com\/index.php\/wp-json\/wp\/v2\/tags?post=178590"}],"curies":[{"name":"wp","href":"https:\/\/api.w.org\/{rel}","templated":true}]}}