{"id":178622,"date":"2019-07-06T12:31:43","date_gmt":"2019-07-06T09:31:43","guid":{"rendered":"http:\/\/www.tvturk.com\/index.php\/yilmaz-2018-yilinda-430-bin-kurban-hissesi-dagitildi\/"},"modified":"2019-07-06T12:31:43","modified_gmt":"2019-07-06T09:31:43","slug":"yilmaz-2018-yilinda-430-bin-kurban-hissesi-dagitildi","status":"publish","type":"post","link":"http:\/\/www.tvturk.com\/index.php\/yilmaz-2018-yilinda-430-bin-kurban-hissesi-dagitildi\/","title":{"rendered":"Y\u0131lmaz; \u201c2018 y\u0131l\u0131nda 430 bin kurban hissesi da\u011f\u0131t\u0131ld\u0131\u201d"},"content":{"rendered":"<p>Osmaniye M\u00fcft\u00fcl\u00fc\u011f\u00fc taraf\u0131ndan d\u00fczenlenen  2019 Y\u0131l\u0131 vek\u00e2let yoluyla kurban kesim program\u0131 tan\u0131t\u0131m toplant\u0131s\u0131nda konu\u015fan Ankara R\u0131fat B\u00f6rek\u00e7i E\u011fitim Merkezi M\u00fcd\u00fcr\u00fc \u0130brahim Y\u0131lmaz \u201cGe\u00e7ti\u011fimiz y\u0131l 430 bin hisse olarak ger\u00e7ekle\u015ftirdi\u011fimiz Kurban say\u0131s\u0131n\u0131 bu y\u0131l; \u00dclkemizde ve d\u00fcnyan\u0131n d\u00f6rt bir yan\u0131nda en az 500 bin hisse olarak hedefliyoruz\u201d dedi.<\/p>\n<p>Din G\u00f6revlileri ve Kur\u2019an kursu \u00f6\u011freticilerinin kat\u0131l\u0131m\u0131yla Cebelibereket K\u00fclt\u00fcr Merkezinde ger\u00e7ekle\u015ftirilen toplant\u0131da T\u00fcrkiye Diyanet Vakf\u0131, Diyanet \u0130\u015fleri Ba\u015fkanl\u0131\u011f\u0131yla 1993 y\u0131l\u0131ndan bu yana vek\u00e2let yoluyla kurban kesim program\u0131 d\u00fczenlendi\u011fi kaydeden Y\u0131lmaz, \u201cVekaleten kurban program\u0131n\u0131n amac\u0131 kurbanlar\u0131n\u0131 vekalet yoluyla kestirmek isteyen vatanda\u015flar\u0131m\u0131za yard\u0131mc\u0131 olmak, kurban etlerini daha fazla ihtiya\u00e7 sahibine ula\u015ft\u0131rmak, M\u00fcsl\u00fcman karde\u015flerimizle bayram sevincini ve mutlulu\u011funu payla\u015fmak, mazlum ma\u011fdur ve muhta\u00e7larla karde\u015flik ba\u011f\u0131m\u0131z\u0131 kuvvetlendirmektir. Ge\u00e7ti\u011fimiz y\u0131l 430 bin hisse olarak ger\u00e7ekle\u015ftirdi\u011fimiz Kurban say\u0131s\u0131n\u0131 bu y\u0131l; \u00dclkemizde ve d\u00fcnyan\u0131n d\u00f6rt bir yan\u0131nda en az 500 bin hisse olarak hedefliyoruz. Ula\u015ft\u0131raca\u011f\u0131m\u0131z kurbanlarla g\u00f6n\u00fcl co\u011frafyam\u0131zda kurban sevincini ve ne\u015fesini birlikte ya\u015fayaca\u011f\u0131z in\u015fallah. Kurban ba\u011f\u0131\u015f\u0131nda bulunan hay\u0131rsever vatanda\u015flar\u0131m\u0131za himmet ve hizmetlerinden dolay\u0131 \u015f\u00fckranlar\u0131m\u0131z\u0131 sunuyor, kurbanlar\u0131n kabul olmas\u0131n\u0131 y\u00fcce mevla\u2019dan niyaz ediyoruz\u201d dedi.<\/p>\n<p>\u0130l M\u00fcft\u00fcs\u00fc Ali R\u0131za Tahiro\u011flu da, \u00f6nemli bir ibadetin arifesinde olduklar\u0131n\u0131 ifade ederek, \u201cKurban Allah\u2019a yak\u0131nl\u0131k demektir. Allah\u2019a yakla\u015fmak i\u00e7in bir vesiledir. Allah\u2019\u0131n bizlere vermi\u015f oldu\u011fu nimetleri kendi yolunda harcayarak, sosyal yard\u0131mla\u015fma yaparak Allah\u2019a yak\u0131nla\u015fm\u0131\u015f oluyoruz. Ge\u00e7en sene sizlerin gayretiyle \u00e7ok g\u00fczel \u00e7al\u0131\u015fmalar yapt\u0131k. 2017 y\u0131l\u0131nda 494 olan kurban ba\u011f\u0131\u015f\u0131n\u0131n, 2018 y\u0131l\u0131nda 1164 kurbana \u00e7\u0131kt\u0131\u011f\u0131n\u0131 g\u00f6r\u00fcyoruz. 2017 y\u0131l\u0131na g\u00f6re y\u00fczde 135 oran\u0131nda bir art\u0131\u015f oldu. Bu art\u0131\u015f vaazlar\u0131n\u0131zda, hutbelerinizde, ikili ili\u015fkilerinizde g\u00f6stermi\u015f oldu\u011funuz gayretler sonucunda ortaya \u00e7\u0131kt\u0131. Bu sene ise daha y\u00fcksek bir beklenti i\u00e7erisindeyiz\u201d \u015feklinde konu\u015ftu.<\/p>\n<p>Osmaniye \u0130l M\u00fcft\u00fcl\u00fc\u011f\u00fcn\u00fcn \u201c2019 Y\u0131l\u0131 Vek\u00e2let Yoluyla Kurban Kesim Program\u0131 Tan\u0131t\u0131m Toplant\u0131s\u0131\u201d Ankara R\u0131fat B\u00f6rek\u00e7i E\u011fitim Merkezi M\u00fcd\u00fcr\u00fc \u0130brahim Y\u0131lmaz, \u0130l M\u00fcft\u00fcs\u00fc Ali R\u0131za Tahiro\u011flu, \u0130l M\u00fcft\u00fc Yard\u0131mc\u0131lar\u0131, \u0130l\u00e7e M\u00fcft\u00fcleri, Din G\u00f6revlileri ve Kur\u2019an Kursu \u00d6\u011freticilerinin kat\u0131l\u0131m\u0131yla  ger\u00e7ekle\u015ftirilen toplant\u0131 &#8220;Kurban\u0131n\u0131 Payla\u015f Karde\u015finle Yak\u0131nla\u015f&#8221; Vekaletle Kurban Ba\u011f\u0131\u015f Kampanyas\u0131na yap\u0131lan ba\u011f\u0131\u015flar\u0131n makbuzlar\u0131n\u0131n takdim edilmesi ile sona erdi.<\/p>\n","protected":false},"excerpt":{"rendered":"<p>D\u0130N G\u00d6REVL\u0130LER\u0130 VE KUR\u2019AN KURSU \u00d6\u011eRET\u0130C\u0130LER\u0130N\u0130N KATILIMIYLA CEBEL\u0130BEREKET K\u00dcLT\u00dcR MERKEZ\u0130NDE GER\u00c7EKLE\u015eT\u0130R\u0130LEN TOPLANTIDA T\u00dcRK\u0130YE D\u0130YANET VAKFI, D\u0130YANET \u0130\u015eLER\u0130 BA\u015eKANLI\u011eIYLA 1993 YILINDAN BU YANA VEK\u00c2LET YOLUYLA KURBAN KES\u0130M PROGRAMI D\u00dcZENLEND\u0130.<\/p>\n","protected":false},"author":1,"featured_media":178623,"comment_status":"closed","ping_status":"open","sticky":false,"template":"","format":"standard","meta":{"jetpack_post_was_ever_published":false,"_jetpack_newsletter_access":"","_jetpack_dont_email_post_to_subs":false,"_jetpack_newsletter_tier_id":0,"_jetpack_memberships_contains_paywalled_content":false,"_jetpack_memberships_contains_paid_content":false,"footnotes":"","jetpack_publicize_message":"","jetpack_publicize_feature_enabled":true,"jetpack_social_post_already_shared":true,"jetpack_social_options":{"image_generator_settings":{"template":"highway","default_image_id":0,"font":"","enabled":false},"version":2}},"categories":[1],"tags":[6265,39888,213,4032,43796,20956,6266,4688],"class_list":["post-178622","post","type-post","status-publish","format-standard","has-post-thumbnail","hentry","category-genel","tag-6265","tag-39888","tag-bin","tag-dagitildi","tag-hissesi","tag-kurban","tag-yilinda","tag-yilmaz"],"jetpack_publicize_connections":[],"jetpack_featured_media_url":"https:\/\/i0.wp.com\/www.tvturk.com\/wp-content\/uploads\/2019\/07\/yilmaz-2018-yilinda-430-bin-kurban-hissesi-dagitildi_c96e4c3.jpg?fit=1000%2C666","jetpack_sharing_enabled":true,"jetpack_shortlink":"https:\/\/wp.me\/paKIfm-Kt0","_links":{"self":[{"href":"http:\/\/www.tvturk.com\/index.php\/wp-json\/wp\/v2\/posts\/178622","targetHints":{"allow":["GET"]}}],"collection":[{"href":"http:\/\/www.tvturk.com\/index.php\/wp-json\/wp\/v2\/posts"}],"about":[{"href":"http:\/\/www.tvturk.com\/index.php\/wp-json\/wp\/v2\/types\/post"}],"author":[{"embeddable":true,"href":"http:\/\/www.tvturk.com\/index.php\/wp-json\/wp\/v2\/users\/1"}],"replies":[{"embeddable":true,"href":"http:\/\/www.tvturk.com\/index.php\/wp-json\/wp\/v2\/comments?post=178622"}],"version-history":[{"count":0,"href":"http:\/\/www.tvturk.com\/index.php\/wp-json\/wp\/v2\/posts\/178622\/revisions"}],"wp:featuredmedia":[{"embeddable":true,"href":"http:\/\/www.tvturk.com\/index.php\/wp-json\/wp\/v2\/media\/178623"}],"wp:attachment":[{"href":"http:\/\/www.tvturk.com\/index.php\/wp-json\/wp\/v2\/media?parent=178622"}],"wp:term":[{"taxonomy":"category","embeddable":true,"href":"http:\/\/www.tvturk.com\/index.php\/wp-json\/wp\/v2\/categories?post=178622"},{"taxonomy":"post_tag","embeddable":true,"href":"http:\/\/www.tvturk.com\/index.php\/wp-json\/wp\/v2\/tags?post=178622"}],"curies":[{"name":"wp","href":"https:\/\/api.w.org\/{rel}","templated":true}]}}