{"id":178660,"date":"2019-07-06T13:32:16","date_gmt":"2019-07-06T10:32:16","guid":{"rendered":"http:\/\/www.tvturk.com\/index.php\/trabzonspor-hazirliklarini-surduruyor\/"},"modified":"2019-07-06T13:32:16","modified_gmt":"2019-07-06T10:32:16","slug":"trabzonspor-hazirliklarini-surduruyor","status":"publish","type":"post","link":"http:\/\/www.tvturk.com\/index.php\/trabzonspor-hazirliklarini-surduruyor\/","title":{"rendered":"Trabzonspor haz\u0131rl\u0131klar\u0131n\u0131 s\u00fcrd\u00fcr\u00fcyor"},"content":{"rendered":"<p>Trabzonspor, 2019-2020 S\u00fcper Lig Cemil Usta sezonu haz\u0131rl\u0131klar\u0131n\u0131 bug\u00fcn sabah saatlerinde yapt\u0131\u011f\u0131 idmanla s\u00fcrd\u00fcrd\u00fc.<\/p>\n<p>Mehmet Ali Y\u0131lmaz Tesisleri\u2019nde Teknik Direkt\u00f6r \u00dcnal Karaman y\u00f6netiminde ger\u00e7ekle\u015fen antrenmanda kuvvet \u00e7al\u0131\u015fmalar\u0131 yap\u0131ld\u0131. Bas\u0131na kapal\u0131 olarak ger\u00e7ekle\u015ftirilen \u00e7al\u0131\u015fmada \u00fclkelerinin milli tak\u0131mlar\u0131nda bulunan Caleb Ekuban ve Obi Mikel\u2019in yan\u0131 s\u0131ra izinli olan Yusuf Yaz\u0131c\u0131, Abd\u00fclkadir \u00d6m\u00fcr, U\u011furcan \u00c7ak\u0131r, H\u00fcseyin T\u00fcrkmen, Filip Novak, Vahid Amiri ve Zargo Toure yer almad\u0131. Tedavisine devam edilen Ogenyi Onazi ve Majid Hosseini ise salonda \u00e7al\u0131\u015fmalar\u0131n\u0131 s\u00fcrd\u00fcrd\u00fc.<\/p>\n<p>Trabzonspor, yeni sezon haz\u0131rl\u0131klar\u0131na bu ak\u015fam 18.00\u2019da bas\u0131na kapal\u0131 yapaca\u011f\u0131 antrenmanla devam edecek.<\/p>\n","protected":false},"excerpt":{"rendered":"<p>TRABZONSPOR, YEN\u0130 SEZON HAZIRLIKLIRINI S\u00dcRD\u00dcR\u00dcYOR<\/p>\n","protected":false},"author":1,"featured_media":178661,"comment_status":"closed","ping_status":"open","sticky":false,"template":"","format":"standard","meta":{"jetpack_post_was_ever_published":false,"_jetpack_newsletter_access":"","_jetpack_dont_email_post_to_subs":false,"_jetpack_newsletter_tier_id":0,"_jetpack_memberships_contains_paywalled_content":false,"_jetpack_memberships_contains_paid_content":false,"footnotes":"","jetpack_publicize_message":"","jetpack_publicize_feature_enabled":true,"jetpack_social_post_already_shared":true,"jetpack_social_options":{"image_generator_settings":{"template":"highway","default_image_id":0,"font":"","enabled":false},"version":2}},"categories":[657],"tags":[2628,1772,916],"class_list":["post-178660","post","type-post","status-publish","format-standard","has-post-thumbnail","hentry","category-spor","tag-hazirliklarini","tag-surduruyor","tag-trabzonspor"],"jetpack_publicize_connections":[],"jetpack_featured_media_url":"https:\/\/i0.wp.com\/www.tvturk.com\/wp-content\/uploads\/2019\/07\/trabzonspor-hazirliklarini-surduruyor_14004c9.jpg?fit=1000%2C465","jetpack_sharing_enabled":true,"jetpack_shortlink":"https:\/\/wp.me\/paKIfm-KtC","_links":{"self":[{"href":"http:\/\/www.tvturk.com\/index.php\/wp-json\/wp\/v2\/posts\/178660","targetHints":{"allow":["GET"]}}],"collection":[{"href":"http:\/\/www.tvturk.com\/index.php\/wp-json\/wp\/v2\/posts"}],"about":[{"href":"http:\/\/www.tvturk.com\/index.php\/wp-json\/wp\/v2\/types\/post"}],"author":[{"embeddable":true,"href":"http:\/\/www.tvturk.com\/index.php\/wp-json\/wp\/v2\/users\/1"}],"replies":[{"embeddable":true,"href":"http:\/\/www.tvturk.com\/index.php\/wp-json\/wp\/v2\/comments?post=178660"}],"version-history":[{"count":0,"href":"http:\/\/www.tvturk.com\/index.php\/wp-json\/wp\/v2\/posts\/178660\/revisions"}],"wp:featuredmedia":[{"embeddable":true,"href":"http:\/\/www.tvturk.com\/index.php\/wp-json\/wp\/v2\/media\/178661"}],"wp:attachment":[{"href":"http:\/\/www.tvturk.com\/index.php\/wp-json\/wp\/v2\/media?parent=178660"}],"wp:term":[{"taxonomy":"category","embeddable":true,"href":"http:\/\/www.tvturk.com\/index.php\/wp-json\/wp\/v2\/categories?post=178660"},{"taxonomy":"post_tag","embeddable":true,"href":"http:\/\/www.tvturk.com\/index.php\/wp-json\/wp\/v2\/tags?post=178660"}],"curies":[{"name":"wp","href":"https:\/\/api.w.org\/{rel}","templated":true}]}}