{"id":178684,"date":"2019-07-06T14:47:02","date_gmt":"2019-07-06T11:47:02","guid":{"rendered":"http:\/\/www.tvturk.com\/index.php\/ersun-yanal-fenerbahcenin-hedefi-her-oynadigi-kulvarda-birinci-olmaktir\/"},"modified":"2019-07-06T14:47:02","modified_gmt":"2019-07-06T11:47:02","slug":"ersun-yanal-fenerbahcenin-hedefi-her-oynadigi-kulvarda-birinci-olmaktir","status":"publish","type":"post","link":"http:\/\/www.tvturk.com\/index.php\/ersun-yanal-fenerbahcenin-hedefi-her-oynadigi-kulvarda-birinci-olmaktir\/","title":{"rendered":"Ersun Yanal: &#8220;Fenerbah\u00e7e\u2019nin hedefi her oynad\u0131\u011f\u0131 kulvarda birinci olmakt\u0131r&#8221;"},"content":{"rendered":"<p>Fenerbah\u00e7e Teknik Direkt\u00f6r\u00fc Ersun Yanal, &#8220;Fenerbah\u00e7e\u2019nin hedefi ba\u015far\u0131l\u0131 olmak, zirvede olmak, zirvenin tak\u0131m\u0131 olmak ve her oynad\u0131\u011f\u0131 kulvarda birinci olarak bitirmektir&#8221; dedi.<\/p>\n<p>Fenerbah\u00e7e Teknik Direkt\u00f6r\u00fc Ersun Yanal, Topuk Yaylas\u0131\u2019ndaki haz\u0131rl\u0131k s\u00fcreciyle ilgili ama\u00e7lar\u0131n\u0131 ve hedeflerine dair a\u00e7\u0131klamalarda bulundu. Gen\u00e7 oyunculardan kurulu bir kadro ile bu sezon haz\u0131rl\u0131klara erken ba\u015flad\u0131klar\u0131n\u0131 belirten Yanal, \u201cU-19 tak\u0131m\u0131 kampta bizlerle. Bu sene kapat\u0131lan U-21 tak\u0131m\u0131ndan da oyuncular\u0131m\u0131z var. Bu oyuncular\u0131m\u0131z\u0131n tamam\u0131 da U-19 tak\u0131m\u0131nda oynayacak durumda. Gen\u00e7 oyuncular\u0131m\u0131za,  A tak\u0131m\u0131n ne oldu\u011fu, kim oldu\u011fuyla ilgili bir s\u00fcre\u00e7 ya\u015fat\u0131yoruz. Gen\u00e7 oyuncular\u0131m\u0131zla birlikte \u00e7al\u0131\u015f\u0131yoruz. Yine onlar\u0131n antrenmanlar\u0131n\u0131 izliyoruz, g\u00f6zlemliyoruz.  Baz\u0131 antrenmanlar\u0131 onlarla yap\u0131yoruz. A tak\u0131m i\u00e7in \u015fans do\u011fabilecek oyuncular\u0131n da tespitini yapt\u0131\u011f\u0131m\u0131z bir kamp d\u00f6nemi ya\u015f\u0131yoruz. Uzun zamand\u0131r altyap\u0131dan T\u00fcrk futboluna oyuncu kazand\u0131ramad\u0131k, bu ger\u00e7e\u011fi kabul etmemiz gerekiyor.  G\u00f6n\u00fcl isterdi ki bir anda y\u0131ld\u0131z olarak parlataca\u011f\u0131m\u0131z bir oyuncumuz olsun. Elbette yetenekli oyuncular\u0131m\u0131z var. \u0130sim isim gitmektense onlar\u0131n belli bir zaman ge\u00e7irmeleri ve haz\u0131rl\u0131k yapmalar\u0131 gerekiyor&#8221; diye konu\u015ftu.<\/p>\n<p>&#8220;Fenerbah\u00e7e\u2019nin hedefi her oynad\u0131\u011f\u0131 kulvarda birinci olmakt\u0131r&#8221;<\/p>\n<p>Tak\u0131m\u0131n hedefleri hakk\u0131nda da konu\u015fan Yanal, &#8220;Fenerbah\u00e7e\u2019nin hedefi ba\u015far\u0131l\u0131 olmak, zirvede olmak, zirvenin tak\u0131m\u0131 olmak ve her oynad\u0131\u011f\u0131 kulvarda birinci olarak bitirmektir. B\u00fcy\u00fck hedefleri olan bir camiay\u0131z. Hem yeti\u015ftirip, hem yar\u0131\u015f\u0131p hem de sonu\u00e7 almak zorundad\u0131r. Bug\u00fcnk\u00fc ger\u00e7ek bu.Ge\u00e7en sene U-21 tak\u0131m\u0131 ile 58 antrenman yapt\u0131k. Biz U-21 tak\u0131m\u0131ndaki oyuncular\u0131m\u0131z\u0131 antrenmanlarda fazlas\u0131yla de\u011ferlendirdik. Ge\u00e7en sene ya\u015fad\u0131\u011f\u0131m\u0131z ola\u011fan\u00fcst\u00fc sezonun stresi ve gerginli\u011fiyle gen\u00e7 oyuncular\u0131m\u0131zla ilgili zaman zaman medya ve taraftardan talep do\u011fdu. Son 20 y\u0131lda bir\u00e7ok gen\u00e7 oyuncuya dokundum. Hem yar\u0131\u015f\u0131p, hem de gen\u00e7 oyuncu oynatan bir teknik direkt\u00f6r\u00fcm. Bak\u0131ld\u0131\u011f\u0131nda rahatl\u0131kla g\u00f6r\u00fclecek isimler de var. Gen\u00e7 oyuncular\u0131n yeti\u015ftirilip, kazand\u0131r\u0131lmas\u0131 bir s\u00fcre\u00e7 i\u015fi. Tak\u0131m\u0131m\u0131z\u0131n pozisyon alma i\u015fi&#8221; \u015feklinde konu\u015ftu.<\/p>\n<p>&#8220;Biz T\u00fcrkiye\u2019de ilkleri ger\u00e7ekle\u015ftiriyoruz&#8221;<\/p>\n<p>Fenerbah\u00e7e Ba\u015fkan\u0131 Ali Ko\u00e7 ile y\u00f6netim kurulunun vizyonu \u00f6nemli oldu\u011funu vurgulayan deneyimli teknik adam, &#8220;Uzun y\u0131llard\u0131r altyap\u0131ya yat\u0131r\u0131m\u0131n ne kadar eksik ve yetersiz oldu\u011fu ortadad\u0131r. Bu sadece Fenerbah\u00e7e\u2019nin de\u011fil, T\u00fcrk futbolunun bir sorunudur. Bunun da bir anda d\u00fczelecek bir mesela olmad\u0131\u011f\u0131n\u0131 biliyorum. Derin soluklu bir i\u015f. Altyap\u0131daki oyuncular\u0131n oryantasyonlar\u0131na katk\u0131da bulunmak ve onlar\u0131n rekabeti \u00f6\u011frenmeleri a\u00e7\u0131s\u0131ndan \u00f6nemli bir kamp ya\u015f\u0131yorlar. B\u00fct\u00fcn gen\u00e7 oyuncular\u0131m\u0131z tak\u0131mda yer alacak diye bir durum yok. \u015eu anda elimizde haz\u0131r veya y\u0131ld\u0131z gen\u00e7 oyuncu var diye sorarsan\u0131z, biraz zaman ihtiyac\u0131m\u0131z var diyebilirim. \u00d6ncelikle iyi bir tak\u0131m kurmak ve gen\u00e7 oyuncular\u0131m\u0131z\u0131 da ad\u0131m ad\u0131m o kadroya dahil etmek en do\u011fru \u00e7\u00f6z\u00fcm. Biz T\u00fcrkiye\u2019de ilkleri ger\u00e7ekle\u015ftiriyoruz. Devre aras\u0131 ve haz\u0131rl\u0131k kamplar\u0131na gen\u00e7leri dahil ediyoruz. Altyap\u0131ya de\u011fer veriyoruz, y\u00f6netimiyle teknik heyetiyle bir ekip anlay\u0131\u015f\u0131 ile \u00e7al\u0131\u015f\u0131yoruz. Di\u011fer A tak\u0131m oyuncular\u0131na gelirsek, milli tak\u0131mlarda olanlar var. Transfer yapmak istedi\u011fimiz oyuncular var, g\u00f6r\u00fc\u015fmeler s\u00fcr\u00fcyor. Biz de biliyoruz en k\u0131sa zamanda onlarla burada bulu\u015fup, haz\u0131rl\u0131klar\u0131m\u0131z\u0131 tamamlayarak sezon sonunda arzu etti\u011fimiz hedefe ula\u015facak bir birikimle sahaya \u00e7\u0131kaca\u011f\u0131z&#8221; ifadelerini kulland\u0131.<\/p>\n","protected":false},"excerpt":{"rendered":"<p>TEKN\u0130K D\u0130REKT\u00d6R\u00dc ERSUN YANAL, &#8220;FENERBAH\u00c7E\u2019N\u0130N HEDEF\u0130 BA\u015eARILI OLMAK, Z\u0130RVEDE OLMAK, Z\u0130RVEN\u0130N TAKIMI OLMAK VE HER OYNADI\u011eI KULVARDA B\u0130R\u0130NC\u0130 OLARAK B\u0130T\u0130RMEKT\u0130R&#8221; DED\u0130.<\/p>\n","protected":false},"author":1,"featured_media":178685,"comment_status":"closed","ping_status":"open","sticky":false,"template":"","format":"standard","meta":{"jetpack_post_was_ever_published":false,"_jetpack_newsletter_access":"","_jetpack_dont_email_post_to_subs":false,"_jetpack_newsletter_tier_id":0,"_jetpack_memberships_contains_paywalled_content":false,"_jetpack_memberships_contains_paid_content":false,"footnotes":"","jetpack_publicize_message":"","jetpack_publicize_feature_enabled":true,"jetpack_social_post_already_shared":true,"jetpack_social_options":{"image_generator_settings":{"template":"highway","default_image_id":0,"font":"","enabled":false},"version":2}},"categories":[657],"tags":[16658,93,9672,2687,73,29109,43817,31189,3775],"class_list":["post-178684","post","type-post","status-publish","format-standard","has-post-thumbnail","hentry","category-spor","tag-fenerbahcenin","tag-birinci","tag-ersun","tag-hedefi","tag-her","tag-kulvarda","tag-olmaktir","tag-oynadigi","tag-yanal"],"jetpack_publicize_connections":[],"jetpack_featured_media_url":"https:\/\/i0.wp.com\/www.tvturk.com\/wp-content\/uploads\/2019\/07\/ersun-yanal-fenerbahcenin-hedefi-her-oynadigi-kulvarda-birinci-olmaktir_2e9a68c.jpg?fit=1000%2C666","jetpack_sharing_enabled":true,"jetpack_shortlink":"https:\/\/wp.me\/paKIfm-Ku0","_links":{"self":[{"href":"http:\/\/www.tvturk.com\/index.php\/wp-json\/wp\/v2\/posts\/178684","targetHints":{"allow":["GET"]}}],"collection":[{"href":"http:\/\/www.tvturk.com\/index.php\/wp-json\/wp\/v2\/posts"}],"about":[{"href":"http:\/\/www.tvturk.com\/index.php\/wp-json\/wp\/v2\/types\/post"}],"author":[{"embeddable":true,"href":"http:\/\/www.tvturk.com\/index.php\/wp-json\/wp\/v2\/users\/1"}],"replies":[{"embeddable":true,"href":"http:\/\/www.tvturk.com\/index.php\/wp-json\/wp\/v2\/comments?post=178684"}],"version-history":[{"count":0,"href":"http:\/\/www.tvturk.com\/index.php\/wp-json\/wp\/v2\/posts\/178684\/revisions"}],"wp:featuredmedia":[{"embeddable":true,"href":"http:\/\/www.tvturk.com\/index.php\/wp-json\/wp\/v2\/media\/178685"}],"wp:attachment":[{"href":"http:\/\/www.tvturk.com\/index.php\/wp-json\/wp\/v2\/media?parent=178684"}],"wp:term":[{"taxonomy":"category","embeddable":true,"href":"http:\/\/www.tvturk.com\/index.php\/wp-json\/wp\/v2\/categories?post=178684"},{"taxonomy":"post_tag","embeddable":true,"href":"http:\/\/www.tvturk.com\/index.php\/wp-json\/wp\/v2\/tags?post=178684"}],"curies":[{"name":"wp","href":"https:\/\/api.w.org\/{rel}","templated":true}]}}