{"id":178690,"date":"2019-07-06T15:01:47","date_gmt":"2019-07-06T12:01:47","guid":{"rendered":"http:\/\/www.tvturk.com\/index.php\/bozdagda-cig-onleme-projesinin-ihalesi-temmuz-ayi-icerisinde\/"},"modified":"2019-07-06T15:01:47","modified_gmt":"2019-07-06T12:01:47","slug":"bozdagda-cig-onleme-projesinin-ihalesi-temmuz-ayi-icerisinde","status":"publish","type":"post","link":"http:\/\/www.tvturk.com\/index.php\/bozdagda-cig-onleme-projesinin-ihalesi-temmuz-ayi-icerisinde\/","title":{"rendered":"Bozda\u011f\u2019da \u00c7\u0131\u011f \u00d6nleme Projesinin ihalesi temmuz ay\u0131 i\u00e7erisinde"},"content":{"rendered":"<p>\u00d6demi\u015f Belediye Ba\u015fkan\u0131 Mehmet Eri\u015f, Ege B\u00f6lgesi\u2019nin \u00f6nemli turizm mekanlar\u0131ndan Bozda\u011f\u2019da incelemeler yapt\u0131. Eri\u015f, \u00e7\u0131\u011f d\u00fc\u015fme tehlikesi nedeniyle merkezin birka\u00e7 y\u0131ld\u0131r kapal\u0131 oldu\u011funu ifade ederek, &#8220;\u00c7\u0131\u011f \u00d6nleme Projesi&#8221; i\u00e7in ihalenin temmuz ay\u0131n i\u00e7erisinde yap\u0131laca\u011f\u0131n\u0131 s\u00f6yledi.<\/p>\n<p>\u00d6demi\u015f Belediye Ba\u015fkan\u0131 Mehmet Eri\u015f,  belediyenin teknik ekibiyle birlikte \u0130zmir\u2019in tek kayak merkezi olan Bozda\u011f\u2019\u0131 ziyaret etti. Bozda\u011f Kayak Merkezinin \u00e7\u0131\u011f d\u00fc\u015fmesi nedeniyle hizmet veremedi\u011fini ifade eden Eri\u015f, b\u00f6lgenin k\u0131\u015f turizm a\u00e7\u0131s\u0131ndan \u00f6nemli merkezlerinden oldu\u011funu belirtti.<\/p>\n<p>\u0130hale Temmuz ay\u0131 i\u00e7erisinde<\/p>\n<p>&#8220;Temmuz ay\u0131nda yap\u0131lacak \u2018\u00c7\u0131\u011f \u00d6nleme Projesi\u2019 ihalesinden sonra tesiste \u00e7al\u0131\u015fmalar\u0131n ba\u015flayaca\u011f\u0131na inan\u0131yorum&#8221; diyen Eri\u015f, &#8220;Belediye olarak b\u00f6lge turizminin canland\u0131r\u0131lmas\u0131 amac\u0131yla \u00e7al\u0131\u015fmalar\u0131m\u0131z\u0131 s\u00fcrd\u00fcr\u00fcrken, kayak merkezinin yan\u0131nda, bungalov evlerin de i\u00e7inde bulundu\u011fu belediyemize ait alanda incelemeler yapt\u0131k. Burada kamp alan\u0131 olu\u015fturularak yaz ve k\u0131\u015f d\u00f6neminde b\u00f6lgeyi aktif hale getirmek istiyoruz. Ekiplerimiz burada \u00e7al\u0131\u015fmalar\u0131na ba\u015flad\u0131&#8221; dedi.<\/p>\n<p>Tesislere giden G\u00fcndalan mevki\u2019indeki vatanda\u015flarla sohbet eden Ba\u015fkan Mehmet Eri\u015f, \u201c\u0130zmir B\u00fcy\u00fck\u015fehir Belediye Ba\u015fkan\u0131m\u0131z Tun\u00e7 Soyer ile b\u00f6lgedeki \u00e7al\u0131\u015fmalar\u0131 koordineli olarak y\u00fcr\u00fct\u00fcyoruz. Kayak merkezi yolunun rehabilite edilmesi y\u00f6n\u00fcnde taleplerimiz en k\u0131sa zamanda sonu\u00e7land\u0131. B\u00fcy\u00fck\u015fehir ekipleri asfalt yama \u00e7al\u0131\u015fmalar\u0131n\u0131 b\u00fcy\u00fck \u00f6l\u00e7\u00fcde tamamlad\u0131. B\u00f6lge halk\u0131 ad\u0131na te\u015fekk\u00fcr ediyoruz; ayr\u0131ca k\u0131\u015f d\u00f6neminde yo\u011funlu\u011fun ya\u015fand\u0131\u011f\u0131 kayak merkezinin G\u00fcndalan mevkinde orman m\u00fcd\u00fcrl\u00fc\u011f\u00fc taraf\u0131ndan a\u00e7\u0131lan yolun alternatif yol olarak kullan\u0131lmas\u0131 y\u00f6n\u00fcnde tespitlerde bulunduk. Yolun asfaltlama \u00e7al\u0131\u015fmas\u0131n\u0131 da b\u00fcy\u00fck\u015fehirden destek alarak yapmay\u0131 planl\u0131yoruz&#8221; \u015feklinde aktard\u0131.<\/p>\n","protected":false},"excerpt":{"rendered":"<p>\u00d6DEM\u0130\u015e BELED\u0130YE BA\u015eKANI MEHMET ER\u0130\u015e, EGE B\u00d6LGES\u0130\u2019N\u0130N \u00d6NEML\u0130 TUR\u0130ZM MEKANLARINDAN BOZDA\u011e\u2019DA \u0130NCELEMELER YAPTI. ER\u0130\u015e, \u00c7I\u011e D\u00dc\u015eME TEHL\u0130KES\u0130 NEDEN\u0130YLE MERKEZ\u0130N B\u0130RKA\u00c7 YILDIR KAPALI OLDU\u011eUNU \u0130FADE EDEREK, &#8220;\u00c7I\u011e \u00d6NLEME PROJES\u0130&#8221; \u0130\u00c7\u0130N \u0130HALEN\u0130N TEMMUZ AYINDA YAPILACA\u011eINI S\u00d6YLED\u0130.<\/p>\n","protected":false},"author":1,"featured_media":178691,"comment_status":"closed","ping_status":"open","sticky":false,"template":"","format":"standard","meta":{"jetpack_post_was_ever_published":false,"_jetpack_newsletter_access":"","_jetpack_dont_email_post_to_subs":false,"_jetpack_newsletter_tier_id":0,"_jetpack_memberships_contains_paywalled_content":false,"_jetpack_memberships_contains_paid_content":false,"footnotes":"","jetpack_publicize_message":"","jetpack_publicize_feature_enabled":true,"jetpack_social_post_already_shared":true,"jetpack_social_options":{"image_generator_settings":{"template":"highway","default_image_id":0,"font":"","enabled":false},"version":2}},"categories":[1],"tags":[345,11977,5654,6950,3186,43820,5022,1148],"class_list":["post-178690","post","type-post","status-publish","format-standard","has-post-thumbnail","hentry","category-genel","tag-ayi","tag-bozdagda","tag-cig","tag-icerisinde","tag-ihalesi","tag-onleme","tag-projesinin","tag-temmuz"],"jetpack_publicize_connections":[],"jetpack_featured_media_url":"https:\/\/i0.wp.com\/www.tvturk.com\/wp-content\/uploads\/2019\/07\/bozdagda-cig-onleme-projesinin-ihalesi-temmuz-ayi-icerisinde_d76e1ce.jpg?fit=1000%2C562","jetpack_sharing_enabled":true,"jetpack_shortlink":"https:\/\/wp.me\/paKIfm-Ku6","_links":{"self":[{"href":"http:\/\/www.tvturk.com\/index.php\/wp-json\/wp\/v2\/posts\/178690","targetHints":{"allow":["GET"]}}],"collection":[{"href":"http:\/\/www.tvturk.com\/index.php\/wp-json\/wp\/v2\/posts"}],"about":[{"href":"http:\/\/www.tvturk.com\/index.php\/wp-json\/wp\/v2\/types\/post"}],"author":[{"embeddable":true,"href":"http:\/\/www.tvturk.com\/index.php\/wp-json\/wp\/v2\/users\/1"}],"replies":[{"embeddable":true,"href":"http:\/\/www.tvturk.com\/index.php\/wp-json\/wp\/v2\/comments?post=178690"}],"version-history":[{"count":0,"href":"http:\/\/www.tvturk.com\/index.php\/wp-json\/wp\/v2\/posts\/178690\/revisions"}],"wp:featuredmedia":[{"embeddable":true,"href":"http:\/\/www.tvturk.com\/index.php\/wp-json\/wp\/v2\/media\/178691"}],"wp:attachment":[{"href":"http:\/\/www.tvturk.com\/index.php\/wp-json\/wp\/v2\/media?parent=178690"}],"wp:term":[{"taxonomy":"category","embeddable":true,"href":"http:\/\/www.tvturk.com\/index.php\/wp-json\/wp\/v2\/categories?post=178690"},{"taxonomy":"post_tag","embeddable":true,"href":"http:\/\/www.tvturk.com\/index.php\/wp-json\/wp\/v2\/tags?post=178690"}],"curies":[{"name":"wp","href":"https:\/\/api.w.org\/{rel}","templated":true}]}}