{"id":178696,"date":"2019-07-06T15:16:27","date_gmt":"2019-07-06T12:16:27","guid":{"rendered":"http:\/\/www.tvturk.com\/index.php\/corlu-ve-ergene-osbukde-temsil-edilecek\/"},"modified":"2019-07-06T15:16:27","modified_gmt":"2019-07-06T12:16:27","slug":"corlu-ve-ergene-osbukde-temsil-edilecek","status":"publish","type":"post","link":"http:\/\/www.tvturk.com\/index.php\/corlu-ve-ergene-osbukde-temsil-edilecek\/","title":{"rendered":"\u00c7orlu ve Ergene OSB\u00dcK\u2019de temsil edilecek"},"content":{"rendered":"<p>Merkezi Ankara\u2019da bulunan Organize Sanayi B\u00f6lgeleri \u00dcst Kurulu\u015fu (OSB\u00dcK) Genel Kurulu ger\u00e7ekle\u015ftirildi. Mevcut Ba\u015fkan Memi\u015f K\u00fct\u00fck\u00e7\u00fc\u2019n\u00fcn g\u00fcven tazeledi\u011fi genel kurulda \u00c7orlu TSO Meclis Ba\u015fkan\u0131 da olan Ergene 2 OSB Y\u00f6netim Kurulu \u00dcyesi Erdim Noyan OSB\u00dcK y\u00f6netimine se\u00e7ildi.<\/p>\n<p>OSB\u00dcK\u2019\u00fcn 17. Genel Kurulu \u00f6nceki g\u00fcn ger\u00e7ekle\u015ftirildi. Konya OSB ve Konya Sanayi Odas\u0131 Ba\u015fkan\u0131 Memi\u015f K\u00fct\u00fckc\u00fc, \u00f6n\u00fcm\u00fczdeki 4 y\u0131l daha OSB\u00dcK\u2019\u00fcn y\u00f6netim kurulu ba\u015fkanl\u0131\u011f\u0131na se\u00e7ildi.<\/p>\n<p>K\u00fct\u00fckc\u00fc\u2019n\u00fcn ba\u015fkanl\u0131\u011f\u0131ndaki OSB\u00dcK y\u00f6netiminde K\u00fct\u00fck\u00e7\u00fc Konya OSB temsilcisi olarak yer al\u0131rken Salih Esen &#8211; \u0130zmir Menemen Plastik \u0130htisas OSB, Bekir S\u00fct\u00e7\u00fc, Adana Hac\u0131 Sabanc\u0131 OSB, Tahir Nursa\u00e7an, Kayseri OSB, Mustafa T\u00fcrker, Dilovas\u0131 OSB, Seyit Ard\u0131\u00e7, ASO 2. ve 3. OSB, Erol G\u00fclmez &#8211; Nil\u00fcfer OSB Erdin Noyan Ergene 2 OSB, Cengiz \u015eim\u015fek Gaziantep OSB, Ali \u0130hsan \u00d6zdo\u011fan Diyarbak\u0131r OSB, Adnan Kele\u015fo\u011flu  Beylikd\u00fcz\u00fc OSB temsilcisi olarak y\u00f6netim kurulunda yer ald\u0131lar.<\/p>\n<p>Y\u00f6netim kurulu yedek \u00fcyeliklerinde Denizli OSB\u2019den Necip Filiz, Antalya OSB\u2019den Ali Bahar, Samsun Merkez OSB\u2019den Fahri Eldemir, Sakarya Kaynarca Do\u011fu Marmara Makine \u0130malat, \u0130hracat OSB\u2019den G\u00fcnay G\u00fcne\u015f, Trabzon Arsin OSB\u2019den Sel\u00e7uk \u0130skender, Kastamonu OSB\u2019den Sebahattin \u0130\u015feri, Karaman OSB\u2019den Ali Altun, Nev\u015fehir Ac\u0131g\u00f6l OSB\u2019den Ali \u00d6bekli, Kaman OSB\u2019den Yakup E\u011fri, ing\u00f6l OSB\u2019den Mahmut Ayaz, Giresun 2 OSB\u2019den Ali Fato\u011flu isimleri yer ald\u0131.<\/p>\n","protected":false},"excerpt":{"rendered":"<p>\u00c7ORLU TSO MECL\u0130S BA\u015eKANI DA OLAN ERGENE 2 OSB Y\u00d6NET\u0130M KURULU \u00dcYES\u0130 ERD\u0130M NOYAN OSB\u00dcK Y\u00d6NET\u0130M\u0130NE SE\u00c7\u0130LD\u0130.<\/p>\n","protected":false},"author":1,"featured_media":178697,"comment_status":"closed","ping_status":"open","sticky":false,"template":"","format":"standard","meta":{"jetpack_post_was_ever_published":false,"_jetpack_newsletter_access":"","_jetpack_dont_email_post_to_subs":false,"_jetpack_newsletter_tier_id":0,"_jetpack_memberships_contains_paywalled_content":false,"_jetpack_memberships_contains_paid_content":false,"footnotes":"","jetpack_publicize_message":"","jetpack_publicize_feature_enabled":true,"jetpack_social_post_already_shared":true,"jetpack_social_options":{"image_generator_settings":{"template":"highway","default_image_id":0,"font":"","enabled":false},"version":2}},"categories":[1],"tags":[8686,6119,29939,43826,2671],"class_list":["post-178696","post","type-post","status-publish","format-standard","has-post-thumbnail","hentry","category-genel","tag-corlu","tag-edilecek","tag-ergene","tag-osbukde","tag-temsil"],"jetpack_publicize_connections":[],"jetpack_featured_media_url":"https:\/\/i0.wp.com\/www.tvturk.com\/wp-content\/uploads\/2019\/07\/corlu-ve-ergene-osbukde-temsil-edilecek_7ed1010.jpg?fit=1000%2C668","jetpack_sharing_enabled":true,"jetpack_shortlink":"https:\/\/wp.me\/paKIfm-Kuc","_links":{"self":[{"href":"http:\/\/www.tvturk.com\/index.php\/wp-json\/wp\/v2\/posts\/178696","targetHints":{"allow":["GET"]}}],"collection":[{"href":"http:\/\/www.tvturk.com\/index.php\/wp-json\/wp\/v2\/posts"}],"about":[{"href":"http:\/\/www.tvturk.com\/index.php\/wp-json\/wp\/v2\/types\/post"}],"author":[{"embeddable":true,"href":"http:\/\/www.tvturk.com\/index.php\/wp-json\/wp\/v2\/users\/1"}],"replies":[{"embeddable":true,"href":"http:\/\/www.tvturk.com\/index.php\/wp-json\/wp\/v2\/comments?post=178696"}],"version-history":[{"count":0,"href":"http:\/\/www.tvturk.com\/index.php\/wp-json\/wp\/v2\/posts\/178696\/revisions"}],"wp:featuredmedia":[{"embeddable":true,"href":"http:\/\/www.tvturk.com\/index.php\/wp-json\/wp\/v2\/media\/178697"}],"wp:attachment":[{"href":"http:\/\/www.tvturk.com\/index.php\/wp-json\/wp\/v2\/media?parent=178696"}],"wp:term":[{"taxonomy":"category","embeddable":true,"href":"http:\/\/www.tvturk.com\/index.php\/wp-json\/wp\/v2\/categories?post=178696"},{"taxonomy":"post_tag","embeddable":true,"href":"http:\/\/www.tvturk.com\/index.php\/wp-json\/wp\/v2\/tags?post=178696"}],"curies":[{"name":"wp","href":"https:\/\/api.w.org\/{rel}","templated":true}]}}