{"id":178734,"date":"2019-07-06T16:47:15","date_gmt":"2019-07-06T13:47:15","guid":{"rendered":"http:\/\/www.tvturk.com\/index.php\/kayserispor-omer-uzunu-transfer-etti\/"},"modified":"2019-07-06T16:47:15","modified_gmt":"2019-07-06T13:47:15","slug":"kayserispor-omer-uzunu-transfer-etti","status":"publish","type":"post","link":"http:\/\/www.tvturk.com\/index.php\/kayserispor-omer-uzunu-transfer-etti\/","title":{"rendered":"Kayserispor, \u00d6mer Uzun\u2019u transfer etti"},"content":{"rendered":"<p>\u0130stikbal Mobilya Kayserispor, Almanya\u2019n\u0131n VFL Bochum tak\u0131mda forma giyen 19 ya\u015f\u0131ndaki \u00d6mer Uzun ile 5 y\u0131ll\u0131k s\u00f6zle\u015fme imzalad\u0131.<\/p>\n<p>Spor Toto S\u00fcper Lig ekiplerinden \u0130stikbal Mobilya Kayserispor, 2019-2020 sezonu \u00f6ncesi transfer \u00e7al\u0131\u015fmalar\u0131na devam ediyor. Sar\u0131-k\u0131rm\u0131z\u0131l\u0131lar Ziya Alkurt, Mert Kula ve Umut Bulut\u2019tan sonra gen\u00e7 forvet \u00d6mer Uzun\u2019u transfer etti. Bug\u00fcn Kadir Has Tesisleri\u2019nde Ba\u015fkan Yard\u0131mc\u0131s\u0131 Serdar Mara\u015fl\u0131 ve T\u00fcrker Horoz kat\u0131ld\u0131\u011f\u0131 imza t\u00f6reninde gen\u00e7 oyuncu 5 y\u0131ll\u0131k s\u00f6zle\u015fmeye imza att\u0131.<\/p>\n<p>Kayserispor Kul\u00fcb\u00fcnden yap\u0131lan a\u00e7\u0131klamada, \u201c\u0130stikbal Mobilya Kayserispor\u2019umuz, ge\u00e7ti\u011fimiz sezon Alman VFL Bochum tak\u0131m\u0131nda forma giyen ve bulundu\u011fu ligde oynad\u0131\u011f\u0131 25 ma\u00e7ta 4 asist, 18 goll\u00fck performans\u0131 ile gol kral\u0131 olan ve T\u00fcrkiye U19 milli tak\u0131m\u0131m\u0131zda da forma giymi\u015f olan \u00d6mer Uzun ile 5 y\u0131ll\u0131k s\u00f6zle\u015fme imzalad\u0131. S\u00f6zle\u015fmenin her iki taraf i\u00e7in de hay\u0131rl\u0131 olmas\u0131n\u0131 temenni ederiz\u201d denildi.<\/p>\n<p>2018-2019 sezonunda Alman ekibi VFL Bochum tak\u0131m\u0131nda forma giyen \u00d6mer Uzun 25 ma\u00e7ta 18 gol ve 4 asist yapt\u0131. Uzun, ayn\u0131 zamanda T\u00fcrkiye U19 Milli tak\u0131m\u0131nda forma giyiyor.<\/p>\n","protected":false},"excerpt":{"rendered":"<p>\u0130ST\u0130KBAL MOB\u0130LYA KAYSER\u0130SPOR, ALMANYA&#8217;NIN VFL BOCHUM TAKIMDA FORMA G\u0130YEN 19 YA\u015eINDAK\u0130 \u00d6MER UZUN \u0130LE 5 YILLIK S\u00d6ZLE\u015eME \u0130MZALADI.<\/p>\n","protected":false},"author":1,"featured_media":178735,"comment_status":"closed","ping_status":"open","sticky":false,"template":"","format":"standard","meta":{"jetpack_post_was_ever_published":false,"_jetpack_newsletter_access":"","_jetpack_dont_email_post_to_subs":false,"_jetpack_newsletter_tier_id":0,"_jetpack_memberships_contains_paywalled_content":false,"_jetpack_memberships_contains_paid_content":false,"footnotes":"","jetpack_publicize_message":"","jetpack_publicize_feature_enabled":true,"jetpack_social_post_already_shared":true,"jetpack_social_options":{"image_generator_settings":{"template":"highway","default_image_id":0,"font":"","enabled":false},"version":2}},"categories":[657],"tags":[207,2627,1040,2518,43842],"class_list":["post-178734","post","type-post","status-publish","format-standard","has-post-thumbnail","hentry","category-spor","tag-etti","tag-kayserispor","tag-omer","tag-transfer","tag-uzunu"],"jetpack_publicize_connections":[],"jetpack_featured_media_url":"https:\/\/i0.wp.com\/www.tvturk.com\/wp-content\/uploads\/2019\/07\/kayserispor-omer-uzunu-transfer-etti_bcd5962.jpg?fit=1000%2C694","jetpack_sharing_enabled":true,"jetpack_shortlink":"https:\/\/wp.me\/paKIfm-KuO","_links":{"self":[{"href":"http:\/\/www.tvturk.com\/index.php\/wp-json\/wp\/v2\/posts\/178734","targetHints":{"allow":["GET"]}}],"collection":[{"href":"http:\/\/www.tvturk.com\/index.php\/wp-json\/wp\/v2\/posts"}],"about":[{"href":"http:\/\/www.tvturk.com\/index.php\/wp-json\/wp\/v2\/types\/post"}],"author":[{"embeddable":true,"href":"http:\/\/www.tvturk.com\/index.php\/wp-json\/wp\/v2\/users\/1"}],"replies":[{"embeddable":true,"href":"http:\/\/www.tvturk.com\/index.php\/wp-json\/wp\/v2\/comments?post=178734"}],"version-history":[{"count":0,"href":"http:\/\/www.tvturk.com\/index.php\/wp-json\/wp\/v2\/posts\/178734\/revisions"}],"wp:featuredmedia":[{"embeddable":true,"href":"http:\/\/www.tvturk.com\/index.php\/wp-json\/wp\/v2\/media\/178735"}],"wp:attachment":[{"href":"http:\/\/www.tvturk.com\/index.php\/wp-json\/wp\/v2\/media?parent=178734"}],"wp:term":[{"taxonomy":"category","embeddable":true,"href":"http:\/\/www.tvturk.com\/index.php\/wp-json\/wp\/v2\/categories?post=178734"},{"taxonomy":"post_tag","embeddable":true,"href":"http:\/\/www.tvturk.com\/index.php\/wp-json\/wp\/v2\/tags?post=178734"}],"curies":[{"name":"wp","href":"https:\/\/api.w.org\/{rel}","templated":true}]}}