{"id":178750,"date":"2019-07-06T17:31:20","date_gmt":"2019-07-06T14:31:20","guid":{"rendered":"http:\/\/www.tvturk.com\/index.php\/9-gun-surecek-geleneksel-boga-festivali-ispanyada-basladi\/"},"modified":"2019-07-06T17:31:20","modified_gmt":"2019-07-06T14:31:20","slug":"9-gun-surecek-geleneksel-boga-festivali-ispanyada-basladi","status":"publish","type":"post","link":"http:\/\/www.tvturk.com\/index.php\/9-gun-surecek-geleneksel-boga-festivali-ispanyada-basladi\/","title":{"rendered":"9 g\u00fcn s\u00fcrecek geleneksel bo\u011fa festivali \u0130spanya\u2019da ba\u015flad\u0131"},"content":{"rendered":"<p>\u0130spanya\u2019n\u0131n Pamplona kentinde her y\u0131l d\u00fczenlenen ve 9 g\u00fcn aral\u0131ks\u0131z s\u00fcren Bo\u011fa Festivali ba\u015flad\u0131.<\/p>\n<p>Geleneksel havai fi\u015feklerin patlamas\u0131yla \u0130spanya\u2019n\u0131n Pamplona kentinde her y\u0131l geleneksel olarak d\u00fczenlenen ve 9 g\u00fcn aral\u0131ks\u0131z s\u00fcren \u2018Bo\u011fa Festivali\u2019 ba\u015flad\u0131.<\/p>\n<p>Belediye binas\u0131n\u0131n balkonundan yap\u0131lan &#8220;Ya\u015fas\u0131n Pamplona\u201c duyurusu ile start alan festival 14 Temmuz\u2019a kadar 204 saat kesintisiz s\u00fcrecek. Beyaz k\u0131yafetler giyen ve geleneksel olarak k\u0131rm\u0131z\u0131 bir fular takan ko\u015fucular sal\u0131nan bo\u011falar\u0131n \u00f6n\u00fcnde ko\u015facaklar.<\/p>\n<p>Amerikal\u0131 romanc\u0131 Ernest Hemingway, her y\u0131l yakla\u015f\u0131k 1 milyon ziyaret\u00e7i \u00e7eken festivali \u00f6l\u00fcms\u00fczle\u015ftiren ki\u015fi olarak biliniyor. Yar\u0131n sabahtan itibaren cesur ko\u015fucular 850 metrelik bir sokak  boyunca bo\u011falar\u0131n boynuzlar\u0131na hedef olmamak i\u00e7in ko\u015facak. Zaman zaman \u00f6l\u00fcmc\u00fcl olan bu festivalde hem izleyicilerin hem de izleyenlerin g\u00fcvenli\u011fini sa\u011flamak i\u00e7in \u015fehrin ortas\u0131na \u00e7itler kuruluyor. Ayr\u0131ca bo\u011fa \u00e7obanlar\u0131, bo\u011falar\u0131n arkas\u0131ndan ko\u015fuyor. Bo\u011falar\u0131n d\u00f6nmesini ve geriye do\u011fru ko\u015farak izleyicilerin \u00fczerine ko\u015fmalar\u0131n\u0131 engelliyor. Bo\u011fa g\u00fcre\u015fi bilgisine sahip dobladores denilen bu insanlar, kendilerini kritik noktalara yerle\u015ftirerek, ko\u015fucular\u0131n bo\u011falar\u0131n boynuzlar\u0131ndan koruyorlar.<\/p>\n","protected":false},"excerpt":{"rendered":"<p>\u0130SPANYA\u2019NIN PAMPLONA KENT\u0130NDE HER YIL D\u00dcZENLENEN VE 9 G\u00dcN ARALIKSIZ S\u00dcREN BO\u011eA FEST\u0130VAL\u0130 BA\u015eLADI.<\/p>\n","protected":false},"author":1,"featured_media":178751,"comment_status":"closed","ping_status":"open","sticky":false,"template":"","format":"standard","meta":{"jetpack_post_was_ever_published":false,"_jetpack_newsletter_access":"","_jetpack_dont_email_post_to_subs":false,"_jetpack_newsletter_tier_id":0,"_jetpack_memberships_contains_paywalled_content":false,"_jetpack_memberships_contains_paid_content":false,"footnotes":"","jetpack_publicize_message":"","jetpack_publicize_feature_enabled":true,"jetpack_social_post_already_shared":true,"jetpack_social_options":{"image_generator_settings":{"template":"highway","default_image_id":0,"font":"","enabled":false},"version":2}},"categories":[10],"tags":[55,30144,3400,7470,2579,799,2130],"class_list":["post-178750","post","type-post","status-publish","format-standard","has-post-thumbnail","hentry","category-dunya","tag-basladi","tag-boga","tag-festivali","tag-geleneksel","tag-gun","tag-ispanyada","tag-surecek"],"jetpack_publicize_connections":[],"jetpack_featured_media_url":"https:\/\/i0.wp.com\/www.tvturk.com\/wp-content\/uploads\/2019\/07\/9-gun-surecek-geleneksel-boga-festivali-ispanyada-basladi_3708210.jpg?fit=1000%2C693","jetpack_sharing_enabled":true,"jetpack_shortlink":"https:\/\/wp.me\/paKIfm-Kv4","_links":{"self":[{"href":"http:\/\/www.tvturk.com\/index.php\/wp-json\/wp\/v2\/posts\/178750","targetHints":{"allow":["GET"]}}],"collection":[{"href":"http:\/\/www.tvturk.com\/index.php\/wp-json\/wp\/v2\/posts"}],"about":[{"href":"http:\/\/www.tvturk.com\/index.php\/wp-json\/wp\/v2\/types\/post"}],"author":[{"embeddable":true,"href":"http:\/\/www.tvturk.com\/index.php\/wp-json\/wp\/v2\/users\/1"}],"replies":[{"embeddable":true,"href":"http:\/\/www.tvturk.com\/index.php\/wp-json\/wp\/v2\/comments?post=178750"}],"version-history":[{"count":0,"href":"http:\/\/www.tvturk.com\/index.php\/wp-json\/wp\/v2\/posts\/178750\/revisions"}],"wp:featuredmedia":[{"embeddable":true,"href":"http:\/\/www.tvturk.com\/index.php\/wp-json\/wp\/v2\/media\/178751"}],"wp:attachment":[{"href":"http:\/\/www.tvturk.com\/index.php\/wp-json\/wp\/v2\/media?parent=178750"}],"wp:term":[{"taxonomy":"category","embeddable":true,"href":"http:\/\/www.tvturk.com\/index.php\/wp-json\/wp\/v2\/categories?post=178750"},{"taxonomy":"post_tag","embeddable":true,"href":"http:\/\/www.tvturk.com\/index.php\/wp-json\/wp\/v2\/tags?post=178750"}],"curies":[{"name":"wp","href":"https:\/\/api.w.org\/{rel}","templated":true}]}}