{"id":178758,"date":"2019-07-06T17:47:22","date_gmt":"2019-07-06T14:47:22","guid":{"rendered":"http:\/\/www.tvturk.com\/index.php\/baba-kiz-ayni-anda-mezun-oldu\/"},"modified":"2019-07-06T17:47:22","modified_gmt":"2019-07-06T14:47:22","slug":"baba-kiz-ayni-anda-mezun-oldu","status":"publish","type":"post","link":"http:\/\/www.tvturk.com\/index.php\/baba-kiz-ayni-anda-mezun-oldu\/","title":{"rendered":"Baba k\u0131z ayn\u0131 anda mezun oldu"},"content":{"rendered":"<p>Ni\u011fde \u00d6mer Halisdemir \u00dcniversitesi\u2019nde d\u00fczenlenen t\u00f6renle 3 bin \u00f6\u011frenci diplomalar\u0131n\u0131 ald\u0131. Mezun olanlar aras\u0131nda yer alan baba ve k\u0131z\u0131 da ayn\u0131 anda mezun olman\u0131n sevincini ya\u015fad\u0131.<\/p>\n<p>Ni\u011fde \u00d6mer Halisdemir \u00dcniversitesi 2018-2019 E\u011fitim-\u00d6\u011fretim Y\u0131l\u0131 Mezuniyet T\u00f6reni 15 Temmuz Milli \u0130rade Meydan\u0131\u2019nda ger\u00e7ekle\u015ftirildi. T\u00f6rene mezun olan 3 bin 100 \u00f6\u011frenci, aileleri ile Ni\u011fde Valisi Y\u0131lmaz \u015eim\u015fek, Ni\u011fde Belediye Ba\u015fkan\u0131 Emrah \u00d6zdemir, Ni\u011fde Cumhuriyet Ba\u015fsavc\u0131s\u0131 vekili Mustafa Seymen, Ni\u011fde \u00d6mer Halisdemir \u00dcniversitesi Rekt\u00f6r\u00fc Prof. Dr. Muhsin Kar, Ni\u011fde \u0130l Emniyet M\u00fcd\u00fcr\u00fc Salim Cebelo\u011flu, \u015eehit \u00d6mer Halisdemir\u2019in karde\u015fi Soner Halisdemir, kamu kurum ve kurulu\u015flar\u0131n\u0131n temsilcileri, akademik ve idari personel, davetliler, \u00f6\u011frenciler ve veliler kat\u0131ld\u0131.<\/p>\n<p>Ni\u011fde \u00d6mer Halisdemir \u00dcniversitesi Rekt\u00f6r\u00fc Prof. Dr. Muhsin Kar yapt\u0131\u011f\u0131 konu\u015fmada, 28 bini a\u015fan \u00f6\u011frencisi, 950 akademik ve bin 500 idari personel ile \u00fclkemize hizmet etmeye devam ettiklerini belirtti. \u00d6\u011frencilere, ailelere ve akademik personele te\u015fekk\u00fcr eden Prof. Dr. Kar, \u201c\u00dcniversitemiz ileri ara\u015ft\u0131rma merkezleri ile bilimsel ve teknolojik geli\u015fmelere \u00f6nemli katk\u0131larda bulunmakta payda\u015flarla ili\u015fkiler ve \u00f6zellikle \u00fcniversite sanayi i\u015f birli\u011fi alan\u0131nda \u00f6rnek say\u0131labilecek projeler ger\u00e7ekle\u015ftirmekte ve uluslararas\u0131la\u015fma \u00e7abalar\u0131 ile \u00e7ekim merkezi olmaya \u00e7al\u0131\u015fmaktad\u0131r\u201d dedi.<\/p>\n<p>Ni\u011fde Valisi Y\u0131lmaz \u015eim\u015fek ise, \u201cBug\u00fcn mezun oldunuz. Uzun ve yorucu bir maratonu geride ba\u015far\u0131yla ve sab\u0131rla tamamlad\u0131n\u0131z ve bunun hakl\u0131 gururunu hep birlikte ya\u015f\u0131yorsunuz. Her biti\u015f bir ba\u015flang\u0131\u00e7t\u0131r. Bug\u00fcn hayat\u0131n\u0131zda yeni bir ba\u015flang\u0131ca ad\u0131m at\u0131yorsunuz,  bundan sonra art\u0131k \u00f6\u011frendiklerinizi uygulamaya ge\u00e7irerek kendi ayaklar\u0131n\u0131z\u0131n \u00fczerinde duraca\u011f\u0131n\u0131z ya\u015fam\u0131n ba\u015fka bir evresine ad\u0131m at\u0131yorsunuz. Hayat\u0131n\u0131z\u0131n bundan sonraki diliminde hepinizin farkl\u0131 farkl\u0131 g\u00f6revleri olacak. Kiminiz kamuda \u00e7al\u0131\u015facak, kiminiz kendi i\u015fini kuracak, kiminiz ise \u00f6zel sekt\u00f6rde yer alacak. Fakat hepinizin en b\u00fcy\u00fck ortak vazifesi Vatan\u0131m\u0131za, bayra\u011f\u0131n\u0131za, devletimize sahip \u00e7\u0131karak onu y\u00fcceltmek olacakt\u0131r\u201d dedi.<\/p>\n<p>Baba ve k\u0131z\u0131n mezuniyet sevinci<\/p>\n<p>Ni\u011fde \u00d6mer Halisdemir \u00dcniversitesi 2018-2019 E\u011fitim-\u00d6\u011fretim Y\u0131l\u0131nda e\u011fitimini tamamlayarak diploma almaya hak kazananlar aras\u0131nda 46 ya\u015f\u0131ndaki Mehmet Bulut ve k\u0131z\u0131 22 ya\u015f\u0131ndaki Esma Bulut da vard\u0131. Ni\u011fde \u00d6mer Halisdemir \u00dcniversitesi Radyo ve Televizyon Programc\u0131l\u0131\u011f\u0131 B\u00f6l\u00fcm\u00fc\u2019n\u00fc ba\u015far\u0131yla tamamlayan Mehmet Bulut ayn\u0131 \u00fcniversitenin Ebelik B\u00f6l\u00fcm\u00fc\u2019nde e\u011fitim alan k\u0131z\u0131 Esma Bulut\u2019la birlikte diploma alman\u0131n sevincini ya\u015fad\u0131.<\/p>\n<p>Mezuniyet co\u015fkusunu birlikte ya\u015famaktan duydu\u011fu mutlulu\u011fu dile getiren Esma Bulut, \u201cNi\u011fde \u00d6mer Halisdemir \u00dcniversitesi Ebelik B\u00f6l\u00fcm\u00fcnden mezun oldum. \u015eu an babamla birlikte mezun olman\u0131n gururunu ya\u015f\u0131yorum. \u00dcniversite s\u0131nav\u0131na birlikte haz\u0131rlanmad\u0131k asl\u0131nda ben 3. s\u0131n\u0131fa ba\u015flad\u0131\u011f\u0131mda babam 1. S\u0131n\u0131fa ba\u015flam\u0131\u015ft\u0131 ona yard\u0131mc\u0131 oldum \u00f6zellikle vize ve final haftalar\u0131nda birbirimize destek olduk ve okulu \u00e7ok \u015f\u00fck\u00fcr bitirdik. Kendimi \u00f6ncellikle babamla birlikte mezun oldu\u011fum i\u00e7in ve ayn\u0131 okulda okudu\u011fum i\u00e7in \u00e7ok \u015fansl\u0131 hissediyorum bu benim i\u00e7in gurur verici ve \u015fuan \u00e7ok mutluyum\u201d dedi.<\/p>\n<p>Mehmet Bulut ise, \u201cNi\u011fde \u00d6mer Halisdemir \u00dcniversitesi Radyo Televizyon Programc\u0131l\u0131\u011f\u0131 mezunuyum. \u00dcniversite okumak i\u00e7imde bir uhde kalm\u0131\u015ft\u0131 ve bu hayalimi ger\u00e7ekle\u015ftirdim k\u0131z\u0131m sayesinde. Ayn\u0131 okulda beraber olman\u0131n mutlulu\u011fu i\u00e7indeyim. K\u0131z\u0131m destek olmasa okuyamazd\u0131m zaten y\u0131llard\u0131r hayalimdi hayalimi ger\u00e7ekle\u015ftirdim ve baba k\u0131z ayn\u0131 \u00fcniversiteden mezun olduk\u201d dedi.<\/p>\n<p>Konu\u015fmalar\u0131n ard\u0131ndan b\u00f6l\u00fcmlerinde ilk \u00fc\u00e7e giren mezun \u00f6\u011frencilere ba\u015far\u0131 belgeleri verildi, b\u00f6l\u00fcm birincilerinin k\u00fct\u00fcklere plaka \u00e7akmas\u0131 ile devam eden t\u00f6ren, keplerin havaya at\u0131lmas\u0131 ile sona erdi.<\/p>\n","protected":false},"excerpt":{"rendered":"<p>N\u0130\u011eDE \u00d6MER HAL\u0130SDEM\u0130R \u00dcN\u0130VERS\u0130TES\u0130 2018-2019 E\u011e\u0130T\u0130M-\u00d6\u011eRET\u0130M YILI MEZUN\u0130YET T\u00d6REN\u0130 \u00dcN\u0130VERS\u0130TE YERLE\u015eKES\u0130 15 TEMMUZ M\u0130LL\u0130 \u0130RADE MEYDANI\u2019NDA GER\u00c7EKLE\u015eT\u0130R\u0130LD\u0130<\/p>\n","protected":false},"author":1,"featured_media":178759,"comment_status":"closed","ping_status":"open","sticky":false,"template":"","format":"standard","meta":{"jetpack_post_was_ever_published":false,"_jetpack_newsletter_access":"","_jetpack_dont_email_post_to_subs":false,"_jetpack_newsletter_tier_id":0,"_jetpack_memberships_contains_paywalled_content":false,"_jetpack_memberships_contains_paid_content":false,"footnotes":"","jetpack_publicize_message":"","jetpack_publicize_feature_enabled":true,"jetpack_social_post_already_shared":true,"jetpack_social_options":{"image_generator_settings":{"template":"highway","default_image_id":0,"font":"","enabled":false},"version":2}},"categories":[1],"tags":[1241,569,1360,4200,8906,77],"class_list":["post-178758","post","type-post","status-publish","format-standard","has-post-thumbnail","hentry","category-genel","tag-anda","tag-ayni","tag-baba","tag-kiz","tag-mezun","tag-oldu"],"jetpack_publicize_connections":[],"jetpack_featured_media_url":"https:\/\/i0.wp.com\/www.tvturk.com\/wp-content\/uploads\/2019\/07\/baba-kiz-ayni-anda-mezun-oldu_eb15875.jpg?fit=1000%2C666","jetpack_sharing_enabled":true,"jetpack_shortlink":"https:\/\/wp.me\/paKIfm-Kvc","_links":{"self":[{"href":"http:\/\/www.tvturk.com\/index.php\/wp-json\/wp\/v2\/posts\/178758","targetHints":{"allow":["GET"]}}],"collection":[{"href":"http:\/\/www.tvturk.com\/index.php\/wp-json\/wp\/v2\/posts"}],"about":[{"href":"http:\/\/www.tvturk.com\/index.php\/wp-json\/wp\/v2\/types\/post"}],"author":[{"embeddable":true,"href":"http:\/\/www.tvturk.com\/index.php\/wp-json\/wp\/v2\/users\/1"}],"replies":[{"embeddable":true,"href":"http:\/\/www.tvturk.com\/index.php\/wp-json\/wp\/v2\/comments?post=178758"}],"version-history":[{"count":0,"href":"http:\/\/www.tvturk.com\/index.php\/wp-json\/wp\/v2\/posts\/178758\/revisions"}],"wp:featuredmedia":[{"embeddable":true,"href":"http:\/\/www.tvturk.com\/index.php\/wp-json\/wp\/v2\/media\/178759"}],"wp:attachment":[{"href":"http:\/\/www.tvturk.com\/index.php\/wp-json\/wp\/v2\/media?parent=178758"}],"wp:term":[{"taxonomy":"category","embeddable":true,"href":"http:\/\/www.tvturk.com\/index.php\/wp-json\/wp\/v2\/categories?post=178758"},{"taxonomy":"post_tag","embeddable":true,"href":"http:\/\/www.tvturk.com\/index.php\/wp-json\/wp\/v2\/tags?post=178758"}],"curies":[{"name":"wp","href":"https:\/\/api.w.org\/{rel}","templated":true}]}}