{"id":178772,"date":"2019-07-06T19:01:46","date_gmt":"2019-07-06T16:01:46","guid":{"rendered":"http:\/\/www.tvturk.com\/index.php\/kayaliklardan-dusen-ogrenci-helikopterle-kurtarildi\/"},"modified":"2019-07-06T19:01:46","modified_gmt":"2019-07-06T16:01:46","slug":"kayaliklardan-dusen-ogrenci-helikopterle-kurtarildi","status":"publish","type":"post","link":"http:\/\/www.tvturk.com\/index.php\/kayaliklardan-dusen-ogrenci-helikopterle-kurtarildi\/","title":{"rendered":"Kayal\u0131klardan d\u00fc\u015fen \u00f6\u011frenci helikopterle kurtar\u0131ld\u0131"},"content":{"rendered":"<p>Isparta\u2019n\u0131n Aksu il\u00e7esinde Dedeg\u00f6l Da\u011f\u0131\u2019na arkada\u015flar\u0131yla yapt\u0131\u011f\u0131 t\u0131rman\u0131\u015f s\u0131ras\u0131nda kayal\u0131klardan d\u00fc\u015fen \u00f6\u011frenci helikopterle kurtar\u0131ld\u0131.<\/p>\n<p>Olay, Aksu il\u00e7esi Dedeg\u00f6l Da\u011f\u0131\u2019nda meydana geldi. Hasan Demirhan, Veli Karame\u015fe, Berkan Burak Dursun ve U\u011fur Ku\u015fcu\u2019nun, bu sabah saatlerinde yapt\u0131klar\u0131 t\u0131rman\u0131\u015f, neredeyse \u00f6\u011frencilerden birinin \u00f6l\u00fcm\u00fc ile sonu\u00e7lan\u0131yordu. 4 t\u0131p fak\u00fcltesi \u00f6\u011frencisi, Dedeg\u00f6l Da\u011f\u0131\u2019ndan ini\u015fe ge\u00e7tikleri s\u0131rada \u00f6\u011frencilerden Hasan Demirhan aya\u011f\u0131n\u0131n kaymas\u0131 sonucu kayal\u0131k alandan s\u00fcr\u00fcklenerek yakla\u015f\u0131k 20 metre a\u015fa\u011f\u0131 d\u00fc\u015ft\u00fc. Durumun bildirilmesi \u00fczerine, jandarma, AFAD ve UMKE ekipleri olay yerine sevk edilerek yaralanan \u00f6\u011frencinin sarp ve kayal\u0131k b\u00f6lgeden tahliyesi i\u00e7in \u00e7al\u0131\u015fma ba\u015flat\u0131ld\u0131.<\/p>\n<p>Yaral\u0131 \u00f6\u011frenci helikopterle kurtar\u0131ld\u0131<\/p>\n<p>Karadan tahliyenin yaral\u0131 \u00f6\u011frenci i\u00e7in risk te\u015fkil etmesi nedeniyle b\u00f6lgeye helikopter talep edildi. Ayd\u0131n Jandarma Filo Komutanl\u0131\u011f\u0131nca g\u00f6revlendirilen Skorsky tipi helikopter ile b\u00f6lgeye ula\u015fan Jandarma Arama Kurtarma Timi, yaralanan \u00f6\u011frenciyi bulundu\u011fu yerden kurtard\u0131. Kurtar\u0131lan \u00f6\u011frenci tedavi ve muayenesi i\u00e7in helikopterle hastaneye g\u00f6t\u00fcr\u00fcld\u00fc. Hastanede tedavi alt\u0131na al\u0131nan  \u00f6\u011frencinin, sa\u011fl\u0131k durumunun iyi oldu\u011fu bildirildi.<\/p>\n","protected":false},"excerpt":{"rendered":"<p>ISPARTA\u2019NIN AKSU \u0130L\u00c7ES\u0130NDE DEDEG\u00d6L DA\u011eI&#8217;NA ARKADA\u015eLARIYLA YAPTI\u011eI TIRMANI\u015e SIRASINDA KAYALIKLARDAN D\u00dc\u015eEN \u00d6\u011eRENC\u0130 HEL\u0130KOPTERLE KURTARILDI.<\/p>\n","protected":false},"author":1,"featured_media":178773,"comment_status":"closed","ping_status":"open","sticky":false,"template":"","format":"standard","meta":{"jetpack_post_was_ever_published":false,"_jetpack_newsletter_access":"","_jetpack_dont_email_post_to_subs":false,"_jetpack_newsletter_tier_id":0,"_jetpack_memberships_contains_paywalled_content":false,"_jetpack_memberships_contains_paid_content":false,"footnotes":"","jetpack_publicize_message":"","jetpack_publicize_feature_enabled":true,"jetpack_social_post_already_shared":true,"jetpack_social_options":{"image_generator_settings":{"template":"highway","default_image_id":0,"font":"","enabled":false},"version":2}},"categories":[1],"tags":[762,10044,9902,766,773],"class_list":["post-178772","post","type-post","status-publish","format-standard","has-post-thumbnail","hentry","category-genel","tag-dusen","tag-helikopterle","tag-kayaliklardan","tag-kurtarildi","tag-ogrenci"],"jetpack_publicize_connections":[],"jetpack_featured_media_url":"https:\/\/i0.wp.com\/www.tvturk.com\/wp-content\/uploads\/2019\/07\/kayaliklardan-dusen-ogrenci-helikopterle-kurtarildi_1928425.jpg?fit=1000%2C750","jetpack_sharing_enabled":true,"jetpack_shortlink":"https:\/\/wp.me\/paKIfm-Kvq","_links":{"self":[{"href":"http:\/\/www.tvturk.com\/index.php\/wp-json\/wp\/v2\/posts\/178772","targetHints":{"allow":["GET"]}}],"collection":[{"href":"http:\/\/www.tvturk.com\/index.php\/wp-json\/wp\/v2\/posts"}],"about":[{"href":"http:\/\/www.tvturk.com\/index.php\/wp-json\/wp\/v2\/types\/post"}],"author":[{"embeddable":true,"href":"http:\/\/www.tvturk.com\/index.php\/wp-json\/wp\/v2\/users\/1"}],"replies":[{"embeddable":true,"href":"http:\/\/www.tvturk.com\/index.php\/wp-json\/wp\/v2\/comments?post=178772"}],"version-history":[{"count":0,"href":"http:\/\/www.tvturk.com\/index.php\/wp-json\/wp\/v2\/posts\/178772\/revisions"}],"wp:featuredmedia":[{"embeddable":true,"href":"http:\/\/www.tvturk.com\/index.php\/wp-json\/wp\/v2\/media\/178773"}],"wp:attachment":[{"href":"http:\/\/www.tvturk.com\/index.php\/wp-json\/wp\/v2\/media?parent=178772"}],"wp:term":[{"taxonomy":"category","embeddable":true,"href":"http:\/\/www.tvturk.com\/index.php\/wp-json\/wp\/v2\/categories?post=178772"},{"taxonomy":"post_tag","embeddable":true,"href":"http:\/\/www.tvturk.com\/index.php\/wp-json\/wp\/v2\/tags?post=178772"}],"curies":[{"name":"wp","href":"https:\/\/api.w.org\/{rel}","templated":true}]}}