{"id":178780,"date":"2019-07-06T20:02:27","date_gmt":"2019-07-06T17:02:27","guid":{"rendered":"http:\/\/www.tvturk.com\/index.php\/caykur-rizespor-yeni-sezon-hazirliklarina-basladi\/"},"modified":"2019-07-06T20:02:27","modified_gmt":"2019-07-06T17:02:27","slug":"caykur-rizespor-yeni-sezon-hazirliklarina-basladi","status":"publish","type":"post","link":"http:\/\/www.tvturk.com\/index.php\/caykur-rizespor-yeni-sezon-hazirliklarina-basladi\/","title":{"rendered":"\u00c7aykur Rizespor, yeni sezon haz\u0131rl\u0131klar\u0131na ba\u015flad\u0131"},"content":{"rendered":"<p>Spor Toto S\u00fcper Lig ekiplerinden \u00c7aykur Rizespor, yeni sezonun haz\u0131rl\u0131klar\u0131na ba\u015flad\u0131.<\/p>\n<p>Karadeniz ekibi 2019-2020 Cemil Usta Sezonu\u2019nun \u00e7al\u0131\u015fmalar\u0131n\u0131 Mehmet Cengiz Tesisleri\u2019nde bug\u00fcn ger\u00e7ekle\u015ftirdi\u011fi antrenman ile ba\u015flad\u0131. Ye\u015fil-mavili ekip, Kul\u00fcp Ba\u015fkan\u0131 Hasan Kartal, y\u00f6netim kurulu \u00fcyeleri ve futbolcularla, dualarla sezona start verdi. Antrenmana yeni transfer El Kabir de kat\u0131ld\u0131.<\/p>\n<p>Antrenman \u00f6ncesi gazetecilerin sorular\u0131n\u0131 yan\u0131tlayan teknik adam \u0130smail Kartal, ba\u015far\u0131y\u0131 t\u00fcm \u015fehirle b\u00fct\u00fcnle\u015ferek ve hep birlikte el ele vererek yakalayacaklar\u0131n\u0131n alt\u0131n\u0131 \u00e7izdi. Kartal a\u00e7\u0131klamas\u0131nda \u015fu ifadelere yer verdi:<\/p>\n<p>\u201cBug\u00fcn sezona ba\u015flama g\u00fcn\u00fcm\u00fcz. Camiam\u0131za hay\u0131rl\u0131 olsun. Kazas\u0131z belas\u0131z, ba\u015far\u0131l\u0131 g\u00fczel bir sezon ge\u00e7irmemizi Allah nasip eder in\u015fallah. Ba\u015fkan\u0131m\u0131z, taraftarlar\u0131m\u0131z ve futbolcular\u0131m\u0131z ile hep birlikte \u00e7al\u0131\u015farak ba\u015far\u0131l\u0131 olaca\u011f\u0131z. Tabii ki burada ba\u015far\u0131 sadece bizde de\u011fil; en b\u00fcy\u00fck g\u00fcc\u00fcm\u00fcz taraftarlar\u0131m\u0131z. Bir ekip \u00e7al\u0131\u015fmas\u0131yla birlikte bu g\u00fczel \u015fehrimizi en g\u00fczel \u015fekilde temsil edece\u011fiz. Elimizden gelenin en iyisini yap\u0131p Rizespor\u2019u hak etti\u011fi yere ta\u015f\u0131yaca\u011f\u0131z.\u201d<\/p>\n<p>Yak\u0131n zamanda eksik mevkiler i\u00e7in takviyeleri tamamlayacaklar\u0131n\u0131 belirten teknik adam Kartal, lige en iyi \u015fekilde ba\u015flamak istediklerini belirtti. Kartal a\u00e7\u0131klamas\u0131nda \u015fu \u015fekilde devam etti:<\/p>\n<p>\u201cTransfer \u00e7ok kolay olan bir olay de\u011fil. B\u00fct\u00fcn g\u00fcc\u00fcm\u00fczle \u00e7al\u0131\u015f\u0131yoruz. G\u00f6n\u00fcl ister ki bug\u00fcn t\u00fcm oyuncular\u0131m\u0131zla antrenmana ba\u015flayabilseydik. Bug\u00fcn T\u00fcrkiye\u2019de bir\u00e7ok kul\u00fcpte bu b\u00f6yle. Bizler Rizespor\u2019a faydal\u0131 olabilecek oyuncular tercih ediyoruz. G\u00f6r\u00fc\u015fmelerimiz s\u00fcr\u00fcyor. \u00c7ok yak\u0131n zaman i\u00e7erisinde eksik mevkilerimiz i\u00e7in eksik oyuncular\u0131m\u0131z\u0131 aram\u0131za kataca\u011f\u0131z. Lige en iyi \u015fekilde ba\u015flamak istiyoruz.\u201d<\/p>\n<p>&#8220;Vedat Muri\u00e7 kal\u0131rsa \u00e7ok mutlu olurum.\u201d<\/p>\n<p>Teknik adam \u0130smail Kartal, transfer g\u00fcndemi hala devam eden Vedat Muri\u00e7 i\u00e7in yapt\u0131\u011f\u0131 a\u00e7\u0131klamada tak\u0131mda kalmas\u0131ndan mutlu olaca\u011f\u0131n\u0131n alt\u0131n\u0131 \u00e7izdi. Kartal, \u201cVedat Muri\u00e7\u2019in kalmas\u0131n\u0131 istiyorum. B\u00fct\u00fcn kul\u00fcpler santrafor ar\u0131yor. Kendisinin ve kul\u00fcb\u00fcn menfaati burada \u00e7ok \u00f6nemli. Kul\u00fcp menfaatleri do\u011frultusunda olabilirse olur olmazsa da kal\u0131rsa da \u00e7ok mutlu olurum. Hay\u0131rl\u0131s\u0131 ne ise o olsun\u201d dedi.<\/p>\n","protected":false},"excerpt":{"rendered":"<p>KARADEN\u0130Z EK\u0130B\u01302019-2020 CEM\u0130L USTA SEZONU\u2019NUN \u00c7ALI\u015eMALARINI MEHMET CENG\u0130Z TES\u0130SLER\u0130\u2019NDE BUG\u00dcN GER\u00c7EKLE\u015eT\u0130RD\u0130\u011e\u0130 ANTRENMAN \u0130LE BA\u015eLADI.<\/p>\n","protected":false},"author":1,"featured_media":178781,"comment_status":"closed","ping_status":"open","sticky":false,"template":"","format":"standard","meta":{"jetpack_post_was_ever_published":false,"_jetpack_newsletter_access":"","_jetpack_dont_email_post_to_subs":false,"_jetpack_newsletter_tier_id":0,"_jetpack_memberships_contains_paywalled_content":false,"_jetpack_memberships_contains_paid_content":false,"footnotes":"","jetpack_publicize_message":"","jetpack_publicize_feature_enabled":true,"jetpack_social_post_already_shared":true,"jetpack_social_options":{"image_generator_settings":{"template":"highway","default_image_id":0,"font":"","enabled":false},"version":2}},"categories":[657],"tags":[55,2855,778,2856,4954,87],"class_list":["post-178780","post","type-post","status-publish","format-standard","has-post-thumbnail","hentry","category-spor","tag-basladi","tag-caykur","tag-hazirliklarina","tag-rizespor","tag-sezon","tag-yeni"],"jetpack_publicize_connections":[],"jetpack_featured_media_url":"https:\/\/i0.wp.com\/www.tvturk.com\/wp-content\/uploads\/2019\/07\/caykur-rizespor-yeni-sezon-hazirliklarina-basladi_5f58e35.jpg?fit=1000%2C769","jetpack_sharing_enabled":true,"jetpack_shortlink":"https:\/\/wp.me\/paKIfm-Kvy","_links":{"self":[{"href":"http:\/\/www.tvturk.com\/index.php\/wp-json\/wp\/v2\/posts\/178780","targetHints":{"allow":["GET"]}}],"collection":[{"href":"http:\/\/www.tvturk.com\/index.php\/wp-json\/wp\/v2\/posts"}],"about":[{"href":"http:\/\/www.tvturk.com\/index.php\/wp-json\/wp\/v2\/types\/post"}],"author":[{"embeddable":true,"href":"http:\/\/www.tvturk.com\/index.php\/wp-json\/wp\/v2\/users\/1"}],"replies":[{"embeddable":true,"href":"http:\/\/www.tvturk.com\/index.php\/wp-json\/wp\/v2\/comments?post=178780"}],"version-history":[{"count":0,"href":"http:\/\/www.tvturk.com\/index.php\/wp-json\/wp\/v2\/posts\/178780\/revisions"}],"wp:featuredmedia":[{"embeddable":true,"href":"http:\/\/www.tvturk.com\/index.php\/wp-json\/wp\/v2\/media\/178781"}],"wp:attachment":[{"href":"http:\/\/www.tvturk.com\/index.php\/wp-json\/wp\/v2\/media?parent=178780"}],"wp:term":[{"taxonomy":"category","embeddable":true,"href":"http:\/\/www.tvturk.com\/index.php\/wp-json\/wp\/v2\/categories?post=178780"},{"taxonomy":"post_tag","embeddable":true,"href":"http:\/\/www.tvturk.com\/index.php\/wp-json\/wp\/v2\/tags?post=178780"}],"curies":[{"name":"wp","href":"https:\/\/api.w.org\/{rel}","templated":true}]}}