{"id":178842,"date":"2019-07-07T10:01:19","date_gmt":"2019-07-07T07:01:19","guid":{"rendered":"http:\/\/www.tvturk.com\/index.php\/suriyelilerin-donusu-icin-hummali-calisma\/"},"modified":"2019-07-07T10:01:19","modified_gmt":"2019-07-07T07:01:19","slug":"suriyelilerin-donusu-icin-hummali-calisma","status":"publish","type":"post","link":"http:\/\/www.tvturk.com\/index.php\/suriyelilerin-donusu-icin-hummali-calisma\/","title":{"rendered":"Suriyelilerin d\u00f6n\u00fc\u015f\u00fc i\u00e7in hummal\u0131 \u00e7al\u0131\u015fma"},"content":{"rendered":"<p>Suriye\u2019nin Azez kentinde binlerce Suriyelinin d\u00f6n\u00fc\u015f\u00fc i\u00e7in alt yap\u0131 \u00e7al\u0131\u015fmalar\u0131 t\u00fcm h\u0131z\u0131yla s\u00fcrerken, T\u00fcrk m\u00fcteahhitleri de in\u015faatlara ba\u015flad\u0131. \u0130n\u015faatlar bitti\u011finde binlerce Suriyeli \u00fclkesine d\u00f6necek.<\/p>\n<p>24 A\u011fustos 2016 tarihinde ba\u015flayan F\u0131rat Kalkan\u0131 harekat\u0131 ile ter\u00f6r \u00f6rg\u00fct\u00fc DEA\u015e\u2019tan temizlenen Suriye\u2019nin Azez kentinde hayat normale d\u00f6nerken, ticaret de canlanmaya ba\u015flad\u0131. Tar\u0131m ve hayvanc\u0131l\u0131kla u\u011fra\u015fan b\u00f6lge halk\u0131 T\u00fcrkiye\u2019nin b\u00f6lgeye istikrar getirmesiyle de b\u00f6lge ekonomisi her ge\u00e7en g\u00fcn daha h\u0131zl\u0131 canlan\u0131yor. Azez\u2019den T\u00fcrkiye\u2019ye g\u00f6\u00e7 eden binlerce Suriyeli i\u00e7in de h\u0131zl\u0131 bir \u015fekilde T\u00fcrk m\u00fcteahhitleri taraf\u0131ndan in\u015faatlara ba\u015fland\u0131. \u0130n\u015faatlar bitince T\u00fcrkiye\u2019ye g\u00f6\u00e7 eden binlerce Suriyeli i\u00e7in \u00fclkesine d\u00f6n\u00fc\u015f kap\u0131s\u0131 a\u00e7\u0131lacak. \u00d6zellikle bir\u00e7ok binan\u0131n y\u0131k\u0131lmas\u0131yla konut s\u0131k\u0131nt\u0131s\u0131n\u0131n ya\u015fand\u0131\u011f\u0131 b\u00f6lgede in\u015faatlara h\u0131z verildi.<\/p>\n<p>Azez\u2019de ya\u015fayan T\u00fcrkmen Mustafa \u00d6mero\u011flu T\u00fcrkiye\u2019ye te\u015fekk\u00fcr ederek, \u201cT\u00fcrkiye\u2019nin b\u00f6lgeye girmesinin ard\u0131ndan b\u00f6lgede hayat normale d\u00f6nmeye ba\u015flad\u0131. Yol \u00e7al\u0131\u015fmalar\u0131 alt yap\u0131 \u00fcst yap\u0131 ve in\u015faatlar durmadan devam ediyor. Bu in\u015faatlar ve alt yap\u0131 \u00e7al\u0131\u015fmalar\u0131 bittikten sonra T\u00fcrkiye\u2019deki Suriyelilerin \u00e7o\u011fu tekrar buraya d\u00f6necek\u201d diye konu\u015ftu.<\/p>\n","protected":false},"excerpt":{"rendered":"<p>SUR\u0130YE\u2019N\u0130N AZEZ KENT\u0130NDE B\u0130NLERCE SUR\u0130YEL\u0130N\u0130N D\u00d6N\u00dc\u015e\u00dc \u0130\u00c7\u0130N ALT YAPI \u00c7ALI\u015eMALARI T\u00dcM HIZIYLA S\u00dcRERKEN, T\u00dcRK M\u00dcTEAHH\u0130TLER\u0130 DE \u0130N\u015eAATLARA BA\u015eLADI.<\/p>\n","protected":false},"author":1,"featured_media":178843,"comment_status":"closed","ping_status":"open","sticky":false,"template":"","format":"standard","meta":{"jetpack_post_was_ever_published":false,"_jetpack_newsletter_access":"","_jetpack_dont_email_post_to_subs":false,"_jetpack_newsletter_tier_id":0,"_jetpack_memberships_contains_paywalled_content":false,"_jetpack_memberships_contains_paid_content":false,"footnotes":"","jetpack_publicize_message":"","jetpack_publicize_feature_enabled":true,"jetpack_social_post_already_shared":true,"jetpack_social_options":{"image_generator_settings":{"template":"highway","default_image_id":0,"font":"","enabled":false},"version":2}},"categories":[10],"tags":[322,13825,40417,44,37566],"class_list":["post-178842","post","type-post","status-publish","format-standard","has-post-thumbnail","hentry","category-dunya","tag-calisma","tag-donusu","tag-hummali","tag-icin","tag-suriyelilerin"],"jetpack_publicize_connections":[],"jetpack_featured_media_url":"https:\/\/i0.wp.com\/www.tvturk.com\/wp-content\/uploads\/2019\/07\/suriyelilerin-donusu-icin-hummali-calisma_c4b2d13.jpg?fit=1000%2C750","jetpack_sharing_enabled":true,"jetpack_shortlink":"https:\/\/wp.me\/paKIfm-Kwy","_links":{"self":[{"href":"http:\/\/www.tvturk.com\/index.php\/wp-json\/wp\/v2\/posts\/178842","targetHints":{"allow":["GET"]}}],"collection":[{"href":"http:\/\/www.tvturk.com\/index.php\/wp-json\/wp\/v2\/posts"}],"about":[{"href":"http:\/\/www.tvturk.com\/index.php\/wp-json\/wp\/v2\/types\/post"}],"author":[{"embeddable":true,"href":"http:\/\/www.tvturk.com\/index.php\/wp-json\/wp\/v2\/users\/1"}],"replies":[{"embeddable":true,"href":"http:\/\/www.tvturk.com\/index.php\/wp-json\/wp\/v2\/comments?post=178842"}],"version-history":[{"count":0,"href":"http:\/\/www.tvturk.com\/index.php\/wp-json\/wp\/v2\/posts\/178842\/revisions"}],"wp:featuredmedia":[{"embeddable":true,"href":"http:\/\/www.tvturk.com\/index.php\/wp-json\/wp\/v2\/media\/178843"}],"wp:attachment":[{"href":"http:\/\/www.tvturk.com\/index.php\/wp-json\/wp\/v2\/media?parent=178842"}],"wp:term":[{"taxonomy":"category","embeddable":true,"href":"http:\/\/www.tvturk.com\/index.php\/wp-json\/wp\/v2\/categories?post=178842"},{"taxonomy":"post_tag","embeddable":true,"href":"http:\/\/www.tvturk.com\/index.php\/wp-json\/wp\/v2\/tags?post=178842"}],"curies":[{"name":"wp","href":"https:\/\/api.w.org\/{rel}","templated":true}]}}