{"id":178858,"date":"2019-07-07T10:31:29","date_gmt":"2019-07-07T07:31:29","guid":{"rendered":"http:\/\/www.tvturk.com\/index.php\/universite-ogrencileri-kendi-imkanlariyla-okullari-guzellestiriyor\/"},"modified":"2019-07-07T10:31:29","modified_gmt":"2019-07-07T07:31:29","slug":"universite-ogrencileri-kendi-imkanlariyla-okullari-guzellestiriyor","status":"publish","type":"post","link":"http:\/\/www.tvturk.com\/index.php\/universite-ogrencileri-kendi-imkanlariyla-okullari-guzellestiriyor\/","title":{"rendered":"\u00dcniversite \u00f6\u011frencileri kendi imkanlar\u0131yla okullar\u0131 g\u00fczelle\u015ftiriyor"},"content":{"rendered":"<p>Bir grup g\u00f6n\u00fcll\u00fc \u00fcniversite \u00f6\u011frencisi, sosyal sorumluluk projeleri kapsam\u0131nda okullarda al\u00e7\u0131pan uygulamas\u0131, fayans d\u00f6\u015feme, boyama yaparak okullar\u0131 g\u00fczelle\u015ftiriyor.<\/p>\n<p>Sosyal sorumluluk projelerine g\u00f6n\u00fcl vermi\u015f Erciyes \u00dcniversitesi Mimarl\u0131k Fak\u00fcltesi \u00f6\u011frencisi bir grup \u00f6\u011frenci, k\u00f6y okullar\u0131n\u0131 g\u00fczelle\u015ftirmeye devam ediyor. Bu kapsamda \u0130skele Kul\u00fcb\u00fc ad\u0131 alt\u0131nda toplanan \u00fcniversite \u00f6\u011frencileri, Tomarza il\u00e7esinde bulunan \u015eehit Jandarma \u00dcste\u011fmen Efkan Cengiz Ortaokulu\u2019nun bir s\u0131n\u0131f\u0131n\u0131n duvarlar\u0131, tavan\u0131, yer d\u00f6\u015feme ve boyas\u0131 \u00fczerinde \u00e7al\u0131\u015fma yapt\u0131. Yakla\u015f\u0131k 10 g\u00fcnd\u00fcr \u00e7al\u0131\u015ft\u0131klar\u0131n\u0131 ve b\u00fct\u00fcn okullar g\u00fczelle\u015fene kadar \u00e7al\u0131\u015fmaya devam edeceklerini belirten \u0130skele Kul\u00fcb\u00fc Ba\u015fkan\u0131 Beyza Binay, \u201cErciyes \u00dcniversitesi Mimarl\u0131k Fak\u00fcltesinde okuyan sosyal sorumluluk projelerine g\u00f6n\u00fcl vermi\u015f olan \u00f6\u011frencilerden olu\u015fan bir kul\u00fcb\u00fcz. Burada \u015eehit Jandarma Efkan Cengiz Ortaokuluna bir uygulama yap\u0131yoruz. Daha \u00f6nce kendi okulumuza bir pilot uygulamam\u0131z olmu\u015ftu. Biz okul ararken Milli E\u011fitim M\u00fcd\u00fcrl\u00fc\u011f\u00fcnden okul bulmam\u0131za yard\u0131mc\u0131 olmalar\u0131 i\u00e7in talepte bulunduk. O s\u0131rada Yar\u0131m Elma G\u00f6n\u00fcll\u00fcleri Derne\u011fi bizimle bir ortakl\u0131k yapmak istediler. Onlar okullara robotik kodlama setleri alacaklar\u0131n\u0131 s\u00f6ylediler, bizden de bu s\u0131n\u0131flar\u0131 g\u00fczelle\u015ftirmemizi istediler. Biz de kollar\u0131m\u0131z\u0131 s\u0131vad\u0131k ve ba\u015flad\u0131k. Tasar\u0131mlar\u0131m\u0131z yapt\u0131k r\u00f6l\u00f6velerimizi ald\u0131k ve tekrar tasar\u0131mlara ba\u015flad\u0131k. Sponsorlarla g\u00f6r\u00fc\u015f\u00fcld\u00fc ve \u015fu anda uygulaman\u0131n 10. g\u00fcn\u00fcndeyiz. Yakla\u015f\u0131k 3-4 g\u00fcne daha ihtiyac\u0131m\u0131z var bitmesi i\u00e7in. Neler yapt\u0131\u011f\u0131m\u0131za ge\u00e7mek gerekirse burada \u00f6nceden kolonlar g\u00f6r\u00fcn\u00fcyordu. Duvar e\u015fitledik, al\u00e7\u0131pan uygulamas\u0131 yapt\u0131k, kiri\u015fleri boyad\u0131k, sticker uygulamam\u0131z olacak. Boya ve s\u0131vam\u0131z\u0131 yapt\u0131k, parkeleri yeniledik, kaloriferin k\u00f6t\u00fc bir g\u00f6r\u00fcn\u00fc\u015f\u00fc oldu\u011funu d\u00fc\u015f\u00fcnd\u00fck ve boyad\u0131k. Masalar\u0131 birle\u015ftirerek tablalar kestiriyoruz, bir raf d\u00fczeni olu\u015fturduk. Bizim i\u00e7in de \u00e7ocuklar i\u00e7in de g\u00fczel bir \u00e7al\u0131\u015fma oldu. Sosyal sorumluluk projeleri kapsam\u0131nda biz bu okullar\u0131 g\u00fczelle\u015ftirmeye g\u00f6n\u00fcl verdik. Yap\u0131yoruz ve devam edece\u011fiz&#8221; dedi.<\/p>\n<p>\u00c7al\u0131\u015fmalar\u0131nda kendilerini yaln\u0131z b\u0131rakmayanlara da te\u015fekk\u00fcrlerini ileten Binay, &#8220;Ben en b\u00fcy\u00fck te\u015fekk\u00fcr\u00fc ekip arkada\u015flar\u0131ma ediyorum. Ger\u00e7ekten hi\u00e7bir zaman pes etmediler ve \u00e7al\u0131\u015fmaya devam ettiler. Ba\u015fta destek\u00e7ilerimizden Kayseri \u0130l Milli E\u011fitim M\u00fcd\u00fcr\u00fcm\u00fcz Celalettin Ekinci ve t\u00fcm sponsorlar\u0131m\u0131za \u00e7ok te\u015fekk\u00fcr ediyoruz. Bizler bu uygulamay\u0131 s\u00fcrekli devam ettirmek istiyoruz ve olabildi\u011fince \u00e7ok okula el atmak istiyoruz. B\u00fct\u00fcn okullar g\u00fczelle\u015fene kadar devam edece\u011fiz\u201d ifadelerini kulland\u0131.<\/p>\n","protected":false},"excerpt":{"rendered":"<p>B\u0130R GRUP G\u00d6N\u00dcLL\u00dc \u00dcN\u0130VERS\u0130TE \u00d6\u011eRENC\u0130S\u0130, SOSYAL SORUMLULUK PROJELER\u0130 KAPSAMINDA OKULLARDA AL\u00c7IPAN UYGULAMASI, FAYANS D\u00d6\u015eEME, BOYAMA YAPARAK OKULLARI G\u00dcZELLE\u015eT\u0130R\u0130YOR.<\/p>\n","protected":false},"author":1,"featured_media":178859,"comment_status":"closed","ping_status":"open","sticky":false,"template":"","format":"standard","meta":{"jetpack_post_was_ever_published":false,"_jetpack_newsletter_access":"","_jetpack_dont_email_post_to_subs":false,"_jetpack_newsletter_tier_id":0,"_jetpack_memberships_contains_paywalled_content":false,"_jetpack_memberships_contains_paid_content":false,"footnotes":"","jetpack_publicize_message":"","jetpack_publicize_feature_enabled":true,"jetpack_social_post_already_shared":true,"jetpack_social_options":{"image_generator_settings":{"template":"highway","default_image_id":0,"font":"","enabled":false},"version":2}},"categories":[1],"tags":[43879,11961,5646,1491,12352,1281],"class_list":["post-178858","post","type-post","status-publish","format-standard","has-post-thumbnail","hentry","category-genel","tag-guzellestiriyor","tag-imkanlariyla","tag-kendi","tag-ogrencileri","tag-okullari","tag-universite"],"jetpack_publicize_connections":[],"jetpack_featured_media_url":"https:\/\/i0.wp.com\/www.tvturk.com\/wp-content\/uploads\/2019\/07\/universite-ogrencileri-kendi-imkanlariyla-okullari-guzellestiriyor_d10131f.jpg?fit=1000%2C666","jetpack_sharing_enabled":true,"jetpack_shortlink":"https:\/\/wp.me\/paKIfm-KwO","_links":{"self":[{"href":"http:\/\/www.tvturk.com\/index.php\/wp-json\/wp\/v2\/posts\/178858","targetHints":{"allow":["GET"]}}],"collection":[{"href":"http:\/\/www.tvturk.com\/index.php\/wp-json\/wp\/v2\/posts"}],"about":[{"href":"http:\/\/www.tvturk.com\/index.php\/wp-json\/wp\/v2\/types\/post"}],"author":[{"embeddable":true,"href":"http:\/\/www.tvturk.com\/index.php\/wp-json\/wp\/v2\/users\/1"}],"replies":[{"embeddable":true,"href":"http:\/\/www.tvturk.com\/index.php\/wp-json\/wp\/v2\/comments?post=178858"}],"version-history":[{"count":0,"href":"http:\/\/www.tvturk.com\/index.php\/wp-json\/wp\/v2\/posts\/178858\/revisions"}],"wp:featuredmedia":[{"embeddable":true,"href":"http:\/\/www.tvturk.com\/index.php\/wp-json\/wp\/v2\/media\/178859"}],"wp:attachment":[{"href":"http:\/\/www.tvturk.com\/index.php\/wp-json\/wp\/v2\/media?parent=178858"}],"wp:term":[{"taxonomy":"category","embeddable":true,"href":"http:\/\/www.tvturk.com\/index.php\/wp-json\/wp\/v2\/categories?post=178858"},{"taxonomy":"post_tag","embeddable":true,"href":"http:\/\/www.tvturk.com\/index.php\/wp-json\/wp\/v2\/tags?post=178858"}],"curies":[{"name":"wp","href":"https:\/\/api.w.org\/{rel}","templated":true}]}}